{"id":53078,"date":"2023-09-20T14:08:14","date_gmt":"2023-09-20T14:08:14","guid":{"rendered":"https:\/\/blog.corretoraideal.com.br\/?p=53078"},"modified":"2023-09-20T14:08:14","modified_gmt":"2023-09-20T14:08:14","slug":"fazenda-diz-que-nao-ve-aumento-do-imposto-de-importacao-para-compras-internacionais-no-horizonte-proximo-economia-g1","status":"publish","type":"post","link":"https:\/\/blog.corretoraideal.com.br\/index.php\/2023\/09\/20\/fazenda-diz-que-nao-ve-aumento-do-imposto-de-importacao-para-compras-internacionais-no-horizonte-proximo-economia-g1\/","title":{"rendered":"Fazenda diz que n\u00e3o v\u00ea aumento do imposto de importa\u00e7\u00e3o para compras internacionais no &#039;horizonte pr\u00f3ximo&#039; | Economia | G1"},"content":{"rendered":"<p>      1 de 1&#013;Dario Durigan, secret\u00e1rio-executivo do Minist\u00e9rio da Fazenda, em evento do IDP \u2014 Foto: IDP\/Youtube\/Reprodu\u00e7\u00e3o    <\/p>\n<p> Dario Durigan, secret\u00e1rio-executivo do Minist\u00e9rio da Fazenda, em evento do IDP \u2014 Foto: IDP\/Youtube\/Reprodu\u00e7\u00e3o <\/p>\n<p> O secret\u00e1rio-executivo do <a class href=\"https:\/\/g1.globo.com\/tudo-sobre\/ministerio-da-fazenda\/\">Minist\u00e9rio da Fazenda<\/a>, Dario Durigan, disse nesta quarta-feira (20) que a pasta n\u00e3o v\u00ea no &quot;horizonte pr\u00f3ximo&quot; a possibilidade de aumento da al\u00edquota do imposto de importa\u00e7\u00e3o para as empresas que aderirem ao programa Remessa Conforme, da Receita Federal. Hoje, a taxa \u00e9 zero para compras online de at\u00e9 US$ 50.  <\/p>\n<p> &quot;A gente s\u00f3 vai fazer revis\u00e3o quando tivermos todas as informa\u00e7\u00f5es, que dialogue com as empresas, dialogue com o varejo, bata os n\u00fameros, e veja se de fato est\u00e1 havendo falta de isonomia tribut\u00e1ria. O Minist\u00e9rio da Fazenda quer que haja concorr\u00eancia&quot;, disse. <\/p>\n<p> O &#x27;e-commerce&#x27; veio e veio para ficar. O lojista brasileiro tem seu lugar e sua pauta. Tem de haver o equil\u00edbrio disso. N\u00e3o pode haver preda\u00e7\u00e3o entre um e outro&quot;, declarou Durigan. <\/p>\n<p> A declara\u00e7\u00e3o foi dada durante participa\u00e7\u00e3o em evento do Instituto Brasileiro de Ensino, Desenvolvimento e Pesquisa (IDP), sobre &quot;Tributa\u00e7\u00e3o do Com\u00e9rcio Eletr\u00f4nico Transfronteiri\u00e7o e Justi\u00e7a Tribut\u00e1ria&quot;. <\/p>\n<p> No in\u00edcio deste m\u00eas, Durigan afirmou que o <a class href=\"https:\/\/g1.globo.com\/economia\/noticia\/2023\/09\/01\/governo-considera-imposto-de-importacao-minimo-de-20percent-para-taxar-encomendas-internacionais-mas-valor-nao-foi-definido.ghtml\">governo federal avalia a cobran\u00e7a de um imposto de importa\u00e7\u00e3o, a partir do patamar de 20%<\/a>, no processo de regulariza\u00e7\u00e3o das encomendas vindas do exterior. <strong>A esse valor, vai se somar o ICMS estadual, que foi fixado em 17%.<\/strong> <\/p>\n<p> Naquele momento, o Instituto para Desenvolvimento do Varejo (IDV) afirmou que o patamar m\u00ednimo de 20% para o imposto de importa\u00e7\u00e3o prejudica empresas brasileiras na competi\u00e7\u00e3o com as estrangeiras. <\/p>\n<p> &quot;O patamar m\u00ednimo de 20% \u00e9 muito aqu\u00e9m da necessidade para se ter uma competi\u00e7\u00e3o ison\u00f4mica, portanto, n\u00e3o aceit\u00e1vel. Basta ver o estudo do IDV\/IBPT, no qual a carga tribut\u00e1ria efetiva m\u00e9dia \u00e9 de 85%. Caso ocorra a implanta\u00e7\u00e3o da al\u00edquota de 20%, a destrui\u00e7\u00e3o de empresas e empregos continuar\u00e1, em especial nas m\u00e9dias e pequenas&quot;, afirmou a entidade, por meio de nota. <\/p>\n<p><h2>Novas regras de com\u00e9rcio eletr\u00f4nico<\/h2>\n<\/p>\n<p>                   <img loading=\"lazy\" decoding=\"async\" class=\"aligncenter size-full wp-image-53080\" src=\"https:\/\/blog.corretoraideal.com.br\/wp-content\/uploads\/2023\/09\/governo-cria-regras-para-compras-internacionais-de-ate-us-50-na-internet-1.jpeg\" alt=\"Governo cria regras para compras internacionais de at\u00e9 US$ 50 na internet\" width=\"800\" height=\"400\" \/>      <\/p>\n<p> Governo cria regras para compras internacionais de at\u00e9 US$ 50 na internet <\/p>\n<p> No in\u00edcio de agosto, entraram em vigor novas regras para <a class href=\"https:\/\/g1.globo.com\/jornal-nacional\/noticia\/2023\/07\/31\/novas-regras-para-compras-internacionais-de-ate-us-50-entram-em-vigor-na-terca-feira-1o.ghtml\">compras internacionais de at\u00e9 US$ 50<\/a>. A mudan\u00e7a atinge apenas as compras feitas pela internet, por pessoas f\u00edsicas no Brasil, em empresas fora do pa\u00eds. <\/p>\n<p> <strong>Veja as normas:<\/strong> <\/p>\n<ul>\n<li>As regras atuais, com isen\u00e7\u00e3o de imposto de importa\u00e7\u00e3o de 60% para remessas entre pessoas f\u00edsicas, continuam.<\/li>\n<li>Com a publica\u00e7\u00e3o do novo normativo pela Receita Federal, as empresas de com\u00e9rcio eletr\u00f4nico poder\u00e3o aderir a um programa de conformidade, que ser\u00e1 opcional.<\/li>\n<li>As empresas que aderirem ao programa da Receita ter\u00e3o o benef\u00edcio de isen\u00e7\u00e3o do imposto de importa\u00e7\u00e3o para compras de at\u00e9 US$ 50, que, sem a ades\u00e3o, s\u00f3 existem para remessas de pessoa f\u00edsica para pessoa f\u00edsica.<\/li>\n<li>Para compras acima de US$ 50, n\u00e3o muda nada nos tributos federais. Com isso, segue em vigor a tributa\u00e7\u00e3o de 60% do imposto de importa\u00e7\u00e3o.<\/li>\n<li>A declara\u00e7\u00e3o de importa\u00e7\u00e3o e o eventual pagamento dos tributos acontecer\u00e1 antes da chegada da mercadoria.<\/li>\n<li>O vendedor \u00e9 obrigado a informar ao consumidor a proced\u00eancia dos produtos e o valor total da mercadoria (com inclus\u00e3o dos tributos federais e estaduais).<\/li>\n<li>A portaria da Receita Federal n\u00e3o trata das regras de tributos estaduais, que s\u00e3o de compet\u00eancia de cada unidade da federa\u00e7\u00e3o.<\/li>\n<li>Em junho, os estados definiram por unanimidade, adotar uma al\u00edquota de 17% de Imposto sobre a Circula\u00e7\u00e3o de Mercadorias e Servi\u00e7os (ICMS) para as compras feitas em plataformas online de varejistas internacionais.<\/li>\n<\/ul>\n<p><h2>Aumento de declara\u00e7\u00f5es<\/h2>\n<\/p>\n<p> No fim de agosto, o secret\u00e1rio da Receita Federal, Robinson Barreirinhas, afirmou que h\u00e1 &quot;ilegalidade grande&quot; nas remessas de empresas de com\u00e9rcio eletr\u00f4nico de outros pa\u00edses ao Brasil, e <a class href=\"https:\/\/g1.globo.com\/economia\/noticia\/2023\/08\/23\/secretario-da-receita-ve-ilegalidade-grande-no-comercio-eletronico-internacional-e-promete-tentar-solucao-ate-o-fim-do-ano.ghtml\">prometeu tentar resolver o problema at\u00e9 o fim do ano.<\/a> <\/p>\n<p> Nesta quarta-feira (20), Dario Durigan explicou que as empresas que n\u00e3o aderirem ao programa Remessa Conforme, para regularizar as encomendas do exterior, ser\u00e3o taxadas em 60% com o imposto de importa\u00e7\u00e3o. <\/p>\n<p>&quot;Quem n\u00e3o aderir, vai ser cobrado. E nos casos de burla \u00e0 legisla\u00e7\u00e3o, vai ter outra consequ\u00eancia, podendo em casos mais graves ter consequ\u00eancia criminal. Aqui est\u00e1 sendo feito um processo com di\u00e1logo. Em \u00faltimo caso, n\u00e3o se quer trazer nenhum tipo de \u00f4nus ou tributa\u00e7\u00e3o al\u00e9m do que os consumidores devam pagar&quot;, acrescentou o secret\u00e1rio-executivo do Minist\u00e9rio da Fazenda. <\/p>\n<p> Na semana passada, a Receita Federal informou que a <a class href=\"https:\/\/g1.globo.com\/economia\/noticia\/2023\/09\/14\/shein-receita.ghtml\">Shein foi certificada para participar do Programa Remessa Conforme<\/a>. Com isso, o <a class href=\"https:\/\/g1.globo.com\/economia\/noticia\/2023\/09\/14\/com-entrada-da-shein-programa-reune-67percent-do-volume-de-remessas-enviadas-ao-pais-diz-receita.ghtml\">programa passou a reunir 67% do volume de remessas enviadas ao pa\u00eds. <\/a> <\/p>\n<p> De acordo com a Receita Federal, de janeiro a julho de 2023, as remessas enviadas ao pa\u00eds totalizaram cerca de 123 milh\u00f5es de volumes. Desse total, cerca de 83 milh\u00f5es de volumes chegaram ao pa\u00eds atrav\u00e9s de operadores de transporte que prestam servi\u00e7os \u00e0s empresas j\u00e1 certificadas. <\/p>\n<ul>\n<li> <a href=\"https:\/\/g1.globo.com\/tudo-sobre\/ministerio-da-fazenda\/\" class=\"entities__list-itemLink\" data-track-click=\"Minist\u00e9rio da Fazenda\"> Minist\u00e9rio da Fazenda <\/a> <\/li>\n<\/ul>\n","protected":false},"excerpt":{"rendered":"<p>1 de 1&#013;Dario Durigan, secret\u00e1rio-executivo do Minist\u00e9rio da Fazenda, em evento do IDP \u2014 Foto: IDP\/Youtube\/Reprodu\u00e7\u00e3o Dario Durigan, secret\u00e1rio-executivo do Minist\u00e9rio da Fazenda, em evento do IDP \u2014 Foto: IDP\/Youtube\/Reprodu\u00e7\u00e3o O secret\u00e1rio-executivo do Minist\u00e9rio da Fazenda, Dario Durigan, disse nesta quarta-feira (20) que a pasta n\u00e3o v\u00ea no &quot;horizonte pr\u00f3ximo&quot; a possibilidade de aumento da [&hellip;]<\/p>\n","protected":false},"author":1,"featured_media":0,"comment_status":"closed","ping_status":"closed","sticky":false,"template":"","format":"standard","meta":{"footnotes":""},"categories":[],"tags":[],"class_list":["post-53078","post","type-post","status-publish","format-standard","hentry"],"_links":{"self":[{"href":"https:\/\/blog.corretoraideal.com.br\/index.php\/wp-json\/wp\/v2\/posts\/53078","targetHints":{"allow":["GET"]}}],"collection":[{"href":"https:\/\/blog.corretoraideal.com.br\/index.php\/wp-json\/wp\/v2\/posts"}],"about":[{"href":"https:\/\/blog.corretoraideal.com.br\/index.php\/wp-json\/wp\/v2\/types\/post"}],"author":[{"embeddable":true,"href":"https:\/\/blog.corretoraideal.com.br\/index.php\/wp-json\/wp\/v2\/users\/1"}],"replies":[{"embeddable":true,"href":"https:\/\/blog.corretoraideal.com.br\/index.php\/wp-json\/wp\/v2\/comments?post=53078"}],"version-history":[{"count":1,"href":"https:\/\/blog.corretoraideal.com.br\/index.php\/wp-json\/wp\/v2\/posts\/53078\/revisions"}],"predecessor-version":[{"id":53081,"href":"https:\/\/blog.corretoraideal.com.br\/index.php\/wp-json\/wp\/v2\/posts\/53078\/revisions\/53081"}],"wp:attachment":[{"href":"https:\/\/blog.corretoraideal.com.br\/index.php\/wp-json\/wp\/v2\/media?parent=53078"}],"wp:term":[{"taxonomy":"category","embeddable":true,"href":"https:\/\/blog.corretoraideal.com.br\/index.php\/wp-json\/wp\/v2\/categories?post=53078"},{"taxonomy":"post_tag","embeddable":true,"href":"https:\/\/blog.corretoraideal.com.br\/index.php\/wp-json\/wp\/v2\/tags?post=53078"}],"curies":[{"name":"wp","href":"https:\/\/api.w.org\/{rel}","templated":true}]}}