{"id":53089,"date":"2023-09-20T16:29:50","date_gmt":"2023-09-20T16:29:50","guid":{"rendered":"https:\/\/blog.corretoraideal.com.br\/?p=53089"},"modified":"2023-09-20T16:29:50","modified_gmt":"2023-09-20T16:29:50","slug":"motorista-de-aplicativo-e-baleado-em-tentativa-de-assalto-em-campos-norte-fluminense-g1","status":"publish","type":"post","link":"https:\/\/blog.corretoraideal.com.br\/index.php\/2023\/09\/20\/motorista-de-aplicativo-e-baleado-em-tentativa-de-assalto-em-campos-norte-fluminense-g1\/","title":{"rendered":"Motorista de aplicativo \u00e9 baleado em tentativa de assalto em Campos | Norte Fluminense | G1"},"content":{"rendered":"<p>      1 de 1&#013;Carro do motorista de App baleado em Campos. \u2014 Foto: Phelipe Soares\/g1    <\/p>\n<p> Carro do motorista de App baleado em Campos. \u2014 Foto: Phelipe Soares\/g1 <\/p>\n<p> Um jovem de 23 anos foi baleado com um tiro na regi\u00e3o do pesco\u00e7o na manh\u00e3 desta quarta-feira (20) na rua dos Goytacazes com a Avenida Princesa Isabel, no parque Jo\u00e3o Maria em <a class href=\"https:\/\/g1.globo.com\/rj\/norte-fluminense\/cidade\/campos-dos-goytacazes\/\">Campos dos Goytacazes<\/a>, no Norte Fluminense. <\/p>\n<p> De acordo com a Pol\u00edcia Militar, a v\u00edtima levou um tiro no pesco\u00e7o em uma tentativa de assalto, em seguida o homem bateu com o carro e foi socorrido para o Hospital Ferreira Machado em estado grav\u00edssimo de sa\u00fade. <\/p>\n<p> Segundo o hospital, o jovem passou por uma cirurgia m\u00e9dica. At\u00e9 o momento nenhum suspeito foi encontrado e o policiamento foi refor\u00e7ado no local. <\/p>\n<ul>\n<li> <a href=\"https:\/\/g1.globo.com\/rj\/norte-fluminense\/cidade\/campos-dos-goytacazes\/\" class=\"entities__list-itemLink\" data-track-click=\"Campos dos Goytacazes\"> Campos dos Goytacazes <\/a> <\/li>\n<\/ul>\n","protected":false},"excerpt":{"rendered":"<p>1 de 1&#013;Carro do motorista de App baleado em Campos. \u2014 Foto: Phelipe Soares\/g1 Carro do motorista de App baleado em Campos. \u2014 Foto: Phelipe Soares\/g1 Um jovem de 23 anos foi baleado com um tiro na regi\u00e3o do pesco\u00e7o na manh\u00e3 desta quarta-feira (20) na rua dos Goytacazes com a Avenida Princesa Isabel, no [&hellip;]<\/p>\n","protected":false},"author":1,"featured_media":0,"comment_status":"closed","ping_status":"closed","sticky":false,"template":"","format":"standard","meta":{"footnotes":""},"categories":[],"tags":[],"class_list":["post-53089","post","type-post","status-publish","format-standard","hentry"],"_links":{"self":[{"href":"https:\/\/blog.corretoraideal.com.br\/index.php\/wp-json\/wp\/v2\/posts\/53089","targetHints":{"allow":["GET"]}}],"collection":[{"href":"https:\/\/blog.corretoraideal.com.br\/index.php\/wp-json\/wp\/v2\/posts"}],"about":[{"href":"https:\/\/blog.corretoraideal.com.br\/index.php\/wp-json\/wp\/v2\/types\/post"}],"author":[{"embeddable":true,"href":"https:\/\/blog.corretoraideal.com.br\/index.php\/wp-json\/wp\/v2\/users\/1"}],"replies":[{"embeddable":true,"href":"https:\/\/blog.corretoraideal.com.br\/index.php\/wp-json\/wp\/v2\/comments?post=53089"}],"version-history":[{"count":1,"href":"https:\/\/blog.corretoraideal.com.br\/index.php\/wp-json\/wp\/v2\/posts\/53089\/revisions"}],"predecessor-version":[{"id":53091,"href":"https:\/\/blog.corretoraideal.com.br\/index.php\/wp-json\/wp\/v2\/posts\/53089\/revisions\/53091"}],"wp:attachment":[{"href":"https:\/\/blog.corretoraideal.com.br\/index.php\/wp-json\/wp\/v2\/media?parent=53089"}],"wp:term":[{"taxonomy":"category","embeddable":true,"href":"https:\/\/blog.corretoraideal.com.br\/index.php\/wp-json\/wp\/v2\/categories?post=53089"},{"taxonomy":"post_tag","embeddable":true,"href":"https:\/\/blog.corretoraideal.com.br\/index.php\/wp-json\/wp\/v2\/tags?post=53089"}],"curies":[{"name":"wp","href":"https:\/\/api.w.org\/{rel}","templated":true}]}}