{"id":53092,"date":"2023-09-20T17:29:38","date_gmt":"2023-09-20T17:29:38","guid":{"rendered":"https:\/\/blog.corretoraideal.com.br\/?p=53092"},"modified":"2023-09-20T17:29:38","modified_gmt":"2023-09-20T17:29:38","slug":"clientes-lesados-pela-123-milhas-poderao-incluir-nome-em-lista-de-valores-a-receber-saiba-como-minas-gerais-g1","status":"publish","type":"post","link":"https:\/\/blog.corretoraideal.com.br\/index.php\/2023\/09\/20\/clientes-lesados-pela-123-milhas-poderao-incluir-nome-em-lista-de-valores-a-receber-saiba-como-minas-gerais-g1\/","title":{"rendered":"Clientes lesados pela 123 Milhas poder\u00e3o incluir nome em lista de valores a receber; saiba como | Minas Gerais | G1"},"content":{"rendered":"<p>      1 de 1&#013;Banner da 123 Milhas \u2014 Foto: Reprodu\u00e7\u00e3o\/TV Globo    <\/p>\n<p> Banner da 123 Milhas \u2014 Foto: Reprodu\u00e7\u00e3o\/TV Globo <\/p>\n<p> Os clientes que foram lesados pela <a class href=\"https:\/\/g1.globo.com\/economia\/noticia\/2023\/08\/30\/caso-123-milhas-entenda-o-que-acontece-agora.ghtml\">crise da 123 Milhas<\/a> podem acessar <a class href=\"https:\/\/rj123milhas.com.br\/#\/home\" target=\"_blank\" rel=\"noopener noreferrer\">o site &quot;RJ123Milhas&quot;<\/a> para pedir <strong>inclus\u00e3o<\/strong>, <strong>exclus\u00e3o <\/strong>ou <strong>apontar inconsist\u00eancias <\/strong>na lista de valores a receber. <\/p>\n<ul>\n<li>A plataforma foi criada ap\u00f3s pedido do Tribunal de Justi\u00e7a de Minas Gerais (TJMG) <a class href=\"https:\/\/g1.globo.com\/turismo-e-viagem\/noticia\/2023\/09\/01\/123-milhas-recuperacao-judicial-congela-processos-contra-empresa-temporariamente.ghtml\">como parte do processo de recupera\u00e7\u00e3o judicial da ag\u00eancia de viagens.<\/a><\/li>\n<li>A lista oficial com as pessoas com valores a receber ainda n\u00e3o foi disponibilizada. <\/li>\n<li>Ap\u00f3s a publica\u00e7\u00e3o, haver\u00e1 um prazo de <strong>quinze dias<\/strong> para habilita\u00e7\u00e3o de cr\u00e9dito (inclus\u00e3o do nome) ou diverg\u00eancia de cr\u00e9dito (exclus\u00e3o de nome ou corre\u00e7\u00e3o de valores).<\/li>\n<\/ul>\n<p> Duas administradoras judiciais ficaram respons\u00e1veis pela cria\u00e7\u00e3o da plataforma, ap\u00f3s nomea\u00e7\u00e3o da pela ju\u00edza Claudia Helena Batista, da 1\u00aa Vara Empresarial de <a class href=\"https:\/\/g1.globo.com\/mg\/minas-gerais\/cidade\/belo-horizonte\/\">Belo Horizonte<\/a>. <\/p>\n<p> Vale ressaltar que a administra\u00e7\u00e3o judicial conduzida pelas administradoras n\u00e3o tem rela\u00e7\u00e3o com a empresa 123 Milhas e n\u00e3o s\u00e3o respons\u00e1veis por pagamentos ou emiss\u00f5es de passagens. <\/p>\n<p> O intuito dessas nomea\u00e7\u00f5es \u00e9 auxiliar o Judici\u00e1rio no processo, considerando o grande n\u00famero de consumidores afetados, na facilita\u00e7\u00e3o de acordos coletivos e na verifica\u00e7\u00e3o de cr\u00e9ditos. <\/p>\n<p><h2>Passo a passo<\/h2>\n<\/p>\n<p> Para solicitar o requerimento para inclus\u00e3o ou exclus\u00e3o na lista de credores, basta seguir o passo a passo abaixo: <\/p>\n<li>Entre no site <a class href=\"https:\/\/rj123milhas.com.br\/#\/home\" target=\"_blank\" rel=\"noopener noreferrer\">RJ123Milhas clicando aqui<\/a>;<\/li>\n<li>Crie o cadastro na aba &quot;Cadastre-se\/Login&quot;;<\/li>\n<li>Preencha o formul\u00e1rio que estar\u00e1 dispon\u00edvel na aba &quot;\u00c1rea do Credor&quot;.<\/li>\n<p>                   <img loading=\"lazy\" decoding=\"async\" class=\"aligncenter size-full wp-image-53094\" src=\"https:\/\/blog.corretoraideal.com.br\/wp-content\/uploads\/2023\/09\/justica-determina-bloqueio-de-ate-r-50-milhoes-de-socios-da-123-milhas.jpeg\" alt=\"Justi\u00e7a determina bloqueio de at\u00e9 R$ 50 milh\u00f5es de s\u00f3cios da 123 Milhas\" width=\"800\" height=\"400\" \/>      <\/p>\n<p> Justi\u00e7a determina bloqueio de at\u00e9 R$ 50 milh\u00f5es de s\u00f3cios da 123 Milhas <\/p>\n<p><h2>V\u00eddeos mais assistidos do g1 MG<\/h2>\n<\/p>\n<p>   <a href=\"https:\/\/g1.globo.com\/mg\/minas-gerais\/playlist\/videos-mais-assistidos-do-g1-mg-nos-ultimos-7-dias.ghtml\">    50 v\u00eddeos      <\/a>   <\/p>\n<ul>\n<li> <a href=\"https:\/\/g1.globo.com\/mg\/minas-gerais\/cidade\/belo-horizonte\/\" class=\"entities__list-itemLink\" data-track-click=\"Belo Horizonte\"> Belo Horizonte <\/a> <\/li>\n<\/ul>\n","protected":false},"excerpt":{"rendered":"<p>1 de 1&#013;Banner da 123 Milhas \u2014 Foto: Reprodu\u00e7\u00e3o\/TV Globo Banner da 123 Milhas \u2014 Foto: Reprodu\u00e7\u00e3o\/TV Globo Os clientes que foram lesados pela crise da 123 Milhas podem acessar o site &quot;RJ123Milhas&quot; para pedir inclus\u00e3o, exclus\u00e3o ou apontar inconsist\u00eancias na lista de valores a receber. A plataforma foi criada ap\u00f3s pedido do Tribunal de [&hellip;]<\/p>\n","protected":false},"author":1,"featured_media":0,"comment_status":"closed","ping_status":"closed","sticky":false,"template":"","format":"standard","meta":{"footnotes":""},"categories":[],"tags":[],"class_list":["post-53092","post","type-post","status-publish","format-standard","hentry"],"_links":{"self":[{"href":"https:\/\/blog.corretoraideal.com.br\/index.php\/wp-json\/wp\/v2\/posts\/53092","targetHints":{"allow":["GET"]}}],"collection":[{"href":"https:\/\/blog.corretoraideal.com.br\/index.php\/wp-json\/wp\/v2\/posts"}],"about":[{"href":"https:\/\/blog.corretoraideal.com.br\/index.php\/wp-json\/wp\/v2\/types\/post"}],"author":[{"embeddable":true,"href":"https:\/\/blog.corretoraideal.com.br\/index.php\/wp-json\/wp\/v2\/users\/1"}],"replies":[{"embeddable":true,"href":"https:\/\/blog.corretoraideal.com.br\/index.php\/wp-json\/wp\/v2\/comments?post=53092"}],"version-history":[{"count":1,"href":"https:\/\/blog.corretoraideal.com.br\/index.php\/wp-json\/wp\/v2\/posts\/53092\/revisions"}],"predecessor-version":[{"id":53095,"href":"https:\/\/blog.corretoraideal.com.br\/index.php\/wp-json\/wp\/v2\/posts\/53092\/revisions\/53095"}],"wp:attachment":[{"href":"https:\/\/blog.corretoraideal.com.br\/index.php\/wp-json\/wp\/v2\/media?parent=53092"}],"wp:term":[{"taxonomy":"category","embeddable":true,"href":"https:\/\/blog.corretoraideal.com.br\/index.php\/wp-json\/wp\/v2\/categories?post=53092"},{"taxonomy":"post_tag","embeddable":true,"href":"https:\/\/blog.corretoraideal.com.br\/index.php\/wp-json\/wp\/v2\/tags?post=53092"}],"curies":[{"name":"wp","href":"https:\/\/api.w.org\/{rel}","templated":true}]}}