{"id":53096,"date":"2023-09-20T18:29:37","date_gmt":"2023-09-20T18:29:37","guid":{"rendered":"https:\/\/blog.corretoraideal.com.br\/?p=53096"},"modified":"2023-09-20T18:29:37","modified_gmt":"2023-09-20T18:29:37","slug":"stf-suspende-por-seis-meses-processo-contra-a-construcao-da-ferrograo-economia-g1","status":"publish","type":"post","link":"https:\/\/blog.corretoraideal.com.br\/index.php\/2023\/09\/20\/stf-suspende-por-seis-meses-processo-contra-a-construcao-da-ferrograo-economia-g1\/","title":{"rendered":"STF suspende por seis meses processo contra a constru\u00e7\u00e3o da Ferrogr\u00e3o | Economia | G1"},"content":{"rendered":"<p>      1 de 1&#013;Projeto Ferrovia Ferrogr\u00e3o EF-170 \u2014 Foto: Arte G1    <\/p>\n<p> Projeto Ferrovia Ferrogr\u00e3o EF-170 \u2014 Foto: Arte G1 <\/p>\n<p> O Supremo Tribunal Federal (<a class href=\"https:\/\/g1.globo.com\/tudo-sobre\/supremo-tribunal-federal\/\">STF<\/a>) suspendeu por seis meses o processo que questiona a constitucionalidade da constru\u00e7\u00e3o da ferrovia Ferrogr\u00e3o. <\/p>\n<p> Nesta ter\u00e7a-feira (19), o Supremo publicou determina\u00e7\u00e3o que suspende o processo &quot;a fim de que se concluam os estudos e as atualiza\u00e7\u00f5es sugeridos&quot;. <\/p>\n<p> A Corte afirma acatou o pedido de suspens\u00e3o &quot;ante os avan\u00e7os j\u00e1 concretizados ap\u00f3s o in\u00edcio dos di\u00e1logos sobre a controv\u00e9rsia tratada na presente A\u00e7\u00e3o Direta de Inconstitucionalidade, e consideradas as propostas consensualizadas pelos interessados no \u00e2mbito do Centro de Solu\u00e7\u00f5es Alternativas de Lit\u00edgios&quot;. <\/p>\n<p> O processo havia sido enviado para o Centro de Solu\u00e7\u00f5es Alternativas de Lit\u00edgios (Cesal), que tinha 60 dias para apresentar solu\u00e7\u00f5es para a disputa. Contudo, o <a class href=\"http:\/\/g1.globo.com\"><strong>g1<\/strong><\/a><strong> <\/strong>apurou que o tra\u00e7ado da Ferrogr\u00e3o segue como impasse dentro do Cesal. <\/p>\n<p><h2>Ferrogr\u00e3o<\/h2>\n<\/p>\n<p> A Ferrogr\u00e3o \u00e9 um projeto da gest\u00e3o da ex-presidente <a class href=\"https:\/\/g1.globo.com\/politica\/politico\/dilma\/\">Dilma Rousseff<\/a> (<a class href=\"https:\/\/g1.globo.com\/politica\/partido\/pt\/\">PT<\/a>). Trata-se de uma ferrovia de 933 km que ligaria o Porto de Miritituba (PA) ao munic\u00edpio de <a class href=\"https:\/\/g1.globo.com\/mt\/mato-grosso\/cidade\/sinop\/\">Sinop (MT)<\/a>, visando o escoamento de gr\u00e3os. <\/p>\n<p> Em 2016, depois do impeachment de Dilma, o projeto foi classificado no Programa de Parcerias de Investimentos (PPI) do governo do ent\u00e3o presidente <a class href=\"https:\/\/g1.globo.com\/politica\/politico\/michel-temer\/\">Michel Temer<\/a> (<a class href=\"https:\/\/g1.globo.com\/politica\/partido\/mdb\/\">MDB<\/a>). <\/p>\n<p> Temer ent\u00e3o publicou uma medida provis\u00f3ria, depois transformada em lei, que alterou os limites do Parque Nacional do Jamanxim, no oeste do Par\u00e1, para viabilizar a constru\u00e7\u00e3o da ferrovia. <\/p>\n<p> Foram retirados da \u00e1rea do parque cerca de 862 hectares, destinados aos leitos e \u00e0s faixas de dom\u00ednio da EF-170 (a Ferrogr\u00e3o) e da BR-163 \u2013uma das principais rotas de escoamento da produ\u00e7\u00e3o agropecu\u00e1ria. <\/p>\n<p><h2>A\u00e7\u00e3o do PSOL<\/h2>\n<\/p>\n<p> A discuss\u00e3o no STF \u00e9 justamente sobre o tra\u00e7ado do projeto, depois de a Corte ter sido acionada pelo PSOL em uma a\u00e7\u00e3o direta de inconstitucionalidade contra a lei em 2020, quando o processo de desestatiza\u00e7\u00e3o da ferrovia come\u00e7ou a tramitar no Tribunal de Contas da Uni\u00e3o (TCU). <\/p>\n<p> Em 2021, Moraes atendeu ao pedido do PSOL e suspendeu a efic\u00e1cia da lei. O processo foi pautado no STF em maio deste ano, mas n\u00e3o chegou a ser discutido. No dia seguinte, Moraes encaminhou o caso para o Cesal. <\/p>\n<p> Em agosto, o presidente Luiz In\u00e1cio Lula da Silva (PT) incluiu a ferrovia no Novo PAC \u2013 o programa de investimentos do governo. As obras foram inclu\u00eddas na modalidade \u201cestudos de novas concess\u00f5es\u201d. <\/p>\n<p> A Ag\u00eancia Nacional de Transportes Terrestres (ANTT) estima que seriam necess\u00e1rios investimentos de R$ 8,26 bilh\u00f5es na constru\u00e7\u00e3o da ferrovia. <\/p>\n<ul>\n<li> <a href=\"https:\/\/g1.globo.com\/politica\/politico\/dilma\/\" class=\"entities__list-itemLink\" data-track-click=\"Dilma Rousseff\"> Dilma Rousseff <\/a> <\/li>\n<li> <a href=\"https:\/\/g1.globo.com\/politica\/partido\/mdb\/\" class=\"entities__list-itemLink\" data-track-click=\"MDB\"> MDB <\/a> <\/li>\n<li> <a href=\"https:\/\/g1.globo.com\/politica\/politico\/michel-temer\/\" class=\"entities__list-itemLink\" data-track-click=\"Michel Temer\"> Michel Temer <\/a> <\/li>\n<li> <a href=\"https:\/\/g1.globo.com\/politica\/partido\/pt\/\" class=\"entities__list-itemLink\" data-track-click=\"PT\"> PT <\/a> <\/li>\n<li> <a href=\"https:\/\/g1.globo.com\/tudo-sobre\/supremo-tribunal-federal\/\" class=\"entities__list-itemLink\" data-track-click=\"STF - Supremo Tribunal Federal\"> STF &#8211; Supremo Tribunal Federal <\/a> <\/li>\n<li> <a href=\"https:\/\/g1.globo.com\/mt\/mato-grosso\/cidade\/sinop\/\" class=\"entities__list-itemLink\" data-track-click=\"Sinop\"> Sinop <\/a> <\/li>\n<\/ul>\n","protected":false},"excerpt":{"rendered":"<p>1 de 1&#013;Projeto Ferrovia Ferrogr\u00e3o EF-170 \u2014 Foto: Arte G1 Projeto Ferrovia Ferrogr\u00e3o EF-170 \u2014 Foto: Arte G1 O Supremo Tribunal Federal (STF) suspendeu por seis meses o processo que questiona a constitucionalidade da constru\u00e7\u00e3o da ferrovia Ferrogr\u00e3o. Nesta ter\u00e7a-feira (19), o Supremo publicou determina\u00e7\u00e3o que suspende o processo &quot;a fim de que se concluam [&hellip;]<\/p>\n","protected":false},"author":1,"featured_media":0,"comment_status":"closed","ping_status":"closed","sticky":false,"template":"","format":"standard","meta":{"footnotes":""},"categories":[],"tags":[],"class_list":["post-53096","post","type-post","status-publish","format-standard","hentry"],"_links":{"self":[{"href":"https:\/\/blog.corretoraideal.com.br\/index.php\/wp-json\/wp\/v2\/posts\/53096","targetHints":{"allow":["GET"]}}],"collection":[{"href":"https:\/\/blog.corretoraideal.com.br\/index.php\/wp-json\/wp\/v2\/posts"}],"about":[{"href":"https:\/\/blog.corretoraideal.com.br\/index.php\/wp-json\/wp\/v2\/types\/post"}],"author":[{"embeddable":true,"href":"https:\/\/blog.corretoraideal.com.br\/index.php\/wp-json\/wp\/v2\/users\/1"}],"replies":[{"embeddable":true,"href":"https:\/\/blog.corretoraideal.com.br\/index.php\/wp-json\/wp\/v2\/comments?post=53096"}],"version-history":[{"count":1,"href":"https:\/\/blog.corretoraideal.com.br\/index.php\/wp-json\/wp\/v2\/posts\/53096\/revisions"}],"predecessor-version":[{"id":53098,"href":"https:\/\/blog.corretoraideal.com.br\/index.php\/wp-json\/wp\/v2\/posts\/53096\/revisions\/53098"}],"wp:attachment":[{"href":"https:\/\/blog.corretoraideal.com.br\/index.php\/wp-json\/wp\/v2\/media?parent=53096"}],"wp:term":[{"taxonomy":"category","embeddable":true,"href":"https:\/\/blog.corretoraideal.com.br\/index.php\/wp-json\/wp\/v2\/categories?post=53096"},{"taxonomy":"post_tag","embeddable":true,"href":"https:\/\/blog.corretoraideal.com.br\/index.php\/wp-json\/wp\/v2\/tags?post=53096"}],"curies":[{"name":"wp","href":"https:\/\/api.w.org\/{rel}","templated":true}]}}