{"id":53104,"date":"2023-09-20T21:29:37","date_gmt":"2023-09-20T21:29:37","guid":{"rendered":"https:\/\/blog.corretoraideal.com.br\/?p=53104"},"modified":"2023-09-20T21:29:37","modified_gmt":"2023-09-20T21:29:37","slug":"mais-985-familias-de-campos-recebem-o-cartao-goitaca-nesta-quinta-confira-a-lista-norte-fluminense-g1","status":"publish","type":"post","link":"https:\/\/blog.corretoraideal.com.br\/index.php\/2023\/09\/20\/mais-985-familias-de-campos-recebem-o-cartao-goitaca-nesta-quinta-confira-a-lista-norte-fluminense-g1\/","title":{"rendered":"Mais 985 fam\u00edlias de Campos recebem o Cart\u00e3o Goitac\u00e1 nesta quinta; confira a lista | Norte Fluminense | G1"},"content":{"rendered":"\n<p> A Secretaria Municipal de Desenvolvimento Humano e Social de Campos realiza, nesta quinta-feira (21), mais uma entrega do Cart\u00e3o Goitac\u00e1. A entrega dos cart\u00f5es acontecer\u00e1 \u00e0s 9h, na Vila Ol\u00edmpica Lulu Beda, do Jardim Carioca. <\/p>\n<p> Desta vez, mais 985 novas fam\u00edlias foram inseridas no programa de transfer\u00eancia de renda municipal no valor de R$ 200, que podem ser utilizados em supermercados credenciados pelo munic\u00edpio. <\/p>\n<p> A lista est\u00e1 dispon\u00edvel no <a class href=\"https:\/\/social.campos.rj.gov.br\/relacao-de-beneficiarios-cartao-goitaca\/\" target=\"_blank\" rel=\"noopener noreferrer\">link<\/a>. <\/p>\n<p> Com essa entrega, o programa atingir\u00e1 a marca de mais de 16 mil fam\u00edlias que vivem em situa\u00e7\u00e3o de vulnerabilidade social recebendo o aux\u00edlio. <\/p>\n<p> Para a sele\u00e7\u00e3o dos benefici\u00e1rios, a Prefeitura de Campos utiliza a base de dados do Cadastro \u00danico para Programas Sociais (Cad\u00danico). <\/p>\n<p> As fam\u00edlias benefici\u00e1rias s\u00e3o referenciadas no Centro de Refer\u00eancia Especializado de Assist\u00eancia Social (CREAS) e Centro de Refer\u00eancia de Assist\u00eancia Social (CRAS). <\/p>\n<p> Os benefici\u00e1rios devem estar, preferencialmente, em acompanhamento familiar pelo Servi\u00e7o de Prote\u00e7\u00e3o e Atendimento Integral \u00e0 Fam\u00edlia (PAIF) ou Servi\u00e7o de Prote\u00e7\u00e3o e Atendimento Especializado \u00e0 Fam\u00edlia e Indiv\u00edduos (PAEFI). <\/p>\n<p> Segundo a lei, aprovada na C\u00e2mara Municipal e Conselho Municipal de Assist\u00eancia Social, ser\u00e3o priorizadas fam\u00edlias numerosas, que tenham em sua composi\u00e7\u00e3o idosos e pessoas com defici\u00eancia sem fonte de renda e sustento; pessoas e fam\u00edlias v\u00edtimas de calamidades e emerg\u00eancias; mulheres chefes de fam\u00edlia e seus filhos, mulheres em situa\u00e7\u00e3o de viol\u00eancia e jovens egressos dos acolhimentos institucionais. <\/p>\n<p> E, ainda, ter renda mensal per capita na faixa da extrema pobreza; ser morador (a) do munic\u00edpio de Campos h\u00e1 no m\u00ednimo 3 anos e, preferencialmente, n\u00e3o estar inserido em outros programas de transfer\u00eancia de renda. <\/p>\n<ul>\n<li> <a href=\"https:\/\/g1.globo.com\/rj\/norte-fluminense\/cidade\/campos-dos-goytacazes\/\" class=\"entities__list-itemLink\" data-track-click=\"Campos dos Goytacazes\"> Campos dos Goytacazes <\/a> <\/li>\n<\/ul>\n","protected":false},"excerpt":{"rendered":"<p>A Secretaria Municipal de Desenvolvimento Humano e Social de Campos realiza, nesta quinta-feira (21), mais uma entrega do Cart\u00e3o Goitac\u00e1. A entrega dos cart\u00f5es acontecer\u00e1 \u00e0s 9h, na Vila Ol\u00edmpica Lulu Beda, do Jardim Carioca. Desta vez, mais 985 novas fam\u00edlias foram inseridas no programa de transfer\u00eancia de renda municipal no valor de R$ 200, [&hellip;]<\/p>\n","protected":false},"author":1,"featured_media":0,"comment_status":"closed","ping_status":"closed","sticky":false,"template":"","format":"standard","meta":{"footnotes":""},"categories":[],"tags":[],"class_list":["post-53104","post","type-post","status-publish","format-standard","hentry"],"_links":{"self":[{"href":"https:\/\/blog.corretoraideal.com.br\/index.php\/wp-json\/wp\/v2\/posts\/53104","targetHints":{"allow":["GET"]}}],"collection":[{"href":"https:\/\/blog.corretoraideal.com.br\/index.php\/wp-json\/wp\/v2\/posts"}],"about":[{"href":"https:\/\/blog.corretoraideal.com.br\/index.php\/wp-json\/wp\/v2\/types\/post"}],"author":[{"embeddable":true,"href":"https:\/\/blog.corretoraideal.com.br\/index.php\/wp-json\/wp\/v2\/users\/1"}],"replies":[{"embeddable":true,"href":"https:\/\/blog.corretoraideal.com.br\/index.php\/wp-json\/wp\/v2\/comments?post=53104"}],"version-history":[{"count":1,"href":"https:\/\/blog.corretoraideal.com.br\/index.php\/wp-json\/wp\/v2\/posts\/53104\/revisions"}],"predecessor-version":[{"id":53106,"href":"https:\/\/blog.corretoraideal.com.br\/index.php\/wp-json\/wp\/v2\/posts\/53104\/revisions\/53106"}],"wp:attachment":[{"href":"https:\/\/blog.corretoraideal.com.br\/index.php\/wp-json\/wp\/v2\/media?parent=53104"}],"wp:term":[{"taxonomy":"category","embeddable":true,"href":"https:\/\/blog.corretoraideal.com.br\/index.php\/wp-json\/wp\/v2\/categories?post=53104"},{"taxonomy":"post_tag","embeddable":true,"href":"https:\/\/blog.corretoraideal.com.br\/index.php\/wp-json\/wp\/v2\/tags?post=53104"}],"curies":[{"name":"wp","href":"https:\/\/api.w.org\/{rel}","templated":true}]}}