{"id":53107,"date":"2023-09-20T22:29:36","date_gmt":"2023-09-20T22:29:36","guid":{"rendered":"https:\/\/blog.corretoraideal.com.br\/?p=53107"},"modified":"2023-09-20T22:29:36","modified_gmt":"2023-09-20T22:29:36","slug":"whatsapp-lanca-recurso-que-permite-escolher-assento-no-aviao-e-reservar-restaurante-tecnologia-g1","status":"publish","type":"post","link":"https:\/\/blog.corretoraideal.com.br\/index.php\/2023\/09\/20\/whatsapp-lanca-recurso-que-permite-escolher-assento-no-aviao-e-reservar-restaurante-tecnologia-g1\/","title":{"rendered":"WhatsApp lan\u00e7a recurso que permite escolher assento no avi\u00e3o e reservar restaurante | Tecnologia | G1"},"content":{"rendered":"<p>      1 de 2&#013;Demonstrativo do Flows, novo programa do WhatsApp que conecta empresas e pessoas \u2014 Foto: Divulga\u00e7\u00e3o &#8211; WhatsApp    <\/p>\n<p> Demonstrativo do Flows, novo programa do WhatsApp que conecta empresas e pessoas \u2014 Foto: Divulga\u00e7\u00e3o &#8211; WhatsApp <\/p>\n<p> O <a class href=\"https:\/\/g1.globo.com\/tudo-sobre\/whatsapp\/\">WhatsApp<\/a> lan\u00e7ou nesta quarta-feira (20) o Flows, recurso que aprimora a experi\u00eancia de intera\u00e7\u00e3o entre empresas e clientes no aplicativo de mensagens. <\/p>\n<p> O an\u00fancio foi feito por <a class href=\"https:\/\/g1.globo.com\/tudo-sobre\/mark-zuckerberg\/\">Mark Zuckerberg<\/a>, presidente-executivo da <a class href=\"https:\/\/g1.globo.com\/tudo-sobre\/meta\/\">Meta<\/a> (dona de Facebook, Instagram e WhatsApp), durante o evento Conversations 2023, realizado em Mumbai, na \u00cdndia. <\/p>\n<p> O recurso possibilita que empresas de todos os setores, como bancos, servi\u00e7os de entrega de comida, marcas de com\u00e9rcio eletr\u00f4nico e companhias a\u00e9reas <strong>criem intera\u00e7\u00f5es com seus clientes<\/strong>. <\/p>\n<p> Por exemplo, o sistema permite que a pessoa use o WhatsApp para fazer o check-in e escolher um assento no avi\u00e3o, ou fazer uma reserva num restaurante, marcar compromissos, entre outras coisas. <\/p>\n<p> <strong>Tudo ser\u00e1 feito dentro da plataforma de mensagens sem a necessidade de migrar para outro aplicativo<\/strong>. Para isso, haver\u00e1 interfaces espec\u00edficas para cada servi\u00e7o. (Veja na imagem abaixo) <\/p>\n<p><h2>Quais empresas j\u00e1 est\u00e3o usando o novo recurso? ?<\/h2>\n<\/p>\n<p> O Flows estar\u00e1 dispon\u00edvel para empresas que usam a Plataforma WhatsApp Business (API). Neste momento, apenas o Banco Pan e Magazine Luiza. <\/p>\n<p> A expectativa \u00e9 que, em breve, a atualiza\u00e7\u00e3o esteja acess\u00edvel para todas as empresas que usam o servi\u00e7o corporativo do app. <\/p>\n<p> Durante o evento, Mark Zuckerberg informou que vai expandir o selo de verifica\u00e7\u00e3o Meta Verified para neg\u00f3cios no Instagram, Facebook e WhatsApp. <\/p>\n<p> Hoje, o selo \u00e9 concedido apenas para algumas empresas. Os testes v\u00e3o come\u00e7ar no WhatsApp nos meses seguintes. Al\u00e9m do selo, o servi\u00e7o vai dar acesso a mais funcionalidades, como uso de conta comercial em diversos dispositivos por funcion\u00e1rios. <\/p>\n<p>         2 de 2&#013;Interface do Flows, novo programa corporativo do WhatsApp que permite conectar empresas e pessoas \u2014 Foto: Divulga\u00e7\u00e3o &#8211; WhatsApp    <\/p>\n<p> Interface do Flows, novo programa corporativo do WhatsApp que permite conectar empresas e pessoas \u2014 Foto: Divulga\u00e7\u00e3o &#8211; WhatsApp <\/p>\n<p><h2>Leia tamb\u00e9m<\/h2>\n<\/p>\n<ul>\n<li><a class href=\"https:\/\/g1.globo.com\/tecnologia\/noticia\/2023\/09\/18\/canal-do-g1-no-whatsapp-supera-1-milhao-de-participantes-veja-como-entrar.ghtml\">Canal do g1 no WhatsApp supera 1 milh\u00e3o de participantes; veja como entrar<\/a><\/li>\n<li><a class href=\"https:\/\/g1.globo.com\/tecnologia\/noticia\/2023\/08\/17\/novidades-no-whatsapp-fotos-com-alta-definicao-mensagens-de-video-e-maior-controle-de-privacidade.ghtml\">Novidades no WhatsApp: fotos com alta defini\u00e7\u00e3o, mensagens de v\u00eddeo e maior controle de privacidade<\/a><\/li>\n<\/ul>\n<p><h2>Sal\u00e1rio de R$38 mil? Veja como entrar no ramo da seguran\u00e7a do trabalho<\/h2>\n<\/p>\n<p>                   <img loading=\"lazy\" decoding=\"async\" class=\"aligncenter size-full wp-image-53109\" src=\"https:\/\/blog.corretoraideal.com.br\/wp-content\/uploads\/2023\/09\/seguranca-da-informacao-em-alta-veja-como-entrar-no-setor-3.jpeg\" alt=\"Seguran\u00e7a da informa\u00e7\u00e3o em alta: veja como entrar no setor\" width=\"800\" height=\"400\" \/>      <\/p>\n<p> Seguran\u00e7a da informa\u00e7\u00e3o em alta: veja como entrar no setor <\/p>\n<p><h2>Seguran\u00e7a no WhatsApp<\/h2>\n<\/p>\n<p>                   <img loading=\"lazy\" decoding=\"async\" class=\"aligncenter size-full wp-image-53110\" src=\"https:\/\/blog.corretoraideal.com.br\/wp-content\/uploads\/2023\/09\/whatsapp-libera-nova-protecao-contra-roubo-de-conta-veja-como-funciona.jpeg\" alt=\"WhatsApp libera nova prote\u00e7\u00e3o contra roubo de conta; veja como funciona\" width=\"800\" height=\"400\" \/>      <\/p>\n<p> WhatsApp libera nova prote\u00e7\u00e3o contra roubo de conta; veja como funciona <\/p>\n<p><h2>Saiba como enviar fotos e v\u00eddeos de uma s\u00f3 vez<\/h2>\n<\/p>\n<p>                   <img loading=\"lazy\" decoding=\"async\" class=\"aligncenter size-full wp-image-53111\" src=\"https:\/\/blog.corretoraideal.com.br\/wp-content\/uploads\/2023\/09\/whatsapp-saiba-como-funciona-a-funcao-para-enviar-fotos-e-videos-que-desaparecem.jpeg\" alt=\"WhatsApp: saiba como funciona a fun\u00e7\u00e3o para enviar fotos e v\u00eddeos que desaparecem\" width=\"800\" height=\"400\" \/>      <\/p>\n<p> WhatsApp: saiba como funciona a fun\u00e7\u00e3o para enviar fotos e v\u00eddeos que desaparecem <\/p>\n<ul>\n<li> <a href=\"https:\/\/g1.globo.com\/tudo-sobre\/mark-zuckerberg\/\" class=\"entities__list-itemLink\" data-track-click=\"Mark Zuckerberg\"> Mark Zuckerberg <\/a> <\/li>\n<li> <a href=\"https:\/\/g1.globo.com\/tudo-sobre\/meta\/\" class=\"entities__list-itemLink\" data-track-click=\"Meta\"> Meta <\/a> <\/li>\n<li> <a href=\"https:\/\/g1.globo.com\/tudo-sobre\/whatsapp\/\" class=\"entities__list-itemLink\" data-track-click=\"WhatsApp\"> WhatsApp <\/a> <\/li>\n<\/ul>\n","protected":false},"excerpt":{"rendered":"<p>1 de 2&#013;Demonstrativo do Flows, novo programa do WhatsApp que conecta empresas e pessoas \u2014 Foto: Divulga\u00e7\u00e3o &#8211; WhatsApp Demonstrativo do Flows, novo programa do WhatsApp que conecta empresas e pessoas \u2014 Foto: Divulga\u00e7\u00e3o &#8211; WhatsApp O WhatsApp lan\u00e7ou nesta quarta-feira (20) o Flows, recurso que aprimora a experi\u00eancia de intera\u00e7\u00e3o entre empresas e clientes [&hellip;]<\/p>\n","protected":false},"author":1,"featured_media":0,"comment_status":"closed","ping_status":"closed","sticky":false,"template":"","format":"standard","meta":{"footnotes":""},"categories":[],"tags":[],"class_list":["post-53107","post","type-post","status-publish","format-standard","hentry"],"_links":{"self":[{"href":"https:\/\/blog.corretoraideal.com.br\/index.php\/wp-json\/wp\/v2\/posts\/53107","targetHints":{"allow":["GET"]}}],"collection":[{"href":"https:\/\/blog.corretoraideal.com.br\/index.php\/wp-json\/wp\/v2\/posts"}],"about":[{"href":"https:\/\/blog.corretoraideal.com.br\/index.php\/wp-json\/wp\/v2\/types\/post"}],"author":[{"embeddable":true,"href":"https:\/\/blog.corretoraideal.com.br\/index.php\/wp-json\/wp\/v2\/users\/1"}],"replies":[{"embeddable":true,"href":"https:\/\/blog.corretoraideal.com.br\/index.php\/wp-json\/wp\/v2\/comments?post=53107"}],"version-history":[{"count":1,"href":"https:\/\/blog.corretoraideal.com.br\/index.php\/wp-json\/wp\/v2\/posts\/53107\/revisions"}],"predecessor-version":[{"id":53112,"href":"https:\/\/blog.corretoraideal.com.br\/index.php\/wp-json\/wp\/v2\/posts\/53107\/revisions\/53112"}],"wp:attachment":[{"href":"https:\/\/blog.corretoraideal.com.br\/index.php\/wp-json\/wp\/v2\/media?parent=53107"}],"wp:term":[{"taxonomy":"category","embeddable":true,"href":"https:\/\/blog.corretoraideal.com.br\/index.php\/wp-json\/wp\/v2\/categories?post=53107"},{"taxonomy":"post_tag","embeddable":true,"href":"https:\/\/blog.corretoraideal.com.br\/index.php\/wp-json\/wp\/v2\/tags?post=53107"}],"curies":[{"name":"wp","href":"https:\/\/api.w.org\/{rel}","templated":true}]}}