{"id":53113,"date":"2023-09-20T23:29:35","date_gmt":"2023-09-20T23:29:35","guid":{"rendered":"https:\/\/blog.corretoraideal.com.br\/?p=53113"},"modified":"2023-09-20T23:29:35","modified_gmt":"2023-09-20T23:29:35","slug":"copom-faz-novo-corte-na-taxa-basica-de-juros-e-selic-cai-de-1325-para-1275-economia-g1","status":"publish","type":"post","link":"https:\/\/blog.corretoraideal.com.br\/index.php\/2023\/09\/20\/copom-faz-novo-corte-na-taxa-basica-de-juros-e-selic-cai-de-1325-para-1275-economia-g1\/","title":{"rendered":"Copom faz novo corte na taxa b\u00e1sica de juros, e Selic cai de 13,25% para 12,75% | Economia | G1"},"content":{"rendered":"\n<ul>\n<li>\n<p> Redu\u00e7\u00e3o j\u00e1 era esperada pelo mercado financeiro, ap\u00f3s sinaliza\u00e7\u00e3o na reuni\u00e3o anterior do comit\u00ea. <\/p>\n<\/li>\n<li>\n<p> Taxa Selic \u00e9 o principal instrumento de pol\u00edtica monet\u00e1ria utilizado pelo BC para controlar a infla\u00e7\u00e3o. <\/p>\n<\/li>\n<li>\n<p> Copom ainda deve se reunir duas vezes neste ano para discutir a Selic. <\/p>\n<\/li>\n<li>\n<p> Em nota, Copom afirmou que, se a infla\u00e7\u00e3o mantiver a trajet\u00f3ria, deve haver novos cortes nos juros. <\/p>\n<\/li>\n<\/ul>\n<p> Redu\u00e7\u00e3o j\u00e1 era esperada pelo mercado financeiro, ap\u00f3s sinaliza\u00e7\u00e3o na reuni\u00e3o anterior do comit\u00ea. <\/p>\n<p> Taxa Selic \u00e9 o principal instrumento de pol\u00edtica monet\u00e1ria utilizado pelo BC para controlar a infla\u00e7\u00e3o. <\/p>\n<p> Copom ainda deve se reunir duas vezes neste ano para discutir a Selic. <\/p>\n<p> Em nota, Copom afirmou que, se a infla\u00e7\u00e3o mantiver a trajet\u00f3ria, deve haver novos cortes nos juros. <\/p>\n<p> O Comit\u00ea de Pol\u00edtica Monet\u00e1ria (Copom) do Banco Central decidiu, nesta quarta-feira (20), reduzir a taxa Selic de 13,25% ao ano para <strong>12,75%<\/strong> ao ano. <\/p>\n<p> A decis\u00e3o foi un\u00e2nime. Todos os diretores votaram pela redu\u00e7\u00e3o. <\/p>\n<ul>\n<li>\u2705 <a class href=\"https:\/\/www.whatsapp.com\/channel\/0029Va2ll12AInPbyd8p933r\" target=\"_blank\" rel=\"noopener noreferrer\">Clique aqui<\/a> para seguir o novo canal do g1 no WhatsApp.<\/li>\n<\/ul>\n<p> No comunicado divulgado ap\u00f3s a reuni\u00e3o, o comit\u00ea argumentou que a redu\u00e7\u00e3o da taxa \u00e9 &quot;compat\u00edvel com a estrat\u00e9gia de converg\u00eancia da infla\u00e7\u00e3o para o redor da meta ao longo do horizonte relevante, que inclui o ano de 2024 e, em grau menor, o de 2025&quot;. <\/p>\n<p> O Copom voltou a defender que o cen\u00e1rio demanda &quot;serenidade&quot;, mas j\u00e1 sinalizou que poder\u00e1 cortar novamente a Selic em 0,5 ponto percentual no pr\u00f3ximo encontro. <\/p>\n<p> &quot;Em se confirmando o cen\u00e1rio esperado [de desinfla\u00e7\u00e3o e ancoragem das expectativas em torno da meta de infla\u00e7\u00e3o], os membros do Comit\u00ea, unanimemente, anteveem redu\u00e7\u00e3o de mesma magnitude nas pr\u00f3ximas reuni\u00f5es e avaliam que esse \u00e9 o ritmo apropriado para manter a pol\u00edtica monet\u00e1ria contracionista necess\u00e1ria para o processo desinflacion\u00e1rio&quot;, afirmou o Copom em nota. <\/p>\n<p> Na avalia\u00e7\u00e3o do colegiado, a execu\u00e7\u00e3o das metas fiscais estabelecidas pelo governo federal pode contribuir para o processo de ancoragem das expectativas da infla\u00e7\u00e3o e para a condu\u00e7\u00e3o da pol\u00edtica monet\u00e1ria. <\/p>\n<p> <a class href=\"https:\/\/g1.globo.com\/economia\/noticia\/2023\/08\/02\/copom-corta-taxa-basica-de-juros-selic-cai-de-1375percent-para-1325percent.ghtml\">Este foi o segundo corte seguido na taxa b\u00e1sica de juros<\/a>, que come\u00e7ou a recuar em agosto deste ano. Em <strong>12,75%<\/strong>, a taxa chegou ao menor patamar dos \u00faltimos 16 meses. <\/p>\n<p> <a class href=\"https:\/\/g1.globo.com\/economia\/noticia\/2023\/09\/20\/copom-deve-baixar-juro-basico-da-economia-para-1275percent-ao-ano-nesta-quarta-menor-nivel-em-16-meses.ghtml\">A redu\u00e7\u00e3o anunciada nesta quarta j\u00e1 era esperada pelo mercado financeiro<\/a>. Isso porque no comunicado da \u00faltima reuni\u00e3o, o Copom sinalizou que poderia continuar reduzindo a Selic na \u201cmesma magnitude&quot; do corte adotado em agosto. Ou seja, de 0,5 ponto percentual. <\/p>\n<p> <strong>LEIA TAMB\u00c9M:<\/strong> <\/p>\n<ul>\n<li><a class href=\"https:\/\/g1.globo.com\/economia\/noticia\/2023\/09\/19\/taxa-selic-entenda-os-pontos-mais-importantes-para-a-decisao-de-juros-do-banco-central.ghtml\">Taxa Selic: entenda os pontos mais importantes para a decis\u00e3o de juros do Banco Central<\/a><\/li>\n<\/ul>\n<p><h2>Reuni\u00f5es do Copom<\/h2>\n<\/p>\n<p> O Copom \u00e9 formado pelo presidente do Banco Central, Roberto Campos Neto, e por oito diretores da autarquia \u2013 dois deles indicados pelo presidente Lula. <\/p>\n<p> O colegiado costuma se reunir a cada 45 dias para definir o patamar da taxa Selic. Neste ano, o comit\u00ea ainda dever\u00e1 se reunir duas vezes: <\/p>\n<ul>\n<li>em 31 de outubro e 1\u00ba de novembro<\/li>\n<li>em 12 e 13 de dezembro<\/li>\n<\/ul>\n<p><h2>Taxa b\u00e1sica de juros<\/h2>\n<\/p>\n<p>                   <img loading=\"lazy\" decoding=\"async\" class=\"aligncenter size-full wp-image-53115\" src=\"https:\/\/blog.corretoraideal.com.br\/wp-content\/uploads\/2023\/09\/taxa-selic-entenda-o-que-e-a-taxa-basica-de-juros-da-economia-brasileira.jpeg\" alt=\"Taxa Selic: entenda o que \u00e9 a taxa b\u00e1sica de juros da economia brasileira\" width=\"800\" height=\"400\" \/>      <\/p>\n<p> Taxa Selic: entenda o que \u00e9 a taxa b\u00e1sica de juros da economia brasileira <\/p>\n<p> <a class href=\"https:\/\/g1.globo.com\/economia\/seu-dinheiro\/noticia\/entenda-o-que-e-a-selic-a-taxa-basica-de-juros-da-economia-brasileira.ghtml\">A Selic \u00e9 a taxa b\u00e1sica de juros da economia<\/a>. \u00c9 o principal instrumento de pol\u00edtica monet\u00e1ria utilizado pelo BC para controlar a infla\u00e7\u00e3o. <\/p>\n<p> O \u00edndice influencia todas as taxas de juros do pa\u00eds, como as taxas de juros dos empr\u00e9stimos, dos financiamentos e das aplica\u00e7\u00f5es financeiras. <\/p>\n<p> Quando a infla\u00e7\u00e3o est\u00e1 alta, o BC eleva a Selic. Quando as estimativas para a infla\u00e7\u00e3o est\u00e3o em linha com a meta de infla\u00e7\u00e3o, o BC pode reduzir a Selic. <\/p>\n<p> Para definir a taxa b\u00e1sica de juros e tentar conter a alta dos pre\u00e7os, o BC j\u00e1 est\u00e1 mirando, neste momento, na meta do ano que vem e no objetivo, em 12 meses, para o in\u00edcio de 2025. <\/p>\n<p> Na semana passada, os economistas do mercado financeiro reduziram a estimativa de infla\u00e7\u00e3o deste ano, de 4,93% para 4,86% (ainda acima do intervalo da meta de infla\u00e7\u00e3o para 2023), e passaram a projetar uma infla\u00e7\u00e3o de 3,86% para 2024 (dentro do intervalo da meta). <\/p>\n<p> Para 2023, a meta de infla\u00e7\u00e3o foi fixada 3,25%, e ser\u00e1 considerada formalmente cumprida se oscilar entre 1,75% e 4,75%. <\/p>\n<p> A meta de infla\u00e7\u00e3o do pr\u00f3ximo ano \u00e9 de 3% e ser\u00e1 considerada cumprida se oscilar entre 1,5% e 4,5%. <\/p>\n<ul>\n<li> <a href=\"https:\/\/g1.globo.com\/tudo-sobre\/banco-central-do-brasil\/\" class=\"entities__list-itemLink\" data-track-click=\"Banco Central do Brasil\"> Banco Central do Brasil <\/a> <\/li>\n<\/ul>\n","protected":false},"excerpt":{"rendered":"<p>Redu\u00e7\u00e3o j\u00e1 era esperada pelo mercado financeiro, ap\u00f3s sinaliza\u00e7\u00e3o na reuni\u00e3o anterior do comit\u00ea. Taxa Selic \u00e9 o principal instrumento de pol\u00edtica monet\u00e1ria utilizado pelo BC para controlar a infla\u00e7\u00e3o. Copom ainda deve se reunir duas vezes neste ano para discutir a Selic. Em nota, Copom afirmou que, se a infla\u00e7\u00e3o mantiver a trajet\u00f3ria, deve [&hellip;]<\/p>\n","protected":false},"author":1,"featured_media":0,"comment_status":"closed","ping_status":"closed","sticky":false,"template":"","format":"standard","meta":{"footnotes":""},"categories":[],"tags":[],"class_list":["post-53113","post","type-post","status-publish","format-standard","hentry"],"_links":{"self":[{"href":"https:\/\/blog.corretoraideal.com.br\/index.php\/wp-json\/wp\/v2\/posts\/53113","targetHints":{"allow":["GET"]}}],"collection":[{"href":"https:\/\/blog.corretoraideal.com.br\/index.php\/wp-json\/wp\/v2\/posts"}],"about":[{"href":"https:\/\/blog.corretoraideal.com.br\/index.php\/wp-json\/wp\/v2\/types\/post"}],"author":[{"embeddable":true,"href":"https:\/\/blog.corretoraideal.com.br\/index.php\/wp-json\/wp\/v2\/users\/1"}],"replies":[{"embeddable":true,"href":"https:\/\/blog.corretoraideal.com.br\/index.php\/wp-json\/wp\/v2\/comments?post=53113"}],"version-history":[{"count":1,"href":"https:\/\/blog.corretoraideal.com.br\/index.php\/wp-json\/wp\/v2\/posts\/53113\/revisions"}],"predecessor-version":[{"id":53116,"href":"https:\/\/blog.corretoraideal.com.br\/index.php\/wp-json\/wp\/v2\/posts\/53113\/revisions\/53116"}],"wp:attachment":[{"href":"https:\/\/blog.corretoraideal.com.br\/index.php\/wp-json\/wp\/v2\/media?parent=53113"}],"wp:term":[{"taxonomy":"category","embeddable":true,"href":"https:\/\/blog.corretoraideal.com.br\/index.php\/wp-json\/wp\/v2\/categories?post=53113"},{"taxonomy":"post_tag","embeddable":true,"href":"https:\/\/blog.corretoraideal.com.br\/index.php\/wp-json\/wp\/v2\/tags?post=53113"}],"curies":[{"name":"wp","href":"https:\/\/api.w.org\/{rel}","templated":true}]}}