{"id":53121,"date":"2023-09-21T02:29:36","date_gmt":"2023-09-21T02:29:36","guid":{"rendered":"https:\/\/blog.corretoraideal.com.br\/?p=53121"},"modified":"2023-09-21T02:29:36","modified_gmt":"2023-09-21T02:29:36","slug":"dia-d-de-vacinacao-antirrabica-sera-realizado-neste-sabado-em-quissama-norte-fluminense-g1","status":"publish","type":"post","link":"https:\/\/blog.corretoraideal.com.br\/index.php\/2023\/09\/21\/dia-d-de-vacinacao-antirrabica-sera-realizado-neste-sabado-em-quissama-norte-fluminense-g1\/","title":{"rendered":"Dia D de vacina\u00e7\u00e3o antirr\u00e1bica ser\u00e1 realizado neste s\u00e1bado em Quissam\u00e3 | Norte Fluminense | G1"},"content":{"rendered":"\n<p> O pr\u00f3ximo s\u00e1bado (23) \u00e9 dia de tutores de animais de estima\u00e7\u00e3o levarem seus c\u00e3es e gatos para vacina\u00e7\u00e3o contra a raiva, em <a class href=\"https:\/\/g1.globo.com\/rj\/norte-fluminense\/cidade\/quissama\/\">Quissam\u00e3<\/a>. V\u00e3o ser seis polos de vacina\u00e7\u00e3o funcionando, de 8h \u00e0s 17h. <\/p>\n<p>         1 de 1&#013;Seis polos de vacina\u00e7\u00e3o ser\u00e3o disponibilizados neste s\u00e1bado. \u2014 Foto: Prefeitura de Quissam\u00e3    <\/p>\n<p> Seis polos de vacina\u00e7\u00e3o ser\u00e3o disponibilizados neste s\u00e1bado. \u2014 Foto: Prefeitura de Quissam\u00e3 <\/p>\n<p> As Unidades de Sa\u00fade da Fam\u00edlia (USFs) do Carmo, Caxias, Centro, Mathias, pr\u00e9dio da Vigil\u00e2ncia Sanit\u00e1ria e E.M. Professora Maria de Lourdes de Castro Ribeiro, no S\u00edtio Quissam\u00e3, s\u00e3o os locais viabilizados. <\/p>\n<p> O calend\u00e1rio de vacina\u00e7\u00e3o na zona rural do munic\u00edpio ser\u00e1 divulgado em breve. <\/p>\n<p> \u00c9 recomendado que os filhotes tomem a primeira dose da vacina antirr\u00e1bica logo aos quatro meses de vida. Posteriormente, devem receber o refor\u00e7o do imunizante anualmente. Para vacinar, \u00e9 preciso que os animais estejam sadios. <\/p>\n<p> A Vigil\u00e2ncia Sanit\u00e1ria orienta que c\u00e3es devem ser conduzidos por pessoas com idade e porte adequados para o manejo do animal; c\u00e3es bravios ou mordedores, de qualquer esp\u00e9cie, devem utilizar focinheira apropriada; gatos devem ser transportados em caixas apropriadas e em seguran\u00e7a; e que f\u00eameas prenhas n\u00e3o ser\u00e3o vacinadas. <\/p>\n<p> O Coordenador da Vigil\u00e2ncia em Sa\u00fade, Leonardo Barcelos Chagas, destaca que a vacina\u00e7\u00e3o \u00e9 fundamental para a prote\u00e7\u00e3o dos animais contra a raiva, que \u00e9 uma doen\u00e7a fatal e n\u00e3o tem cura. <\/p>\n<p> \u201cO fato de n\u00e3o termos casos de raiva registrados no munic\u00edpio s\u00f3 e poss\u00edvel gra\u00e7as \u00e0 grande ades\u00e3o \u00e0 vacina\u00e7\u00e3o. A prote\u00e7\u00e3o pela vacina\u00e7\u00e3o \u00e9 fundamental para a sa\u00fade dos pets e tutores, e deve ser renovada todo ano\u201d, completou. <\/p>\n<ul>\n<li> <a href=\"https:\/\/g1.globo.com\/rj\/norte-fluminense\/cidade\/quissama\/\" class=\"entities__list-itemLink\" data-track-click=\"Quissam\u00e3\"> Quissam\u00e3 <\/a> <\/li>\n<\/ul>\n","protected":false},"excerpt":{"rendered":"<p>O pr\u00f3ximo s\u00e1bado (23) \u00e9 dia de tutores de animais de estima\u00e7\u00e3o levarem seus c\u00e3es e gatos para vacina\u00e7\u00e3o contra a raiva, em Quissam\u00e3. V\u00e3o ser seis polos de vacina\u00e7\u00e3o funcionando, de 8h \u00e0s 17h. 1 de 1&#013;Seis polos de vacina\u00e7\u00e3o ser\u00e3o disponibilizados neste s\u00e1bado. \u2014 Foto: Prefeitura de Quissam\u00e3 Seis polos de vacina\u00e7\u00e3o ser\u00e3o [&hellip;]<\/p>\n","protected":false},"author":1,"featured_media":0,"comment_status":"closed","ping_status":"closed","sticky":false,"template":"","format":"standard","meta":{"footnotes":""},"categories":[],"tags":[],"class_list":["post-53121","post","type-post","status-publish","format-standard","hentry"],"_links":{"self":[{"href":"https:\/\/blog.corretoraideal.com.br\/index.php\/wp-json\/wp\/v2\/posts\/53121","targetHints":{"allow":["GET"]}}],"collection":[{"href":"https:\/\/blog.corretoraideal.com.br\/index.php\/wp-json\/wp\/v2\/posts"}],"about":[{"href":"https:\/\/blog.corretoraideal.com.br\/index.php\/wp-json\/wp\/v2\/types\/post"}],"author":[{"embeddable":true,"href":"https:\/\/blog.corretoraideal.com.br\/index.php\/wp-json\/wp\/v2\/users\/1"}],"replies":[{"embeddable":true,"href":"https:\/\/blog.corretoraideal.com.br\/index.php\/wp-json\/wp\/v2\/comments?post=53121"}],"version-history":[{"count":1,"href":"https:\/\/blog.corretoraideal.com.br\/index.php\/wp-json\/wp\/v2\/posts\/53121\/revisions"}],"predecessor-version":[{"id":53123,"href":"https:\/\/blog.corretoraideal.com.br\/index.php\/wp-json\/wp\/v2\/posts\/53121\/revisions\/53123"}],"wp:attachment":[{"href":"https:\/\/blog.corretoraideal.com.br\/index.php\/wp-json\/wp\/v2\/media?parent=53121"}],"wp:term":[{"taxonomy":"category","embeddable":true,"href":"https:\/\/blog.corretoraideal.com.br\/index.php\/wp-json\/wp\/v2\/categories?post=53121"},{"taxonomy":"post_tag","embeddable":true,"href":"https:\/\/blog.corretoraideal.com.br\/index.php\/wp-json\/wp\/v2\/tags?post=53121"}],"curies":[{"name":"wp","href":"https:\/\/api.w.org\/{rel}","templated":true}]}}