{"id":53153,"date":"2023-09-21T14:30:19","date_gmt":"2023-09-21T14:30:19","guid":{"rendered":"https:\/\/blog.corretoraideal.com.br\/?p=53153"},"modified":"2023-09-21T14:30:19","modified_gmt":"2023-09-21T14:30:19","slug":"arrecadacao-do-governo-cai-41-em-agosto-a-terceira-queda-seguida-em-2023-economia-g1","status":"publish","type":"post","link":"https:\/\/blog.corretoraideal.com.br\/index.php\/2023\/09\/21\/arrecadacao-do-governo-cai-41-em-agosto-a-terceira-queda-seguida-em-2023-economia-g1\/","title":{"rendered":"Arrecada\u00e7\u00e3o do governo cai 4,1% em agosto, a terceira queda seguida em 2023 | Economia | G1"},"content":{"rendered":"\n<ul>\n<li>\n<p> Arrecada\u00e7\u00e3o registrou queda nos meses de junho, julho e agosto <\/p>\n<\/li>\n<li>\n<p> Governo enviou medidas para o Congresso para tentar aumentar receitas <\/p>\n<\/li>\n<li>\n<p> Para zerar o d\u00e9ficit nas contas p\u00fablicas no pr\u00f3ximo ano, equipe econ\u00f4mica precisa elevar arrecada\u00e7\u00e3o em R$ 168 milh\u00f5es <\/p>\n<\/li>\n<li>\n<p> Especialistas avaliam que o governo ter\u00e1 dificuldades para atingir o objetivo sem cortar gastos <\/p>\n<\/li>\n<\/ul>\n<p> Arrecada\u00e7\u00e3o registrou queda nos meses de junho, julho e agosto <\/p>\n<p> Governo enviou medidas para o Congresso para tentar aumentar receitas <\/p>\n<p> Para zerar o d\u00e9ficit nas contas p\u00fablicas no pr\u00f3ximo ano, equipe econ\u00f4mica precisa elevar arrecada\u00e7\u00e3o em R$ 168 milh\u00f5es <\/p>\n<p> Especialistas avaliam que o governo ter\u00e1 dificuldades para atingir o objetivo sem cortar gastos <\/p>\n<p> A arrecada\u00e7\u00e3o de impostos, contribui\u00e7\u00f5es e demais receitas federais registrou queda real (depois de descontada a infla\u00e7\u00e3o) de 4,1% em agosto deste ano. Segundo divulgado pela <a class href=\"https:\/\/g1.globo.com\/tudo-sobre\/receita-federal\/\">Receita Federal<\/a> nesta quinta-feira (21), o montante arrecadado no m\u00eas passado foi de R$ 172,78 bilh\u00f5es. <\/p>\n<p> Esse foi o <strong>terceiro m\u00eas seguido de queda real da arrecada\u00e7\u00e3o<\/strong> em 2023. A compara\u00e7\u00e3o \u00e9 feita sempre contra o mesmo m\u00eas do ano passado, considerada mais apropriada por especialistas. <\/p>\n<p> <a class href=\"https:\/\/g1.globo.com\/economia\/noticia\/2023\/07\/25\/arrecadacao-federal-tem-queda-real-de-34percent-em-junho-para-r-18047-bilhoes.ghtml\">Em junho, o recuo havia sido de 3,4%<\/a> e, <a class href=\"https:\/\/g1.globo.com\/economia\/noticia\/2023\/08\/22\/arrecadacao-federal-tem-tombo-real-de-42percent-em-julho-para-r-2018-bilhoes.ghtml\">em julho, somou 4,2%<\/a>. <\/p>\n<p> De acordo com o chefe do Centro de Estudos Tribut\u00e1rios e Aduaneiros da Receita Federal, Claudemir Malaquias, a queda dos pre\u00e7os de &quot;commodities&quot;, como petr\u00f3leo e min\u00e9rio de ferro, explicam o recuo da arrecada\u00e7\u00e3o neste ano. <\/p>\n<p> Ele explicou que a arrecada\u00e7\u00e3o do IRPJ e da CSLL caiu R$ 8,6 bilh\u00f5es em agosto por conta desse fator. <\/p>\n<p> O resultado s\u00f3 n\u00e3o foi pior porque a arrecada\u00e7\u00e3o do PIS\/Cofins subiu R$ 2,1 bilh\u00f5es em agosto por conta da eleva\u00e7\u00e3o dos tributos sobre os combust\u00edveis anunciada pela equipe econ\u00f4mica. <\/p>\n<p><h2>Arrecada\u00e7\u00e3o tamb\u00e9m cai na parcial do ano<\/h2>\n<\/p>\n<p> Com a nova redu\u00e7\u00e3o real em agosto desse ano, a arrecada\u00e7\u00e3o do governo tamb\u00e9m registrou queda no acumulado de 2023. <\/p>\n<p> Na parcial dos oito primeiros meses deste ano, o recuo foi de 0,83% contra o mesmo per\u00edodo de 2022. <\/p>\n<p> De janeiro a agosto de 2023, foram arrecadados R$ 1,51 trilh\u00e3o. Em valores corrigidos pelo IPCA, a arrecada\u00e7\u00e3o parcial de 2023 somou R$ 1,53 trilh\u00e3o, contra R$ 1,54 trilh\u00e3o no mesmo per\u00edodo de 2022. <\/p>\n<p>                   <img loading=\"lazy\" decoding=\"async\" class=\"aligncenter size-full wp-image-53155\" src=\"https:\/\/blog.corretoraideal.com.br\/wp-content\/uploads\/2023\/09\/tebet-diz-acreditar-em-meta-de-deficit-zero.jpeg\" alt=\"Tebet diz acreditar em meta de d\u00e9ficit zero\" width=\"800\" height=\"400\" \/>      <\/p>\n<p> Tebet diz acreditar em meta de d\u00e9ficit zero <\/p>\n<p><h2>Tentativa de zerar d\u00e9ficit<\/h2>\n<\/p>\n<p> Os n\u00fameros foram divulgados em um momento de discuss\u00e3o pelo <a class href=\"https:\/\/g1.globo.com\/tudo-sobre\/congresso-nacional\/\">Congresso Nacional<\/a> de medidas enviadas pelo governo federal para tentar elevar as receitas no or\u00e7amento de 2024. <\/p>\n<p> O objetivo \u00e9 buscar um d\u00e9ficit zero para as contas p\u00fablicas \u2013 <a class href=\"https:\/\/g1.globo.com\/economia\/noticia\/2023\/08\/31\/orcamento-governo-propoe-deficit-zero-em-suas-contas-em-2024.ghtml\">promessa da equipe econ\u00f4mica que foi inclu\u00edda na proposta de or\u00e7amento do pr\u00f3ximo ano. <\/a> <\/p>\n<p> Entre as medidas anunciadas, est\u00e3o as <a class href=\"https:\/\/g1.globo.com\/politica\/noticia\/2023\/09\/21\/governo-sanciona-com-vetos-lei-que-determina-retorno-do-voto-de-qualidade-no-carf.ghtml\">mudan\u00e7as no Carf<\/a>, a <a class href=\"https:\/\/g1.globo.com\/economia\/noticia\/2023\/08\/31\/veja-as-medidas-propostas-para-elevar-arrecadacao-no-orcamento-2024-carf-fundos-exclusivos-e-juros-sobre-capital-proprio.ghtml\">taxa\u00e7\u00e3o de fundos exclusivos e o fim do regime de juros sobre capital pr\u00f3prio.<\/a> <\/p>\n<p> O governo j\u00e1 informou <a class href=\"https:\/\/g1.globo.com\/economia\/noticia\/2023\/09\/03\/governo-precisara-de-r-168-bilhoes-a-mais-em-2024-para-fechar-as-contas-especialistas-veem-otimismo-e-meta-distante.ghtml\">que precisar\u00e1 de R$ 168 bilh\u00f5es a mais para fechar as contas em 2024,<\/a> mas, se a arrecada\u00e7\u00e3o continuar caindo, a obten\u00e7\u00e3o do equil\u00edbrio nas contas em 2024 ser\u00e1 mais dif\u00edcil. <\/p>\n<p> Para especialistas ouvidos pelo <a class href=\"http:\/\/g1.globo.com\">g1<\/a>, al\u00e9m de tentar aumentar receitas, <a class href=\"https:\/\/g1.globo.com\/economia\/noticia\/2023\/09\/17\/economistas-pedem-ao-governo-maior-enfase-na-reducao-de-gastos-e-indicam-possiveis-cortes.ghtml\">equipe econ\u00f4mica precisa cortar gastos<\/a>. <\/p>\n<ul>\n<li> <a href=\"https:\/\/g1.globo.com\/tudo-sobre\/congresso-nacional\/\" class=\"entities__list-itemLink\" data-track-click=\"Congresso Nacional\"> Congresso Nacional <\/a> <\/li>\n<li> <a href=\"https:\/\/g1.globo.com\/tudo-sobre\/ministerio-da-fazenda\/\" class=\"entities__list-itemLink\" data-track-click=\"Minist\u00e9rio da Fazenda\"> Minist\u00e9rio da Fazenda <\/a> <\/li>\n<li> <a href=\"https:\/\/g1.globo.com\/tudo-sobre\/receita-federal\/\" class=\"entities__list-itemLink\" data-track-click=\"Receita Federal\"> Receita Federal <\/a> <\/li>\n<\/ul>\n","protected":false},"excerpt":{"rendered":"<p>Arrecada\u00e7\u00e3o registrou queda nos meses de junho, julho e agosto Governo enviou medidas para o Congresso para tentar aumentar receitas Para zerar o d\u00e9ficit nas contas p\u00fablicas no pr\u00f3ximo ano, equipe econ\u00f4mica precisa elevar arrecada\u00e7\u00e3o em R$ 168 milh\u00f5es Especialistas avaliam que o governo ter\u00e1 dificuldades para atingir o objetivo sem cortar gastos Arrecada\u00e7\u00e3o registrou [&hellip;]<\/p>\n","protected":false},"author":1,"featured_media":0,"comment_status":"closed","ping_status":"closed","sticky":false,"template":"","format":"standard","meta":{"footnotes":""},"categories":[],"tags":[],"class_list":["post-53153","post","type-post","status-publish","format-standard","hentry"],"_links":{"self":[{"href":"https:\/\/blog.corretoraideal.com.br\/index.php\/wp-json\/wp\/v2\/posts\/53153","targetHints":{"allow":["GET"]}}],"collection":[{"href":"https:\/\/blog.corretoraideal.com.br\/index.php\/wp-json\/wp\/v2\/posts"}],"about":[{"href":"https:\/\/blog.corretoraideal.com.br\/index.php\/wp-json\/wp\/v2\/types\/post"}],"author":[{"embeddable":true,"href":"https:\/\/blog.corretoraideal.com.br\/index.php\/wp-json\/wp\/v2\/users\/1"}],"replies":[{"embeddable":true,"href":"https:\/\/blog.corretoraideal.com.br\/index.php\/wp-json\/wp\/v2\/comments?post=53153"}],"version-history":[{"count":1,"href":"https:\/\/blog.corretoraideal.com.br\/index.php\/wp-json\/wp\/v2\/posts\/53153\/revisions"}],"predecessor-version":[{"id":53156,"href":"https:\/\/blog.corretoraideal.com.br\/index.php\/wp-json\/wp\/v2\/posts\/53153\/revisions\/53156"}],"wp:attachment":[{"href":"https:\/\/blog.corretoraideal.com.br\/index.php\/wp-json\/wp\/v2\/media?parent=53153"}],"wp:term":[{"taxonomy":"category","embeddable":true,"href":"https:\/\/blog.corretoraideal.com.br\/index.php\/wp-json\/wp\/v2\/categories?post=53153"},{"taxonomy":"post_tag","embeddable":true,"href":"https:\/\/blog.corretoraideal.com.br\/index.php\/wp-json\/wp\/v2\/tags?post=53153"}],"curies":[{"name":"wp","href":"https:\/\/api.w.org\/{rel}","templated":true}]}}