{"id":53164,"date":"2023-09-21T17:31:54","date_gmt":"2023-09-21T17:31:54","guid":{"rendered":"https:\/\/blog.corretoraideal.com.br\/?p=53164"},"modified":"2023-09-21T17:31:54","modified_gmt":"2023-09-21T17:31:54","slug":"pai-e-preso-e-confessa-estupro-contra-a-filha-de-2-anos-em-campos-no-rj-norte-fluminense-g1","status":"publish","type":"post","link":"https:\/\/blog.corretoraideal.com.br\/index.php\/2023\/09\/21\/pai-e-preso-e-confessa-estupro-contra-a-filha-de-2-anos-em-campos-no-rj-norte-fluminense-g1\/","title":{"rendered":"Pai \u00e9 preso e confessa estupro contra a filha de 2 anos em Campos, no RJ | Norte Fluminense | G1"},"content":{"rendered":"\n<p> Um homem de 38 anos foi preso na manh\u00e3 desta quinta-feira (21) na localidade de Campo Novo, em <a class href=\"https:\/\/g1.globo.com\/rj\/norte-fluminense\/cidade\/campos-dos-goytacazes\/\">Campos dos Goytacazes<\/a>, no Norte Fluminense, suspeito de estuprar a filha de 2 anos. <\/p>\n<p> Segundo a delegada Madeleine Dykeman, titular da Delegacia Especializada de Atendimento \u00e0 Mulher (Deam), o pai confessou o crime. <\/p>\n<p> \u201cEle confessou o crime no domingo. Ele confessou que depois da separa\u00e7\u00e3o, passou a se sentir deprimido e se sentiu atra\u00eddo pela filha confirmando todos os relatos da menina\u201d, disse a delegada. <\/p>\n<p> A delegada explica ainda que a m\u00e3e da v\u00edtima descobriu o crime com ajuda de uma funcion\u00e1ria da escola da menina, depois que a v\u00edtima contou para uma colega que o pai tirava a roupa dela e pedia para ela subir por cima dele. <\/p>\n<p> Ainda segundo a pol\u00edcia, o casal estava separado desde dezembro de 2022, e os quatro filhos ficavam com o pai no momento em que a m\u00e3e iria trabalhar. <\/p>\n<p> O homem chegou a ser ouvido na Deam, no \u00faltimo dia 17 de setembro, mas foi liberado por n\u00e3o haver nenhum mandado de pris\u00e3o e ter a situa\u00e7\u00e3o de flagrante. Na ocasi\u00e3o ele chegou a ser agredido pelos vizinhos. <\/p>\n<p> Homem deve ser transferido para o pres\u00eddio ainda nesta quinta-feira (21). <\/p>\n<ul>\n<li> <a href=\"https:\/\/g1.globo.com\/rj\/norte-fluminense\/cidade\/campos-dos-goytacazes\/\" class=\"entities__list-itemLink\" data-track-click=\"Campos dos Goytacazes\"> Campos dos Goytacazes <\/a> <\/li>\n<\/ul>\n","protected":false},"excerpt":{"rendered":"<p>Um homem de 38 anos foi preso na manh\u00e3 desta quinta-feira (21) na localidade de Campo Novo, em Campos dos Goytacazes, no Norte Fluminense, suspeito de estuprar a filha de 2 anos. Segundo a delegada Madeleine Dykeman, titular da Delegacia Especializada de Atendimento \u00e0 Mulher (Deam), o pai confessou o crime. \u201cEle confessou o crime [&hellip;]<\/p>\n","protected":false},"author":1,"featured_media":0,"comment_status":"closed","ping_status":"closed","sticky":false,"template":"","format":"standard","meta":{"footnotes":""},"categories":[],"tags":[],"class_list":["post-53164","post","type-post","status-publish","format-standard","hentry"],"_links":{"self":[{"href":"https:\/\/blog.corretoraideal.com.br\/index.php\/wp-json\/wp\/v2\/posts\/53164","targetHints":{"allow":["GET"]}}],"collection":[{"href":"https:\/\/blog.corretoraideal.com.br\/index.php\/wp-json\/wp\/v2\/posts"}],"about":[{"href":"https:\/\/blog.corretoraideal.com.br\/index.php\/wp-json\/wp\/v2\/types\/post"}],"author":[{"embeddable":true,"href":"https:\/\/blog.corretoraideal.com.br\/index.php\/wp-json\/wp\/v2\/users\/1"}],"replies":[{"embeddable":true,"href":"https:\/\/blog.corretoraideal.com.br\/index.php\/wp-json\/wp\/v2\/comments?post=53164"}],"version-history":[{"count":1,"href":"https:\/\/blog.corretoraideal.com.br\/index.php\/wp-json\/wp\/v2\/posts\/53164\/revisions"}],"predecessor-version":[{"id":53166,"href":"https:\/\/blog.corretoraideal.com.br\/index.php\/wp-json\/wp\/v2\/posts\/53164\/revisions\/53166"}],"wp:attachment":[{"href":"https:\/\/blog.corretoraideal.com.br\/index.php\/wp-json\/wp\/v2\/media?parent=53164"}],"wp:term":[{"taxonomy":"category","embeddable":true,"href":"https:\/\/blog.corretoraideal.com.br\/index.php\/wp-json\/wp\/v2\/categories?post=53164"},{"taxonomy":"post_tag","embeddable":true,"href":"https:\/\/blog.corretoraideal.com.br\/index.php\/wp-json\/wp\/v2\/tags?post=53164"}],"curies":[{"name":"wp","href":"https:\/\/api.w.org\/{rel}","templated":true}]}}