{"id":53167,"date":"2023-09-21T19:29:45","date_gmt":"2023-09-21T19:29:45","guid":{"rendered":"https:\/\/blog.corretoraideal.com.br\/?p=53167"},"modified":"2023-09-21T19:29:45","modified_gmt":"2023-09-21T19:29:45","slug":"o-superalimento-comido-no-mexico-desde-os-astecas-e-que-no-brasil-virou-racao-agronegocios-g1","status":"publish","type":"post","link":"https:\/\/blog.corretoraideal.com.br\/index.php\/2023\/09\/21\/o-superalimento-comido-no-mexico-desde-os-astecas-e-que-no-brasil-virou-racao-agronegocios-g1\/","title":{"rendered":"O &#039;superalimento&#039; comido no M\u00e9xico desde os astecas \u2014 e que no Brasil virou ra\u00e7\u00e3o | Agroneg\u00f3cios | G1"},"content":{"rendered":"<p>      1 de 6&#013;No M\u00e9xico, o consumo de nopales vem da \u00e9poca pr\u00e9-hisp\u00e2nica \u2014 Foto: GETTY IMAGES    <\/p>\n<p> No M\u00e9xico, o consumo de nopales vem da \u00e9poca pr\u00e9-hisp\u00e2nica \u2014 Foto: GETTY IMAGES <\/p>\n<p> Quando Rita Garc\u00eda se levanta, o c\u00e9u, pontilhado de estrelas, parece pintado com tinta preta. <\/p>\n<p> Silenciosamente, ela pega uma pequena lanterna que estava na mesa de cabeceira, cal\u00e7a os sapatos e sai para o ar quente do deserto. <\/p>\n<p> Entra em uma cozinha improvisada que estava coberta. <\/p>\n<p> L\u00e1 dentro, se senta em uma cadeira de pl\u00e1stico, mete a m\u00e3o num balde grande e pega cuidadosamente o primeiro nopal \u2013 um tipo de cacto em forma de raquete \u2013 no lugar certo para evitar se machucar com os espinhos. <\/p>\n<p> Usando um pequeno canivete, ela habilmente faz movimentos r\u00e1pidos e torce levemente o nopal para cortar os espinhos perfeitamente. <\/p>\n<p> Ao terminar, Garc\u00eda joga o cacto em um saco e continua com os pr\u00f3ximos. S\u00e3o apenas 3h da manh\u00e3 e faltam mais tr\u00eas horas para o caminh\u00e3o chegar \u00e0 fazenda de sua fam\u00edlia para buscar sua preciosa carga: 11 sacas no total. <\/p>\n<p> Seu destino: o mercado. <\/p>\n<p> Tal como seus antepassados, Garc\u00eda continua uma longa tradi\u00e7\u00e3o de colheita de nopales, um dos alimentos b\u00e1sicos mais apreciados do M\u00e9xico. <\/p>\n<p> No Brasil, onde \u00e9 conhecida como palma forrageira, a esp\u00e9cie se tornou bastante popular no Semi\u00e1rido, sendo usada principalmente como ra\u00e7\u00e3o para animais. <\/p>\n<p> <strong>Leia tamb\u00e9m:<\/strong> <\/p>\n<ul>\n<li><a class href=\"https:\/\/g1.globo.com\/economia\/agronegocios\/noticia\/2023\/09\/21\/camarao-entre-os-mais-saborosos-do-mundo-tem-mais-de-30-cm-e-custa-r-400-por-quilo-raridade.ghtml\"> Camar\u00e3o entre os mais saborosos do mundo tem mais de 30 cm e custa R$ 400 por kg<\/a><\/li>\n<li><a class href=\"https:\/\/g1.globo.com\/economia\/agronegocios\/agro-de-gente-pra-gente\/noticia\/2023\/09\/20\/bonsai-pode-dar-frutos-viver-centenas-de-anos-e-ficar-mais-alto-do-que-uma-pessoa.ghtml\">Bonsai pode dar frutos, viver centenas de anos e ficar mais alto do que uma pessoa<\/a><\/li>\n<\/ul>\n<p><h2>Identidade nacional<\/h2>\n<\/p>\n<p> O que Garc\u00eda fez em cinco segundos, levou cinco minutos para mim, a convidada inexperiente, e ainda assim n\u00e3o fiz direito. At\u00e9 Garc\u00eda riu quando lhe mostrei meu cacto cortado. <\/p>\n<p> Apesar da apar\u00eancia, serviu como parte da salada de cactos que preparamos para o almo\u00e7o na fazenda de sua fam\u00edlia, El Barranco, localizada cerca de 48 km ao norte de Cabo San Lucas, na pen\u00ednsula mexicana da Baixa Calif\u00f3rnia. <\/p>\n<p>         2 de 6&#013;O C\u00f3dice Azcatitlan, onde os astecas s\u00e3o vistos atravessando montanhas cobertas de vegeta\u00e7\u00e3o, entre as quais se avistam nopales \u2014 Foto: GETTY IMAGES    <\/p>\n<p> O C\u00f3dice Azcatitlan, onde os astecas s\u00e3o vistos atravessando montanhas cobertas de vegeta\u00e7\u00e3o, entre as quais se avistam nopales \u2014 Foto: GETTY IMAGES <\/p>\n<p> Conhecidos como um dos ingredientes mais tradicionais da culin\u00e1ria mexicana, os nopales est\u00e3o de volta. <\/p>\n<p> Este alimento nutritivo pode ser encontrado em quase todos os lugares, desde casas, taquerias, restaurantes e aulas de culin\u00e1ria no M\u00e9xico, at\u00e9 se infiltrar na culin\u00e1ria do sudoeste americano. <\/p>\n<p> &quot;O cacto nopal vem de uma palavra n\u00e1uatle [l\u00edngua ind\u00edgena da civiliza\u00e7\u00e3o asteca], &#x27;nohpalli&#x27;, que remonta aos tempos pr\u00e9-colombianos&quot;, diz Danny P\u00e9rez, nosso guia da Dharma Expedi\u00e7\u00f5es, uma empresa de turismo com sede em Los Cabos que conecta viajantes a fazendeiros e \u00e0 comunidade local para uma aula de culin\u00e1ria tradicional. <\/p>\n<p>         3 de 6&#013;Ingredientes tradicionais da gastronomia mexicana: milho, pimenta e nopal. Foto tirada na fazenda Casa Cuubi em San Antonino Castillo Velasco, perto de Oaxaca \u2014 Foto: INPHO    <\/p>\n<p> Ingredientes tradicionais da gastronomia mexicana: milho, pimenta e nopal. Foto tirada na fazenda Casa Cuubi em San Antonino Castillo Velasco, perto de Oaxaca \u2014 Foto: INPHO <\/p>\n<p>&quot;Este cacto est\u00e1 profundamente enraizado na nossa cultura e identidade nacional&quot;, observa Danny, enquanto visitamos a fazenda da fam\u00edlia Garc\u00eda.<\/p>\n<p> &quot;Pode ser encontrado em nossa bandeira, na arte e at\u00e9 na mitologia antiga baseada na funda\u00e7\u00e3o de Tenochtitl\u00e1n, a antiga capital asteca e atual Cidade do M\u00e9xico. \u00c9 muito simb\u00f3lico para o povo mexicano.\u201d <\/p>\n<p> Passando por cabras, arbustos nativos do deserto e um pequeno jardim familiar, \u00e9 f\u00e1cil ver por que os cactos se tornaram t\u00e3o arraigados na vida mexicana. <\/p>\n<p> Crescem em todos os lugares, reproduzem-se facilmente e florescem mesmo em climas adversos como o da pen\u00ednsula da Baixa Calif\u00f3rnia. <\/p>\n<p> Num local onde chove muito pouco, os cactos n\u00e3o s\u00f3 sobrevivem, como prosperam, tal como Garc\u00eda e seus antepassados, que viveram e trabalharam nesta terra \u00e1rida e in\u00f3spita durante s\u00e9culos. <\/p>\n<p><h2>Vitaminas<\/h2>\n<\/p>\n<p> Enquanto Garc\u00eda nos mostra como selecionar nopales perfeitamente maduros \u2013 aqueles que s\u00e3o jovens e vibrantes, de cor verde brilhante \u2013 ela nos diz que eles geralmente s\u00e3o mais macios e suculentos na primavera, mas podem ser colhidos durante todo o ano. <\/p>\n<p> Com seu sabor muito particular e capacidade de fazer parte de quase todas as refei\u00e7\u00f5es, os nopales t\u00eam sido um importante alimento b\u00e1sico mexicano durante s\u00e9culos. <\/p>\n<p>         4 de 6&#013;Vendedores de nopales no mercado de San Miguel de Allende, no M\u00e9xico \u2014 Foto: GETTY IMAGES    <\/p>\n<p> Vendedores de nopales no mercado de San Miguel de Allende, no M\u00e9xico \u2014 Foto: GETTY IMAGES <\/p>\n<p>S\u00e3o extremamente saud\u00e1veis, nutritivos e vers\u00e1teis. Repletos de vitaminas, minerais e fibras alimentares, cada raquete de nopal pode encher um est\u00f4mago faminto por horas, explica Garc\u00eda.<\/p>\n<p> \u00c9 por isso que eles s\u00e3o um pilar alimentar em quase todos os lares mexicanos. <\/p>\n<p> &quot;Voc\u00ea pode fazer tudo com esse cacto&quot;, diz Garc\u00eda enquanto nos ajuda a preparar a comida. <\/p>\n<p> &quot;Pode cozinhar, grelhar, comer cru, como suco, adicion\u00e1-lo a ensopados, molhos ou ovos.\u201d <\/p>\n<p> &quot;\u00c9 um &#x27;superalimento&#x27; mexicano&quot;, diz a filha dela, Joycelyn. <\/p>\n<p>         5 de 6&#013;Vendedor limpa nopales no mercado atacadista Central de Abasto, na Cidade do M\u00e9xico \u2014 Foto: ALFREDO ESTRELLA\/AFP VIA GETTY IMAGES    <\/p>\n<p> Vendedor limpa nopales no mercado atacadista Central de Abasto, na Cidade do M\u00e9xico \u2014 Foto: ALFREDO ESTRELLA\/AFP VIA GETTY IMAGES <\/p>\n<p> Al\u00e9m da raquete, os nopales tamb\u00e9m carregam uma pequena fruta de formato oval chamada figo-da-\u00cdndia, que tem sabor adocicado semelhante ao da melancia e \u00e9 usada em sucos, coquet\u00e9is e geleias. <\/p>\n<p> Enquanto recolh\u00edamos os tomates, cebolas, alho e coentro para a salada, todos frescos da fazenda, Jocelyn rapidamente nos mostra como fatiar os nopales. <\/p>\n<p> &quot;Segure eles firmemente enquanto corta, primeiro no sentido do comprimento e depois na largura\u201d, ela nos instruiu. <\/p>\n<p> Os nopales s\u00e3o pegajosos e viscosos por serem cheios de mucilagem, subst\u00e2ncia espessa que \u00e9 a guardi\u00e3 da fibra do cacto. <\/p>\n<p>         6 de 6&#013;Os nopales s\u00e3o pegajosos e viscosos por serem cheios de mucilagem, subst\u00e2ncia espessa que \u00e9 a guardi\u00e3 da fibra do cacto. \u2014 Foto: GETTY IMAGES    <\/p>\n<p> Os nopales s\u00e3o pegajosos e viscosos por serem cheios de mucilagem, subst\u00e2ncia espessa que \u00e9 a guardi\u00e3 da fibra do cacto. \u2014 Foto: GETTY IMAGES <\/p>\n<p> Cozinhamos nossos nopales em uma tradicional grelha a carv\u00e3o e esperamos. <\/p>\n<p> Dez minutos depois, eles estavam perfeitamente cozidos, escorridos e prontos para esfriar. Preparamos a salada enquanto P\u00e9rez tocava viol\u00e3o. <\/p>\n<p> Finalmente chegou a hora de montar nosso primeiro taco. <\/p>\n<p> Peguei uma tortilla de milho rec\u00e9m-preparada, recheei com salada de nopales, salsas vermelha e verde (dois molhos apimentados t\u00edpicos da culin\u00e1ria mexicana) e queijo de cabra fresco feito na fazenda naquele dia. <\/p>\n<p> &quot;Este \u00e9 o verdadeiro significado da comida que vai do campo \u00e0 mesa&quot;, sorri Garc\u00eda enquanto ouv\u00edamos o balido das cabras. <\/p>\n<p> Leia a vers\u00e3o original desta reportagem (em ingl\u00eas) no site BBC Travel. <\/p>\n<p><h2>Saiba como alimentos s\u00e3o produzidos no Brasil<\/h2>\n<\/p>\n<p>                       <img loading=\"lazy\" decoding=\"async\" class=\"aligncenter size-full wp-image-53169\" src=\"https:\/\/blog.corretoraideal.com.br\/wp-content\/uploads\/2023\/09\/de-onde-vem-o-que-eu-como-flores-comestiveis.jpeg\" alt=\"De onde vem o que eu como: flores comest\u00edveis\" width=\"800\" height=\"400\" \/>      <\/p>\n<p> De onde vem o que eu como: flores comest\u00edveis <\/p>\n<p>                    <img loading=\"lazy\" decoding=\"async\" class=\"aligncenter size-full wp-image-53170\" src=\"https:\/\/blog.corretoraideal.com.br\/wp-content\/uploads\/2023\/09\/de-onde-vem-a-tangerina-2.jpeg\" alt=\"De onde vem a tangerina\" width=\"800\" height=\"400\" \/>      <\/p>\n<p> De onde vem a tangerina <\/p>\n<p>                    <img loading=\"lazy\" decoding=\"async\" class=\"aligncenter size-full wp-image-53171\" src=\"https:\/\/blog.corretoraideal.com.br\/wp-content\/uploads\/2023\/09\/cachaca-tem-cabeca-coracao-e-cauda-saiba-qual-parte-pode-ser-consumida-2.jpeg\" alt=\"Cacha\u00e7a tem cabe\u00e7a, cora\u00e7\u00e3o e cauda; saiba qual parte pode ser consumida\" width=\"800\" height=\"400\" \/>      <\/p>\n<p> Cacha\u00e7a tem cabe\u00e7a, cora\u00e7\u00e3o e cauda; saiba qual parte pode ser consumida <\/p>\n<ul> <\/ul>\n","protected":false},"excerpt":{"rendered":"<p>1 de 6&#013;No M\u00e9xico, o consumo de nopales vem da \u00e9poca pr\u00e9-hisp\u00e2nica \u2014 Foto: GETTY IMAGES No M\u00e9xico, o consumo de nopales vem da \u00e9poca pr\u00e9-hisp\u00e2nica \u2014 Foto: GETTY IMAGES Quando Rita Garc\u00eda se levanta, o c\u00e9u, pontilhado de estrelas, parece pintado com tinta preta. Silenciosamente, ela pega uma pequena lanterna que estava na mesa [&hellip;]<\/p>\n","protected":false},"author":1,"featured_media":0,"comment_status":"closed","ping_status":"closed","sticky":false,"template":"","format":"standard","meta":{"footnotes":""},"categories":[],"tags":[],"class_list":["post-53167","post","type-post","status-publish","format-standard","hentry"],"_links":{"self":[{"href":"https:\/\/blog.corretoraideal.com.br\/index.php\/wp-json\/wp\/v2\/posts\/53167","targetHints":{"allow":["GET"]}}],"collection":[{"href":"https:\/\/blog.corretoraideal.com.br\/index.php\/wp-json\/wp\/v2\/posts"}],"about":[{"href":"https:\/\/blog.corretoraideal.com.br\/index.php\/wp-json\/wp\/v2\/types\/post"}],"author":[{"embeddable":true,"href":"https:\/\/blog.corretoraideal.com.br\/index.php\/wp-json\/wp\/v2\/users\/1"}],"replies":[{"embeddable":true,"href":"https:\/\/blog.corretoraideal.com.br\/index.php\/wp-json\/wp\/v2\/comments?post=53167"}],"version-history":[{"count":1,"href":"https:\/\/blog.corretoraideal.com.br\/index.php\/wp-json\/wp\/v2\/posts\/53167\/revisions"}],"predecessor-version":[{"id":53172,"href":"https:\/\/blog.corretoraideal.com.br\/index.php\/wp-json\/wp\/v2\/posts\/53167\/revisions\/53172"}],"wp:attachment":[{"href":"https:\/\/blog.corretoraideal.com.br\/index.php\/wp-json\/wp\/v2\/media?parent=53167"}],"wp:term":[{"taxonomy":"category","embeddable":true,"href":"https:\/\/blog.corretoraideal.com.br\/index.php\/wp-json\/wp\/v2\/categories?post=53167"},{"taxonomy":"post_tag","embeddable":true,"href":"https:\/\/blog.corretoraideal.com.br\/index.php\/wp-json\/wp\/v2\/tags?post=53167"}],"curies":[{"name":"wp","href":"https:\/\/api.w.org\/{rel}","templated":true}]}}