{"id":53177,"date":"2023-09-21T22:29:35","date_gmt":"2023-09-21T22:29:35","guid":{"rendered":"https:\/\/blog.corretoraideal.com.br\/?p=53177"},"modified":"2023-09-21T22:29:35","modified_gmt":"2023-09-21T22:29:35","slug":"xv-mostra-de-extensao-na-uenf-recebe-inscricoes-da-comunidade-cientifica-e-populacao-em-geral-norte-fluminense-g1","status":"publish","type":"post","link":"https:\/\/blog.corretoraideal.com.br\/index.php\/2023\/09\/21\/xv-mostra-de-extensao-na-uenf-recebe-inscricoes-da-comunidade-cientifica-e-populacao-em-geral-norte-fluminense-g1\/","title":{"rendered":"XV Mostra de Extens\u00e3o na Uenf recebe inscri\u00e7\u00f5es da comunidade cient\u00edfica e popula\u00e7\u00e3o em geral | Norte Fluminense | G1"},"content":{"rendered":"\n<p> A XV Mostra de Extens\u00e3o que ser\u00e1 realizada em outubro na Universidade Estadual do Norte Fluminense Darcy Ribeiro (<a class href=\"https:\/\/g1.globo.com\/educacao\/universidade\/uenf\/\">Uenf<\/a>), em <a class href=\"https:\/\/g1.globo.com\/rj\/norte-fluminense\/cidade\/campos-dos-goytacazes\/\">Campos dos Goytacazes<\/a>, est\u00e1 com inscri\u00e7\u00f5es abertas para a comunidade cient\u00edfica e popula\u00e7\u00e3o em geral. <\/p>\n<p> A iniciativa \u00e9 organizada em parceria com as Institui\u00e7\u00f5es de Ensino Superior, T\u00e9cnica e Tecnol\u00f3gica, como a Uenf, UFF, IFF e VII UFRRJ. A tem\u00e1tica envolve &quot;A extens\u00e3o como intera\u00e7\u00e3o entre o desenvolvimento sustent\u00e1vel e a produ\u00e7\u00e3o de conhecimento&quot;. <\/p>\n<p> As inscri\u00e7\u00f5es s\u00e3o gratuitas podem ser feitas pela internet, <a class href=\"https:\/\/www.even3.com.br\/mostradeextensao2023\/\" target=\"_blank\" rel=\"noopener noreferrer\">no link do evento<\/a>, at\u00e9 o dia 17 de outubro. J\u00e1 o evento est\u00e1 marcado para os dias 17 a 19 de outubro de 2023. Ele vai ocorrer de forma hibrida no Centro de Conven\u00e7\u00f5es da Uenf, com transmiss\u00e3o da programa\u00e7\u00e3o pelo canal Uenf TV. <\/p>\n<p> O evento tamb\u00e9m est\u00e1 recebendo submiss\u00e3o de trabalhos at\u00e9 o dia 2 de outubro nas categorias resumo e banner. Mais informa\u00e7\u00f5es est\u00e3o dispon\u00edveis <a class href=\"https:\/\/www.even3.com.br\/mostradeextensao2023\/\" target=\"_blank\" rel=\"noopener noreferrer\">no link do evento<\/a>, onde os interessados tamb\u00e9m encontram as normas para participa\u00e7\u00e3o. <\/p>\n<p> &quot;A Mostra refor\u00e7a a rela\u00e7\u00e3o dil\u00f3gica entre p\u00fablico acad\u00eamico e a comunidade do nosso territ\u00f3rio, tornado-se um &#x27;canal de comunica\u00e7\u00e3o e intera\u00e7\u00e3o&#x27; entre a comunidade cient\u00edfica e n\u00e3o cient\u00edfica, com o intuito de adotar estrat\u00e9gias que busquem solu\u00e7\u00f5es para os problemas regionais e, consequentemente, reduzam as desigualdades sociais&quot;, divulga a organiza\u00e7\u00e3o. <\/p>\n<p> Durante o evento, ser\u00e3o realizadas atividades acad\u00eamicas, apresenta\u00e7\u00f5es de trabalhos de extens\u00e3o, palestras e atividades art\u00edsticas e culturais. <\/p>\n<p><h2>Novidade<\/h2>\n<\/p>\n<p> Este ano as apresenta\u00e7\u00f5es ser\u00e3o no formato Circuito, os projetos dever\u00e3o ser apresentados para toda a comunidade participante. <\/p>\n<p> &quot;Teremos a cada dia um grupo realizando a exposi\u00e7\u00e3o dos seus trabalhos, divididos em 03 turnos (manh\u00e3, tarde e noite), al\u00e9m das palestras e atividades culturais&quot;, divulga a Uenf. <\/p>\n<ul>\n<li> <a href=\"https:\/\/g1.globo.com\/rj\/norte-fluminense\/cidade\/campos-dos-goytacazes\/\" class=\"entities__list-itemLink\" data-track-click=\"Campos dos Goytacazes\"> Campos dos Goytacazes <\/a> <\/li>\n<\/ul>\n","protected":false},"excerpt":{"rendered":"<p>A XV Mostra de Extens\u00e3o que ser\u00e1 realizada em outubro na Universidade Estadual do Norte Fluminense Darcy Ribeiro (Uenf), em Campos dos Goytacazes, est\u00e1 com inscri\u00e7\u00f5es abertas para a comunidade cient\u00edfica e popula\u00e7\u00e3o em geral. A iniciativa \u00e9 organizada em parceria com as Institui\u00e7\u00f5es de Ensino Superior, T\u00e9cnica e Tecnol\u00f3gica, como a Uenf, UFF, IFF [&hellip;]<\/p>\n","protected":false},"author":1,"featured_media":0,"comment_status":"closed","ping_status":"closed","sticky":false,"template":"","format":"standard","meta":{"footnotes":""},"categories":[],"tags":[],"class_list":["post-53177","post","type-post","status-publish","format-standard","hentry"],"_links":{"self":[{"href":"https:\/\/blog.corretoraideal.com.br\/index.php\/wp-json\/wp\/v2\/posts\/53177","targetHints":{"allow":["GET"]}}],"collection":[{"href":"https:\/\/blog.corretoraideal.com.br\/index.php\/wp-json\/wp\/v2\/posts"}],"about":[{"href":"https:\/\/blog.corretoraideal.com.br\/index.php\/wp-json\/wp\/v2\/types\/post"}],"author":[{"embeddable":true,"href":"https:\/\/blog.corretoraideal.com.br\/index.php\/wp-json\/wp\/v2\/users\/1"}],"replies":[{"embeddable":true,"href":"https:\/\/blog.corretoraideal.com.br\/index.php\/wp-json\/wp\/v2\/comments?post=53177"}],"version-history":[{"count":1,"href":"https:\/\/blog.corretoraideal.com.br\/index.php\/wp-json\/wp\/v2\/posts\/53177\/revisions"}],"predecessor-version":[{"id":53179,"href":"https:\/\/blog.corretoraideal.com.br\/index.php\/wp-json\/wp\/v2\/posts\/53177\/revisions\/53179"}],"wp:attachment":[{"href":"https:\/\/blog.corretoraideal.com.br\/index.php\/wp-json\/wp\/v2\/media?parent=53177"}],"wp:term":[{"taxonomy":"category","embeddable":true,"href":"https:\/\/blog.corretoraideal.com.br\/index.php\/wp-json\/wp\/v2\/categories?post=53177"},{"taxonomy":"post_tag","embeddable":true,"href":"https:\/\/blog.corretoraideal.com.br\/index.php\/wp-json\/wp\/v2\/tags?post=53177"}],"curies":[{"name":"wp","href":"https:\/\/api.w.org\/{rel}","templated":true}]}}