{"id":53180,"date":"2023-09-22T00:32:02","date_gmt":"2023-09-22T00:32:02","guid":{"rendered":"https:\/\/blog.corretoraideal.com.br\/?p=53180"},"modified":"2023-09-22T00:32:02","modified_gmt":"2023-09-22T00:32:02","slug":"morango-fenix-produtores-de-atibaia-iniciam-cultivo-de-nova-especie-da-fruta-vale-do-paraiba-e-regiao-g1","status":"publish","type":"post","link":"https:\/\/blog.corretoraideal.com.br\/index.php\/2023\/09\/22\/morango-fenix-produtores-de-atibaia-iniciam-cultivo-de-nova-especie-da-fruta-vale-do-paraiba-e-regiao-g1\/","title":{"rendered":"Morango F\u00eanix: produtores de Atibaia iniciam cultivo de nova esp\u00e9cie da fruta | Vale do Para\u00edba e Regi\u00e3o | G1"},"content":{"rendered":"<p>                <img loading=\"lazy\" decoding=\"async\" class=\"aligncenter size-full wp-image-53182\" src=\"https:\/\/blog.corretoraideal.com.br\/wp-content\/uploads\/2023\/09\/nova-especie-de-morango-chega-aos-produtores-em-atibaia.jpeg\" alt=\"Nova esp\u00e9cie de morango chega aos produtores em Atibaia\" width=\"800\" height=\"400\" \/>      <\/p>\n<p> Nova esp\u00e9cie de morango chega aos produtores em Atibaia <\/p>\n<p> Os produtores de morango de <a class href=\"https:\/\/g1.globo.com\/sp\/vale-do-paraiba-regiao\/cidade\/atibaia\/\">Atibaia<\/a> iniciaram o cultivo de uma nova esp\u00e9cie da tradicional fruta que move a economia da cidade. O morango f\u00eanix \u00e9 um novo tipo da fruta, esp\u00e9cie que surgiu ap\u00f3s o trabalho de mais de cinco anos desenvolvido pela <a class href=\"https:\/\/g1.globo.com\/tudo-sobre\/embrapa\/\">Embrapa<\/a> em todo o pa\u00eds. <\/p>\n<p> Segundo os pesquisadores, a esp\u00e9cie f\u00eanix \u00e9 mais resistente a pragas, dura mais ap\u00f3s a colheita e \u00e9 mais doce; tudo gra\u00e7as ao desenvolvimento gen\u00e9tico das mudas &#8211; veja mais detalhes abaixo. <\/p>\n<p> Ap\u00f3s anos de pesquisa, a Embrapa entregou as mudas prontas para produtores de v\u00e1rios estados. O plantio e o crescimento foram monitorados de perto. <\/p>\n<p> Em Atibaia, os resultados agradaram e agora a cidade ser\u00e1 a refer\u00eancia na produ\u00e7\u00e3o dessa esp\u00e9cie. Para a associa\u00e7\u00e3o dos produtores de morango da cidade, ter uma esp\u00e9cie nacional para plantar ajuda a reduzir os custos da planta\u00e7\u00e3o, isso porque as mudas plantadas atualmente s\u00e3o todas importadas. <\/p>\n<p>         1 de 2&#013;Morango BRS DC25 F\u00eanix. \u2014 Foto: Francisco Lima\/Embrapa    <\/p>\n<p> Morango BRS DC25 F\u00eanix. \u2014 Foto: Francisco Lima\/Embrapa <\/p>\n<p><h2>Morango f\u00eanix<\/h2>\n<\/p>\n<p> O nome t\u00e9cnico do morango f\u00eanix \u00e9 BRS DC25. Esse morango se destaca pela precocidade do in\u00edcio da produ\u00e7\u00e3o dos frutos, o que permite intervalo menor entre plantio e in\u00edcio da colheita, aumentando a janela de produ\u00e7\u00e3o por at\u00e9 sete meses &#8211; de junho a dezembro &#8211; e estendendo a oferta de frutas de qualidade. <\/p>\n<p> Segundo a Embrapa, o morango tamb\u00e9m se destaca pelo equil\u00edbrio entre a\u00e7\u00facar e acidez, o que resulta em frutas de sabor mais doce, atendendo \u00e0 prefer\u00eancia nacional. <\/p>\n<p> Al\u00e9m do sabor adocicado, a fruta apresenta boa firmeza, com maior resist\u00eancia ao transporte e \u00f3tima durabilidade p\u00f3s-colheita, garantindo mais tempo de prateleira. <\/p>\n<p> Os morangos da esp\u00e9cie s\u00e3o grandes, com peso m\u00e9dio de 23 gramas, e de cor vermelha intensa, com predomin\u00e2ncia do formato c\u00f4nico, t\u00edpico do morango. <\/p>\n<p> A nova variedade \u00e9 destinada ao consumo in natura, mas tamb\u00e9m pode ser utilizada na ind\u00fastria de frutas congeladas. \u00c9 recomendada para as regi\u00f5es Sul e Sudeste do Brasil, sendo adequada aos sistemas de produ\u00e7\u00e3o convencional e org\u00e2nico. <\/p>\n<p>         2 de 2&#013;Morango BRS DC25 F\u00eanix. \u2014 Foto: Francisco Lima\/Embrapa    <\/p>\n<p> Morango BRS DC25 F\u00eanix. \u2014 Foto: Francisco Lima\/Embrapa <\/p>\n<p><h2>Veja mais not\u00edcias do Vale do Para\u00edba e regi\u00e3o bragantina<\/h2>\n<\/p>\n<p>   <a href=\"https:\/\/g1.globo.com\/sp\/vale-do-paraiba-regiao\/playlist\/videos-tudo-sobre-o-vale-do-paraiba-e-regiao-bragantina.ghtml\">    50 v\u00eddeos      <\/a>   <\/p>\n<ul>\n<li> <a href=\"https:\/\/g1.globo.com\/sp\/vale-do-paraiba-regiao\/cidade\/atibaia\/\" class=\"entities__list-itemLink\" data-track-click=\"Atibaia\"> Atibaia <\/a> <\/li>\n<li> <a href=\"https:\/\/g1.globo.com\/tudo-sobre\/embrapa\/\" class=\"entities__list-itemLink\" data-track-click=\"Embrapa\"> Embrapa <\/a> <\/li>\n<\/ul>\n","protected":false},"excerpt":{"rendered":"<p>Nova esp\u00e9cie de morango chega aos produtores em Atibaia Os produtores de morango de Atibaia iniciaram o cultivo de uma nova esp\u00e9cie da tradicional fruta que move a economia da cidade. O morango f\u00eanix \u00e9 um novo tipo da fruta, esp\u00e9cie que surgiu ap\u00f3s o trabalho de mais de cinco anos desenvolvido pela Embrapa em [&hellip;]<\/p>\n","protected":false},"author":1,"featured_media":0,"comment_status":"closed","ping_status":"closed","sticky":false,"template":"","format":"standard","meta":{"footnotes":""},"categories":[],"tags":[],"class_list":["post-53180","post","type-post","status-publish","format-standard","hentry"],"_links":{"self":[{"href":"https:\/\/blog.corretoraideal.com.br\/index.php\/wp-json\/wp\/v2\/posts\/53180","targetHints":{"allow":["GET"]}}],"collection":[{"href":"https:\/\/blog.corretoraideal.com.br\/index.php\/wp-json\/wp\/v2\/posts"}],"about":[{"href":"https:\/\/blog.corretoraideal.com.br\/index.php\/wp-json\/wp\/v2\/types\/post"}],"author":[{"embeddable":true,"href":"https:\/\/blog.corretoraideal.com.br\/index.php\/wp-json\/wp\/v2\/users\/1"}],"replies":[{"embeddable":true,"href":"https:\/\/blog.corretoraideal.com.br\/index.php\/wp-json\/wp\/v2\/comments?post=53180"}],"version-history":[{"count":1,"href":"https:\/\/blog.corretoraideal.com.br\/index.php\/wp-json\/wp\/v2\/posts\/53180\/revisions"}],"predecessor-version":[{"id":53183,"href":"https:\/\/blog.corretoraideal.com.br\/index.php\/wp-json\/wp\/v2\/posts\/53180\/revisions\/53183"}],"wp:attachment":[{"href":"https:\/\/blog.corretoraideal.com.br\/index.php\/wp-json\/wp\/v2\/media?parent=53180"}],"wp:term":[{"taxonomy":"category","embeddable":true,"href":"https:\/\/blog.corretoraideal.com.br\/index.php\/wp-json\/wp\/v2\/categories?post=53180"},{"taxonomy":"post_tag","embeddable":true,"href":"https:\/\/blog.corretoraideal.com.br\/index.php\/wp-json\/wp\/v2\/tags?post=53180"}],"curies":[{"name":"wp","href":"https:\/\/api.w.org\/{rel}","templated":true}]}}