{"id":53190,"date":"2023-09-22T03:30:56","date_gmt":"2023-09-22T03:30:56","guid":{"rendered":"https:\/\/blog.corretoraideal.com.br\/?p=53190"},"modified":"2023-09-22T03:30:56","modified_gmt":"2023-09-22T03:30:56","slug":"ossada-humana-e-encontrada-em-campos-no-norte-fluminense-norte-fluminense-g1","status":"publish","type":"post","link":"https:\/\/blog.corretoraideal.com.br\/index.php\/2023\/09\/22\/ossada-humana-e-encontrada-em-campos-no-norte-fluminense-norte-fluminense-g1\/","title":{"rendered":"Ossada humana \u00e9 encontrada em Campos, no Norte Fluminense | Norte Fluminense | G1"},"content":{"rendered":"\n<p> Uma ossada humana foi encontrada nesta quarta-feira (20) por volta 15h30 em uma \u00e1rea de mato, na beira de um brejo no distrito de Travess\u00e3o em Campos no Norte Fluminense. <\/p>\n<p> Segundo a pol\u00edcia, depois de receber den\u00fancias e ir at\u00e9 o local foi confirmado que realmente se tratava de uma ossada humana. <\/p>\n<p> Uma per\u00edcia foi feita no local e a ossada foi levada para o Instituto M\u00e9dico Legal de Campos (IML) para passar por exames que possam ajudar na identifica\u00e7\u00e3o. <\/p>\n<p> Por enquanto, n\u00e3o h\u00e1 informa\u00e7\u00f5es se a ossada seria de um homem ou de uma mulher e por quanto tempo estaria no local. <\/p>\n<p> Ainda de acordo com a pol\u00edcia, uma dentadura foi encontrada. <\/p>\n<p> Agora a pol\u00edcia pede para que os parentes das pessoas desaparecidas que usavam dentadura procurem a Delegacia de Guarus, onde o caso est\u00e1 sendo investigado. <\/p>\n<ul>\n<li> <a href=\"https:\/\/g1.globo.com\/rj\/norte-fluminense\/cidade\/campos-dos-goytacazes\/\" class=\"entities__list-itemLink\" data-track-click=\"Campos dos Goytacazes\"> Campos dos Goytacazes <\/a> <\/li>\n<\/ul>\n","protected":false},"excerpt":{"rendered":"<p>Uma ossada humana foi encontrada nesta quarta-feira (20) por volta 15h30 em uma \u00e1rea de mato, na beira de um brejo no distrito de Travess\u00e3o em Campos no Norte Fluminense. Segundo a pol\u00edcia, depois de receber den\u00fancias e ir at\u00e9 o local foi confirmado que realmente se tratava de uma ossada humana. Uma per\u00edcia foi [&hellip;]<\/p>\n","protected":false},"author":1,"featured_media":0,"comment_status":"closed","ping_status":"closed","sticky":false,"template":"","format":"standard","meta":{"footnotes":""},"categories":[],"tags":[],"class_list":["post-53190","post","type-post","status-publish","format-standard","hentry"],"_links":{"self":[{"href":"https:\/\/blog.corretoraideal.com.br\/index.php\/wp-json\/wp\/v2\/posts\/53190","targetHints":{"allow":["GET"]}}],"collection":[{"href":"https:\/\/blog.corretoraideal.com.br\/index.php\/wp-json\/wp\/v2\/posts"}],"about":[{"href":"https:\/\/blog.corretoraideal.com.br\/index.php\/wp-json\/wp\/v2\/types\/post"}],"author":[{"embeddable":true,"href":"https:\/\/blog.corretoraideal.com.br\/index.php\/wp-json\/wp\/v2\/users\/1"}],"replies":[{"embeddable":true,"href":"https:\/\/blog.corretoraideal.com.br\/index.php\/wp-json\/wp\/v2\/comments?post=53190"}],"version-history":[{"count":1,"href":"https:\/\/blog.corretoraideal.com.br\/index.php\/wp-json\/wp\/v2\/posts\/53190\/revisions"}],"predecessor-version":[{"id":53192,"href":"https:\/\/blog.corretoraideal.com.br\/index.php\/wp-json\/wp\/v2\/posts\/53190\/revisions\/53192"}],"wp:attachment":[{"href":"https:\/\/blog.corretoraideal.com.br\/index.php\/wp-json\/wp\/v2\/media?parent=53190"}],"wp:term":[{"taxonomy":"category","embeddable":true,"href":"https:\/\/blog.corretoraideal.com.br\/index.php\/wp-json\/wp\/v2\/categories?post=53190"},{"taxonomy":"post_tag","embeddable":true,"href":"https:\/\/blog.corretoraideal.com.br\/index.php\/wp-json\/wp\/v2\/tags?post=53190"}],"curies":[{"name":"wp","href":"https:\/\/api.w.org\/{rel}","templated":true}]}}