{"id":53193,"date":"2023-09-22T05:30:26","date_gmt":"2023-09-22T05:30:26","guid":{"rendered":"https:\/\/blog.corretoraideal.com.br\/?p=53193"},"modified":"2023-09-22T05:30:26","modified_gmt":"2023-09-22T05:30:26","slug":"maxmilhas-do-grupo-123-milhas-pede-recuperacao-judicial-divida-e-de-r-226-milhoes-diz-empresa-minas-gerais-g1","status":"publish","type":"post","link":"https:\/\/blog.corretoraideal.com.br\/index.php\/2023\/09\/22\/maxmilhas-do-grupo-123-milhas-pede-recuperacao-judicial-divida-e-de-r-226-milhoes-diz-empresa-minas-gerais-g1\/","title":{"rendered":"Maxmilhas, do grupo 123 Milhas, pede recupera\u00e7\u00e3o judicial; d\u00edvida \u00e9 de R$ 226 milh\u00f5es, diz empresa | Minas Gerais | G1"},"content":{"rendered":"<p>      1 de 1&#013;Maxmilhas, do grupo 123 Milhas. \u2014 Foto: Reprodu\u00e7\u00e3o\/Maxmilhas    <\/p>\n<p> Maxmilhas, do grupo 123 Milhas. \u2014 Foto: Reprodu\u00e7\u00e3o\/Maxmilhas <\/p>\n<p> A <strong>Maxmilhas <\/strong>pediu, na noite desta quinta-feira (21), para ser inclu\u00edda no processo de<a class href=\"https:\/\/g1.globo.com\/mg\/minas-gerais\/noticia\/2023\/09\/20\/justica-suspende-recuperacao-judicial-da-123-milhas.ghtml\"> recupera\u00e7\u00e3o judicial da 123 Milhas<\/a>. As duas ag\u00eancias de viagens fazem parte do mesmo grupo. <\/p>\n<p> Em pedido encaminhado ao Tribunal de Justi\u00e7a de Minas Gerais (<strong>TJMG<\/strong>), a empresa apontou uma d\u00edvida de <strong>R$ 226 milh\u00f5es<\/strong>. Al\u00e9m da ag\u00eancia de viagem, a <strong>Lance Hot\u00e9is<\/strong>, que foi adquirida pela Maxmilhas, tamb\u00e9m est\u00e1 no requerimento. <\/p>\n<p> A operadora, que at\u00e9 ent\u00e3o estava fora do processo, argumentou que a opera\u00e7\u00e3o n\u00e3o se encontrava em grave crise financeira quando a 123 Milhas recorreu \u00e0 Justi\u00e7a. No entanto, &quot;agora est\u00e1 sofrendo reflexos da crise econ\u00f4mico-financeira que ensejou o pedido de recupera\u00e7\u00e3o judicial das primeiras recuperandas&quot;. <\/p>\n<p> Al\u00e9m disso, a empresa solicitou o deferimento do pedido com a antecipa\u00e7\u00e3o do seus efeitos, com um per\u00edodo de 180 dias de blindagem, para evitar a execu\u00e7\u00e3o de d\u00edvidas por parte de credores. <\/p>\n<p> Se somados os preju\u00edzos anunciados pela 123 Milhas nas outras empresas, de <strong>R$ 2,3 bilh\u00f5es<\/strong>, o valor da causa ultrapassa <strong>R$ 2,5 bilh\u00f5es<\/strong>. <\/p>\n<p> Na \u00faltima quarta-feira (20), a Justi\u00e7a chegou a suspender provisoriamente a recupera\u00e7\u00e3o judicial da 123 Milhas, atendendo a um pedido do Banco do Brasil, credor da empresa. <\/p>\n<p> \u2705 <a class href=\"https:\/\/www.whatsapp.com\/channel\/0029Va3Pb2n0VycGfziTyW1L\" target=\"_blank\" rel=\"noopener noreferrer\">Clique aqui para seguir o novo canal do g1 Minas no WhatsApp<\/a>. \u26a0\ufe0f<strong>O grupo antigo ser\u00e1 desativado. Mesmo se voc\u00ea j\u00e1 faz parte da nossa comunidade, \u00e9 preciso se inscrever novamente.<\/strong> <\/p>\n<p> A institui\u00e7\u00e3o financeira alegou que os documentos apresentados pela 123 Milhas no pedido de recupera\u00e7\u00e3o judicial n\u00e3o observaram as &quot;<strong>prescri\u00e7\u00f5es legais <\/strong>aplic\u00e1veis, que asseguram aos credores, stakeholders, Minist\u00e9rio P\u00fablico e demais interessados na RJ o conhecimento necess\u00e1rio e suficiente das informa\u00e7\u00f5es gerenciais, econ\u00f4micas e financeiras da empresa&quot;. <\/p>\n<p> O <a class href=\"https:\/\/g1.globo.com\/mg\/minas-gerais\/\">g1 <\/a>procurou o TJMG para saber se o pedido da Maxmilhas ser\u00e1 aceito e aguarda retorno. <\/p>\n<p><h2>O que \u00e9 recupera\u00e7\u00e3o judicial<\/h2>\n<\/p>\n<p> A recupera\u00e7\u00e3o judicial serve para evitar que uma empresa em dificuldade financeira decrete fal\u00eancia e feche as portas. \u00c9 um processo pelo qual a companhia endividada consegue um prazo para continuar <strong>operando <\/strong>enquanto negocia com seus credores, sob media\u00e7\u00e3o da Justi\u00e7a. As d\u00edvidas ficam congeladas por 180 dias e a opera\u00e7\u00e3o \u00e9 mantida. <\/p>\n<ul>\n<li><a class href=\"https:\/\/g1.globo.com\/economia\/noticia\/2019\/06\/18\/entenda-o-que-e-a-recuperacao-judicial-e-como-ela-funciona.ghtml\">Entenda o que \u00e9 a recupera\u00e7\u00e3o judicial e como ela funciona<\/a><\/li>\n<\/ul>\n<p><h2>Os v\u00eddeos mais vistos do g1 Minas: <\/h2>\n<\/p>\n<p>   <a href=\"https:\/\/g1.globo.com\/mg\/minas-gerais\/playlist\/videos-mais-assistidos-do-g1-mg-nos-ultimos-7-dias.ghtml\">    50 v\u00eddeos      <\/a>   <\/p>\n<ul> <\/ul>\n","protected":false},"excerpt":{"rendered":"<p>1 de 1&#013;Maxmilhas, do grupo 123 Milhas. \u2014 Foto: Reprodu\u00e7\u00e3o\/Maxmilhas Maxmilhas, do grupo 123 Milhas. \u2014 Foto: Reprodu\u00e7\u00e3o\/Maxmilhas A Maxmilhas pediu, na noite desta quinta-feira (21), para ser inclu\u00edda no processo de recupera\u00e7\u00e3o judicial da 123 Milhas. As duas ag\u00eancias de viagens fazem parte do mesmo grupo. Em pedido encaminhado ao Tribunal de Justi\u00e7a de [&hellip;]<\/p>\n","protected":false},"author":1,"featured_media":0,"comment_status":"closed","ping_status":"closed","sticky":false,"template":"","format":"standard","meta":{"footnotes":""},"categories":[],"tags":[],"class_list":["post-53193","post","type-post","status-publish","format-standard","hentry"],"_links":{"self":[{"href":"https:\/\/blog.corretoraideal.com.br\/index.php\/wp-json\/wp\/v2\/posts\/53193","targetHints":{"allow":["GET"]}}],"collection":[{"href":"https:\/\/blog.corretoraideal.com.br\/index.php\/wp-json\/wp\/v2\/posts"}],"about":[{"href":"https:\/\/blog.corretoraideal.com.br\/index.php\/wp-json\/wp\/v2\/types\/post"}],"author":[{"embeddable":true,"href":"https:\/\/blog.corretoraideal.com.br\/index.php\/wp-json\/wp\/v2\/users\/1"}],"replies":[{"embeddable":true,"href":"https:\/\/blog.corretoraideal.com.br\/index.php\/wp-json\/wp\/v2\/comments?post=53193"}],"version-history":[{"count":1,"href":"https:\/\/blog.corretoraideal.com.br\/index.php\/wp-json\/wp\/v2\/posts\/53193\/revisions"}],"predecessor-version":[{"id":53195,"href":"https:\/\/blog.corretoraideal.com.br\/index.php\/wp-json\/wp\/v2\/posts\/53193\/revisions\/53195"}],"wp:attachment":[{"href":"https:\/\/blog.corretoraideal.com.br\/index.php\/wp-json\/wp\/v2\/media?parent=53193"}],"wp:term":[{"taxonomy":"category","embeddable":true,"href":"https:\/\/blog.corretoraideal.com.br\/index.php\/wp-json\/wp\/v2\/categories?post=53193"},{"taxonomy":"post_tag","embeddable":true,"href":"https:\/\/blog.corretoraideal.com.br\/index.php\/wp-json\/wp\/v2\/tags?post=53193"}],"curies":[{"name":"wp","href":"https:\/\/api.w.org\/{rel}","templated":true}]}}