{"id":53196,"date":"2023-09-22T08:30:52","date_gmt":"2023-09-22T08:30:52","guid":{"rendered":"https:\/\/blog.corretoraideal.com.br\/?p=53196"},"modified":"2023-09-22T08:30:52","modified_gmt":"2023-09-22T08:30:52","slug":"feira-de-oportunidades-comeca-no-iff-de-campos-com-palestras-oficinas-e-ofertas-de-emprego-e-estagio-norte-fluminense-g1","status":"publish","type":"post","link":"https:\/\/blog.corretoraideal.com.br\/index.php\/2023\/09\/22\/feira-de-oportunidades-comeca-no-iff-de-campos-com-palestras-oficinas-e-ofertas-de-emprego-e-estagio-norte-fluminense-g1\/","title":{"rendered":"Feira de oportunidades come\u00e7a no IFF de Campos com palestras, oficinas e ofertas de emprego e est\u00e1gio | Norte Fluminense | G1"},"content":{"rendered":"<p>      1 de 1&#013;6\u00aa Feira de Oportunidades ocorre no IFF, campus Centro, at\u00e9 est\u00e1 sexta-feira (22) \u2014 Foto: Divulga\u00e7\u00e3o\/IFF    <\/p>\n<p> 6\u00aa Feira de Oportunidades ocorre no IFF, campus Centro, at\u00e9 est\u00e1 sexta-feira (22) \u2014 Foto: Divulga\u00e7\u00e3o\/IFF <\/p>\n<p> A 6\u00aa Feira de Oportunidades come\u00e7ou nesta quinta-feira (21) no Instituto Federal Fluminense, no campus do Centro, em <a class href=\"https:\/\/g1.globo.com\/rj\/norte-fluminense\/cidade\/campos-dos-goytacazes\/\">Campos dos Goytacazes<\/a>, no Norte Fluminense, e segue at\u00e9 esta sexta (22), das das 14h \u00e0s 20h. <\/p>\n<p> O evento tem entrada gratuita e conta com palestras, mesas-redondas e oficinas, al\u00e9m da divulga\u00e7\u00e3o de ofertas de est\u00e1gios e empregos em stands instalados no local por 60 empresas e institui\u00e7\u00f5es, que apresentam seus servi\u00e7os e suas ofertas de emprego. Para participar das atividades, com direito a certificado, \u00e9 preciso <a class href=\"https:\/\/eventos.iff.edu.br\/feiradeoportunidades2023\" target=\"_blank\" rel=\"noopener noreferrer\">se inscrever pela internet no link do evento.<\/a> <\/p>\n<p> A feira \u00e9 considerada a maiorde est\u00e1gios e empregos do interior do estado do Rio de Janeiro e \u00e9 realizada pelo F\u00f3rum Interinstitucional de Dirigentes do Ensino Superior de Campos (Fidesc), Prefeitura de Campos, Federa\u00e7\u00e3o das Ind\u00fastrias do Estado do Rio de Janeiro (Firjan), Faetec e Sest\/Senat. <\/p>\n<p> Entre as tem\u00e1ticas a serem abordadas nos dois dias de palestras, est\u00e3o: intelig\u00eancia de dados e inova\u00e7\u00e3o, carreiras ecossistema de inova\u00e7\u00e3o, hidrog\u00eanio, energia nuclear, postura profissional, setor de avia\u00e7\u00e3o. <\/p>\n<p> C\u00e1tia Cristina Brito Viana, pr\u00f3-reitora de Extens\u00e3o, Cultura, Esporte e Diversidade do <a class href=\"https:\/\/g1.globo.com\/educacao\/universidade\/iff\/\">IFF<\/a>, destaca a import\u00e2ncia das palestras. <\/p>\n<p> \u201cInclusive haver\u00e1 uma palestra espec\u00edfica sobre trajet\u00f3rias e oportunidades poss\u00edveis na carreira Petrobras, abordando a inclus\u00e3o de mulheres e pessoas com defici\u00eancia\u201d, conta. <\/p>\n<p> A expectativa de p\u00fablico \u00e9 de 20 mil pessoas participando dos dois dias de feira, superando as edi\u00e7\u00f5es anteriores tanto em n\u00famero de participantes quanto de oportunidades geradas. <\/p>\n<ul>\n<li> <a href=\"https:\/\/g1.globo.com\/rj\/norte-fluminense\/cidade\/campos-dos-goytacazes\/\" class=\"entities__list-itemLink\" data-track-click=\"Campos dos Goytacazes\"> Campos dos Goytacazes <\/a> <\/li>\n<li> <a href=\"https:\/\/g1.globo.com\/educacao\/universidade\/iff\/\" class=\"entities__list-itemLink\" data-track-click=\"IFF\"> IFF <\/a> <\/li>\n<\/ul>\n","protected":false},"excerpt":{"rendered":"<p>1 de 1&#013;6\u00aa Feira de Oportunidades ocorre no IFF, campus Centro, at\u00e9 est\u00e1 sexta-feira (22) \u2014 Foto: Divulga\u00e7\u00e3o\/IFF 6\u00aa Feira de Oportunidades ocorre no IFF, campus Centro, at\u00e9 est\u00e1 sexta-feira (22) \u2014 Foto: Divulga\u00e7\u00e3o\/IFF A 6\u00aa Feira de Oportunidades come\u00e7ou nesta quinta-feira (21) no Instituto Federal Fluminense, no campus do Centro, em Campos dos Goytacazes, [&hellip;]<\/p>\n","protected":false},"author":1,"featured_media":0,"comment_status":"closed","ping_status":"closed","sticky":false,"template":"","format":"standard","meta":{"footnotes":""},"categories":[],"tags":[],"class_list":["post-53196","post","type-post","status-publish","format-standard","hentry"],"_links":{"self":[{"href":"https:\/\/blog.corretoraideal.com.br\/index.php\/wp-json\/wp\/v2\/posts\/53196","targetHints":{"allow":["GET"]}}],"collection":[{"href":"https:\/\/blog.corretoraideal.com.br\/index.php\/wp-json\/wp\/v2\/posts"}],"about":[{"href":"https:\/\/blog.corretoraideal.com.br\/index.php\/wp-json\/wp\/v2\/types\/post"}],"author":[{"embeddable":true,"href":"https:\/\/blog.corretoraideal.com.br\/index.php\/wp-json\/wp\/v2\/users\/1"}],"replies":[{"embeddable":true,"href":"https:\/\/blog.corretoraideal.com.br\/index.php\/wp-json\/wp\/v2\/comments?post=53196"}],"version-history":[{"count":1,"href":"https:\/\/blog.corretoraideal.com.br\/index.php\/wp-json\/wp\/v2\/posts\/53196\/revisions"}],"predecessor-version":[{"id":53198,"href":"https:\/\/blog.corretoraideal.com.br\/index.php\/wp-json\/wp\/v2\/posts\/53196\/revisions\/53198"}],"wp:attachment":[{"href":"https:\/\/blog.corretoraideal.com.br\/index.php\/wp-json\/wp\/v2\/media?parent=53196"}],"wp:term":[{"taxonomy":"category","embeddable":true,"href":"https:\/\/blog.corretoraideal.com.br\/index.php\/wp-json\/wp\/v2\/categories?post=53196"},{"taxonomy":"post_tag","embeddable":true,"href":"https:\/\/blog.corretoraideal.com.br\/index.php\/wp-json\/wp\/v2\/tags?post=53196"}],"curies":[{"name":"wp","href":"https:\/\/api.w.org\/{rel}","templated":true}]}}