{"id":53203,"date":"2023-09-22T11:29:34","date_gmt":"2023-09-22T11:29:34","guid":{"rendered":"https:\/\/blog.corretoraideal.com.br\/?p=53203"},"modified":"2023-09-22T11:29:34","modified_gmt":"2023-09-22T11:29:34","slug":"xuxa-kondzilla-luciano-huck-clara-moneke-e-monique-evelle-estao-entre-as-atracoes-de-evento-no-rio-veja-detalhes-rio-de-janeiro-g1","status":"publish","type":"post","link":"https:\/\/blog.corretoraideal.com.br\/index.php\/2023\/09\/22\/xuxa-kondzilla-luciano-huck-clara-moneke-e-monique-evelle-estao-entre-as-atracoes-de-evento-no-rio-veja-detalhes-rio-de-janeiro-g1\/","title":{"rendered":"Xuxa, Kondzilla, Luciano Huck, Clara Moneke e Monique Evelle est\u00e3o entre as atra\u00e7\u00f5es de evento no Rio; veja detalhes | Rio de Janeiro | G1"},"content":{"rendered":"<p>      1 de 1&#013;Rio Innovation Week 2023 \u2014 Foto: Reprodu\u00e7\u00e3o    <\/p>\n<p> Rio Innovation Week 2023 \u2014 Foto: Reprodu\u00e7\u00e3o <\/p>\n<p> Um dos maiores eventos de tecnologia e inova\u00e7\u00e3o da Am\u00e9rica Latina, o Rio Innovation Week, realiza sua terceira edi\u00e7\u00e3o entre os dias 3 e 6 de outubro no P\u00eder Mau\u00e1, regi\u00e3o central do Rio de Janeiro. <\/p>\n<p> Com mais de 1700 palestras na programa\u00e7\u00e3o, o evento tem como compromisso o incentivo a tecnologia e inova\u00e7\u00e3o como impulsionadores de novos neg\u00f3cios. Em sua programa\u00e7\u00e3o, o Rio Innovation Week conta com palestrantes como Xuxa Meneghel, Monique Evelle, Kondzilla e Eduardo Kobra. <\/p>\n<p> Entre as atra\u00e7\u00f5es internacionais est\u00e3o confirmados nomes como Marc Randolph, co-fundador e primeiro CEO da Netflix, o te\u00f3rico pol\u00edtico Achille Mbembe e Alex Osterwalder, idealizador do \u201cBusiness Model Canvas\u201d. <\/p>\n<p> <a class href=\"https:\/\/g1.globo.com\/rj\/rio-de-janeiro\/noticia\/2022\/01\/13\/rio-innovation-week-reune-grandes-nomes-do-setor-com-mais-de-500-palestrantes-ate-domingo.ghtml\">A edi\u00e7\u00e3o passada contou com nomes como o cofundador da Apple, Steve Wozniak,<\/a> o presidente da Virgin, Richard Branson, e o prefeito de Miami, Francis Suarez <\/p>\n<p> A programa\u00e7\u00e3o deste ano tem como destaque debates em torno do uso \u00e9tico e os rumos da Intelig\u00eancia Artifical e um encontro sobre Empoderamento e direito \u00e0 cidade, com Joice Berth, Maju Coutinho e Clara Moneke. <\/p>\n<p> Durante os quatro dias de evento, mais de 125 mil pessoas devem passar pelo Rio Innovation Week. Veja a programa\u00e7\u00e3o completa no site. <\/p>\n<ul>\n<li><strong>Quando? <\/strong>3 a 6 de outubro, das 10h \u00e0s 19h <strong>Onde?<\/strong> P\u00eder Mau\u00e1 &#8211; Av. Rodrigues Alves, 10 &#8211; Pra\u00e7a Mau\u00e1, Rio de Janeiro <strong>Quanto?<\/strong> De R$ 250 (ingresso di\u00e1rio) a R$ 600 (passaporte) <\/li>\n<\/ul>\n<ul> <\/ul>\n","protected":false},"excerpt":{"rendered":"<p>1 de 1&#013;Rio Innovation Week 2023 \u2014 Foto: Reprodu\u00e7\u00e3o Rio Innovation Week 2023 \u2014 Foto: Reprodu\u00e7\u00e3o Um dos maiores eventos de tecnologia e inova\u00e7\u00e3o da Am\u00e9rica Latina, o Rio Innovation Week, realiza sua terceira edi\u00e7\u00e3o entre os dias 3 e 6 de outubro no P\u00eder Mau\u00e1, regi\u00e3o central do Rio de Janeiro. Com mais de [&hellip;]<\/p>\n","protected":false},"author":1,"featured_media":0,"comment_status":"closed","ping_status":"closed","sticky":false,"template":"","format":"standard","meta":{"footnotes":""},"categories":[],"tags":[],"class_list":["post-53203","post","type-post","status-publish","format-standard","hentry"],"_links":{"self":[{"href":"https:\/\/blog.corretoraideal.com.br\/index.php\/wp-json\/wp\/v2\/posts\/53203","targetHints":{"allow":["GET"]}}],"collection":[{"href":"https:\/\/blog.corretoraideal.com.br\/index.php\/wp-json\/wp\/v2\/posts"}],"about":[{"href":"https:\/\/blog.corretoraideal.com.br\/index.php\/wp-json\/wp\/v2\/types\/post"}],"author":[{"embeddable":true,"href":"https:\/\/blog.corretoraideal.com.br\/index.php\/wp-json\/wp\/v2\/users\/1"}],"replies":[{"embeddable":true,"href":"https:\/\/blog.corretoraideal.com.br\/index.php\/wp-json\/wp\/v2\/comments?post=53203"}],"version-history":[{"count":1,"href":"https:\/\/blog.corretoraideal.com.br\/index.php\/wp-json\/wp\/v2\/posts\/53203\/revisions"}],"predecessor-version":[{"id":53205,"href":"https:\/\/blog.corretoraideal.com.br\/index.php\/wp-json\/wp\/v2\/posts\/53203\/revisions\/53205"}],"wp:attachment":[{"href":"https:\/\/blog.corretoraideal.com.br\/index.php\/wp-json\/wp\/v2\/media?parent=53203"}],"wp:term":[{"taxonomy":"category","embeddable":true,"href":"https:\/\/blog.corretoraideal.com.br\/index.php\/wp-json\/wp\/v2\/categories?post=53203"},{"taxonomy":"post_tag","embeddable":true,"href":"https:\/\/blog.corretoraideal.com.br\/index.php\/wp-json\/wp\/v2\/tags?post=53203"}],"curies":[{"name":"wp","href":"https:\/\/api.w.org\/{rel}","templated":true}]}}