{"id":53206,"date":"2023-09-22T15:29:36","date_gmt":"2023-09-22T15:29:36","guid":{"rendered":"https:\/\/blog.corretoraideal.com.br\/?p=53206"},"modified":"2023-09-22T15:29:36","modified_gmt":"2023-09-22T15:29:36","slug":"globo-lanca-campanha-de-combate-ao-preconceito-contra-pessoas-com-deficiencia-economia-g1","status":"publish","type":"post","link":"https:\/\/blog.corretoraideal.com.br\/index.php\/2023\/09\/22\/globo-lanca-campanha-de-combate-ao-preconceito-contra-pessoas-com-deficiencia-economia-g1\/","title":{"rendered":"Globo lan\u00e7a campanha de combate ao preconceito contra Pessoas com Defici\u00eancia | Economia | G1"},"content":{"rendered":"<p>      1 de 2&#013;O tema da campanha \u00e9 \u2018P de Pessoa&#039; \u2014 Foto: Divulga\u00e7\u00e3o\/Globo    <\/p>\n<p> O tema da campanha \u00e9 \u2018P de Pessoa&#039; \u2014 Foto: Divulga\u00e7\u00e3o\/Globo <\/p>\n<p> A <strong>Globo<\/strong> lan\u00e7a nesta sexta-feira (22) uma campanha especial para o m\u00eas de<strong> Luta das Pessoas com Defici\u00eancia<\/strong>, que ressalta a import\u00e2ncia de valorizar a diversidade, o respeito e a inclus\u00e3o ?. <\/p>\n<p> O filme de 30 segundos <strong>mostra a import\u00e2ncia do combate ao pr\u00e9-julgamento sobre a capacidade de pessoas com defici\u00eancia, al\u00e9m ressaltar que ningu\u00e9m deve ser definido por sua condi\u00e7\u00e3o.<\/strong> <\/p>\n<p> Narrado pelo ator Luciano Mallmann, que faz parte do elenco de \u2018Elas por Elas\u2019, a letra P se destaca e se transforma, lembrando que a pessoa vem sempre antes de sua condi\u00e7\u00e3o. (assista o v\u00eddeo abaixo) <\/p>\n<p> A campanha ser\u00e1 veiculada na <strong>TV Globo<\/strong>, nos canais por assinatura e ter\u00e1 desdobramento nos perfis oficiais da empresa nas redes sociais. <\/p>\n<p> \u201cUsar a pot\u00eancia da Globo, que conversa com 80 milh\u00f5es de pessoas todos os dias, para amplificar a mensagem de combate \u00e0 intoler\u00e2ncia e ao preconceito \u00e9 um ganho para a sociedade como um todo. \u00c9 preciso evitar o uso de termos e express\u00f5es desrespeitosas, combater atitudes capacitistas, entender que a representatividade transforma a nossa sociedade para melhor\u201d, declara Cristovam Ferrara, l\u00edder de Valor Social da Globo. <\/p>\n<p> \u201c\u00c9 muito representativo que a Globo lance uma campanha com foco em pessoas com defici\u00eancia, um dos grupos priorit\u00e1rios para a empresa no que diz respeito \u00e0 diversidade e inclus\u00e3o, compromisso da nossa Agenda ESG\u201d, conclui o executivo. <\/p>\n<p>         2 de 2&#013;A campanha combate o pr\u00e9-julgamento sobre a capacidade de pessoas com defici\u00eancia e defende que ningu\u00e9m deve ser definido por sua condi\u00e7\u00e3o. \u2014 Foto: Divulga\u00e7\u00e3o\/Globo    <\/p>\n<p> A campanha combate o pr\u00e9-julgamento sobre a capacidade de pessoas com defici\u00eancia e defende que ningu\u00e9m deve ser definido por sua condi\u00e7\u00e3o. \u2014 Foto: Divulga\u00e7\u00e3o\/Globo <\/p>\n<ul>\n<li> <a href=\"https:\/\/g1.globo.com\/tudo-sobre\/grupo-globo\/\" class=\"entities__list-itemLink\" data-track-click=\"Grupo Globo\"> Grupo Globo <\/a> <\/li>\n<\/ul>\n","protected":false},"excerpt":{"rendered":"<p>1 de 2&#013;O tema da campanha \u00e9 \u2018P de Pessoa&#039; \u2014 Foto: Divulga\u00e7\u00e3o\/Globo O tema da campanha \u00e9 \u2018P de Pessoa&#039; \u2014 Foto: Divulga\u00e7\u00e3o\/Globo A Globo lan\u00e7a nesta sexta-feira (22) uma campanha especial para o m\u00eas de Luta das Pessoas com Defici\u00eancia, que ressalta a import\u00e2ncia de valorizar a diversidade, o respeito e a inclus\u00e3o [&hellip;]<\/p>\n","protected":false},"author":1,"featured_media":0,"comment_status":"closed","ping_status":"closed","sticky":false,"template":"","format":"standard","meta":{"footnotes":""},"categories":[],"tags":[],"class_list":["post-53206","post","type-post","status-publish","format-standard","hentry"],"_links":{"self":[{"href":"https:\/\/blog.corretoraideal.com.br\/index.php\/wp-json\/wp\/v2\/posts\/53206","targetHints":{"allow":["GET"]}}],"collection":[{"href":"https:\/\/blog.corretoraideal.com.br\/index.php\/wp-json\/wp\/v2\/posts"}],"about":[{"href":"https:\/\/blog.corretoraideal.com.br\/index.php\/wp-json\/wp\/v2\/types\/post"}],"author":[{"embeddable":true,"href":"https:\/\/blog.corretoraideal.com.br\/index.php\/wp-json\/wp\/v2\/users\/1"}],"replies":[{"embeddable":true,"href":"https:\/\/blog.corretoraideal.com.br\/index.php\/wp-json\/wp\/v2\/comments?post=53206"}],"version-history":[{"count":1,"href":"https:\/\/blog.corretoraideal.com.br\/index.php\/wp-json\/wp\/v2\/posts\/53206\/revisions"}],"predecessor-version":[{"id":53208,"href":"https:\/\/blog.corretoraideal.com.br\/index.php\/wp-json\/wp\/v2\/posts\/53206\/revisions\/53208"}],"wp:attachment":[{"href":"https:\/\/blog.corretoraideal.com.br\/index.php\/wp-json\/wp\/v2\/media?parent=53206"}],"wp:term":[{"taxonomy":"category","embeddable":true,"href":"https:\/\/blog.corretoraideal.com.br\/index.php\/wp-json\/wp\/v2\/categories?post=53206"},{"taxonomy":"post_tag","embeddable":true,"href":"https:\/\/blog.corretoraideal.com.br\/index.php\/wp-json\/wp\/v2\/tags?post=53206"}],"curies":[{"name":"wp","href":"https:\/\/api.w.org\/{rel}","templated":true}]}}