{"id":53216,"date":"2023-09-22T18:29:34","date_gmt":"2023-09-22T18:29:34","guid":{"rendered":"https:\/\/blog.corretoraideal.com.br\/?p=53216"},"modified":"2023-09-22T18:29:34","modified_gmt":"2023-09-22T18:29:34","slug":"dia-d-de-vacinacao-antirrabica-confira-cidades-em-campanha-neste-sabado-e-outras-com-calendarios-proprios-no-rj-norte-fluminense-g1","status":"publish","type":"post","link":"https:\/\/blog.corretoraideal.com.br\/index.php\/2023\/09\/22\/dia-d-de-vacinacao-antirrabica-confira-cidades-em-campanha-neste-sabado-e-outras-com-calendarios-proprios-no-rj-norte-fluminense-g1\/","title":{"rendered":"Dia D de Vacina\u00e7\u00e3o Antirr\u00e1bica: Confira cidades em campanha neste s\u00e1bado e outras com calend\u00e1rios pr\u00f3prios no RJ | Norte Fluminense | G1"},"content":{"rendered":"<p>      1 de 2&#013;Vacina\u00e7\u00e3o Antirr\u00e1bica em Campos vai ocorrer neste s\u00e1bado em 66 pontos \u2014 Foto: C\u00e9sar Ferreira\/Prefeitura de Campos    <\/p>\n<p> Vacina\u00e7\u00e3o Antirr\u00e1bica em Campos vai ocorrer neste s\u00e1bado em 66 pontos \u2014 Foto: C\u00e9sar Ferreira\/Prefeitura de Campos <\/p>\n<p> Neste s\u00e1bado (23) \u00e9 o Dia D de Vacina\u00e7\u00e3o Antirr\u00e1bica Animal e diversas cidades do estado do Rio de Janeiro est\u00e3o se mobilizando para imunizar c\u00e3es e gatos ao longo do dia. <\/p>\n<p> No Norte Fluminense, por exemplo, participam da campanha Quissam\u00e3 e Campos dos Goytacazes, com atendimento de 8h \u00e0s 17h; e Maca\u00e9, que atende de 9h \u00e0s 16h. <\/p>\n<p> A cidade de S\u00e3o Jo\u00e3o da Barra tem um calend\u00e1rio pr\u00f3prio e j\u00e1 est\u00e1 com a campanha volante percorrendo bairros da cidade desde 19 de setembro. A a\u00e7\u00e3o segue at\u00e9 3 de outubro. Nesta sexta (22), o atendimento ocorre no bairro Degredo. E o pr\u00f3ximo local a receber o servi\u00e7o \u00e9 a Pra\u00e7a do Meireles, na ter\u00e7a-feira (26). <\/p>\n<p> Na Regi\u00e3o dos Lagos do Rio, Arraial do Cabo ter\u00e1 imuniza\u00e7\u00e3o dos pets no dia 30 de setembro. E Cabo Frio anunciou novo cronograma, com vacina\u00e7\u00e3o nos dias 21 de outubro e 25 de novembro, abrangendo mais de 40 localidades. <\/p>\n<p>         2 de 2&#013;Imuniza\u00e7\u00e3o dos pets em Cabo Frio vai ocorrer em outubro e novembro \u2014 Foto: Prefeitura de Cabo Frio\/Divulga\u00e7\u00e3o    <\/p>\n<p> Imuniza\u00e7\u00e3o dos pets em Cabo Frio vai ocorrer em outubro e novembro \u2014 Foto: Prefeitura de Cabo Frio\/Divulga\u00e7\u00e3o <\/p>\n<p><h2>Programa\u00e7\u00e3o por cidade<\/h2>\n<\/p>\n<p> <strong>Arraial do Cabo (*Vacina\u00e7\u00e3o em 30 de setembro):<\/strong> <\/p>\n<ul>\n<li>Setor de Controle de Vetores \u2013 Prainha \u2013 9 \u00e0s 16 horas<\/li>\n<li>Estrat\u00e9gia de Sa\u00fade da Fam\u00edlia \u2013 Cana\u00e3 \u2013 9 \u00e0s 16 horas<\/li>\n<li>Estrat\u00e9gia de Sa\u00fade da Fam\u00edlia Hermes Barcellos \u2013 S\u00edtio \u2013 9 \u00e0s 16 horas<\/li>\n<li>Estrat\u00e9gia de Sa\u00fade da Fam\u00edlia \u2013 Morro da Boa Vista \u2013 9 \u00e0s 16 horas<\/li>\n<li>Estrat\u00e9gia de Sa\u00fade da Fam\u00edlia \u2013 Morro da Cabocla \u2013 9 \u00e0s 16 horas<\/li>\n<li>Col\u00e9gio Estadual 20 de Julho \u2013 Vila Industrial \u2013 9 \u00e0s 16 horas<\/li>\n<li>Centro Municipal de Castra\u00e7\u00e3o Animal \u2013 Monte Alto \u2013 9 \u00e0s 16 horas<\/li>\n<li>Centro Comunit\u00e1rio Amor e Paz \u2013 Parque das Gar\u00e7as \u2013 13 \u00e0s 16 horas<\/li>\n<li>Escola Municipal Vera Felizardo \u2013 Figueira \u2013 9 \u00e0s 16 horas<\/li>\n<li>Sede Administrativa da Prefeitura \u2013 Novo Arraial \u2013 9 \u00e0s 11h40 <\/li>\n<li>Estrat\u00e9gia de Sa\u00fade da Fam\u00edlia \u2013 Sabi\u00e1 \u2013 13 \u00e0s 16 horas<\/li>\n<li>Bar do Carl\u00e3o \u2013 Cai\u00e7ara \u2013 9 \u00e0s 11h40<\/li>\n<li>Sede Administrativa da Prefeitura \u2013 Pernambuca 13 \u00e0s 16 horas<\/li>\n<\/ul>\n<p> <strong>Cabo Frio:<\/strong> <\/p>\n<ul>\n<li>Vacina\u00e7\u00e3o em 21 de outubro &#8211; A\u00e7\u00e3o vai atender 30 bairros (hor\u00e1rios e locais ainda a serem divulgados)<\/li>\n<li>Vacina\u00e7\u00e3o em 25 de novembro &#8211; A\u00e7\u00e3o vai atender 13 bairros do distrito de Tamoios (hor\u00e1rios e locais ainda a serem divulgados)<\/li>\n<\/ul>\n<p> <strong>Campos dos Goytacazes (Vacina\u00e7\u00e3o neste s\u00e1bado, 23 de setembro, Dia D):<\/strong> <\/p>\n<ul>\n<li>PV 01 \u2013 Secretaria Municipal de Sa\u00fade \u2013 Centro<\/li>\n<li>PV 02 \u2013 Universidade Salgado de Oliveira (universo) \u2013 Parque Dom Bosco<\/li>\n<li>PV 03 \u2013 Universidade Est\u00e1cio de S\u00e1 \u2013 Centro<\/li>\n<li>PV 04 \u2013 Unidade B\u00e1sica de Sa\u00fade Jamil \u00c1bido \u2013 Pecu\u00e1ria<\/li>\n<li>PV 05 \u2013 Pra\u00e7a Principal \u2013 Nova Bras\u00edlia<\/li>\n<li>PV 06 \u2013 Col\u00e9gio Estadual Juli\u00e3o Nogueira \u2013 Parque Santo Amaro<\/li>\n<li>PV 07 \u2013 Ciep Cl\u00f3vis Tavares \u2013 Parque Esplanada<\/li>\n<li>PV 08 \u2013 Sede do Centro de Controle de Zoonoses (ccz) \u2013 Pecu\u00e1ria<\/li>\n<li>PV 09 \u2013 Pra\u00e7a Principal \u2013 Turf Club<\/li>\n<li>PV 10 \u2013 Estacionamento do Supermercado Extra \u2013 Turf Club<\/li>\n<li>PV 11 \u2013 Pra\u00e7a \u2013 Tarc\u00edsio Miranda<\/li>\n<li>PV 12 \u2013 Pra\u00e7a Em Frente Ao Col\u00e9gio Externato Campista \u2013 Parque Ros\u00e1rio<\/li>\n<li>PV13 \u2013 Associa\u00e7\u00e3o dos Servidores Militares Estaduais do Norte Fluminense (asmennf) \u2013 Alphaville<\/li>\n<li>PV 14 \u2013 Unidade B\u00e1sica de Sa\u00fade \u2013 Parque Ips<\/li>\n<li>PV 15 \u2013 Unidade B\u00e1sica de Sa\u00fade da Fam\u00edlia \u2013 Parque Aurora<\/li>\n<li>PV 16 \u2013 Funda\u00e7\u00e3o Municipal da Inf\u00e2ncia e Juventude \u2013 Lapa<\/li>\n<li>PV 17 \u2013 Educand\u00e1rio dos Cegos \u2013 Turf Club<\/li>\n<li>PV 18 \u2013 Horto Municipal \u2013 Horto<\/li>\n<li>PV 19 \u2013 Quadra Poliesportiva \u2013 Jockey Club<\/li>\n<li>PV 20 \u2013 Vila Ol\u00edmpica \u2013 Jockey Club 2 (ao Lado da Creche Wilson Amaro de Faria)<\/li>\n<li>PV 21 \u2013 Escola Municipal Sebasti\u00e3o Ribeiro \u2013 Novo Jockey<\/li>\n<li>PV 22 \u2013 Unidade B\u00e1sica de Sa\u00fade (ubs) \u2013 Penha<\/li>\n<li>PV 23 \u2013 Ciep Nina Arueira \u2013 Penha<\/li>\n<li>PV 24 \u2013 Col\u00e9gio Estadual Desembargador \u00c1lvaro Ferreira Pinto \u2013 Donana<\/li>\n<li>PV 25 \u2013 Pra\u00e7a Principal \u2013 Parque Imperial<\/li>\n<li>PV 26 \u2013 Escola Municipal Leopoldino Maria \u2013 Nova Goitacazes<\/li>\n<li>PV 27 \u2013 Col\u00e9gio Estadual Paula Barroso \u2013 Goitacazes<\/li>\n<li>PV 28 \u2013 Ciep 462 Na\u00e7\u00e3o Goitac\u00e1 \u2013 Goitacazes<\/li>\n<li>PV 29 \u2013 Associa\u00e7\u00e3o de Moradores \u2013 Parque Aldeia<\/li>\n<li>PV 30 \u2013 Unidade B\u00e1sica de Sa\u00fade F\u00e9lix Miranda \u2013 Parque Guarus<\/li>\n<li>PV 31 \u2013 Col\u00e9gio Municipal L\u00eddia Leit\u00e3o de Albernaz \u2013 Parque Cidade Luz<\/li>\n<li>PV 32 \u2013 Ciep Vila Lobos \u2013 Parque S\u00e3o Jos\u00e9<\/li>\n<li>PV 33 \u2013 Creche Escola Get\u00falio Vargas \u2013 Parque Alvorada<\/li>\n<li>PV 34 \u2013 Lar Crist\u00e3o \u2013 Jardim Carioca<\/li>\n<li>PV 35 \u2013 Lar Fabiano de Cristo \u2013 Jardim Carioca<\/li>\n<li>PV 36 \u2013 Unidade B\u00e1sica de Sa\u00fade da Fam\u00edlia \u2013 Custod\u00f3polis<\/li>\n<li>PV 37 \u2013 Escola Municipal Cust\u00f3dio Generoso Vieira \u2013 Parque Prazeres<\/li>\n<li>PV 38 \u2013 Unidade B\u00e1sica de Sa\u00fade da Fam\u00edlia \u2013 Eldorado<\/li>\n<li>PV 39 \u2013 Unidade B\u00e1sica de Sa\u00fade da Fam\u00edlia \u2013 Parque Santa Rosa<\/li>\n<li>PV 40 \u2013 Pra\u00e7a \u2013 Codin<\/li>\n<li>PV 41 \u2013 Unidade B\u00e1sica de Sa\u00fade da Fam\u00edlia \u2013 Terra Prometida<\/li>\n<li>PV 42 \u2013 Unidade B\u00e1sica de Sa\u00fade da Fam\u00edlia \u2013 Santos Dumont<\/li>\n<li>PV 43 \u2013 Associa\u00e7\u00e3o de Moradores \u2013 Jardim Aeroporto<\/li>\n<li>PV 44 \u2013 Unidade B\u00e1sica de Sa\u00fade da Fam\u00edlia \u2013 Rio Preto<\/li>\n<li>PV 45 \u2013 Unidade B\u00e1sica de Sa\u00fade da Fam\u00edlia \u2013 Santa Cruz<\/li>\n<li>PV 46 \u2013 Centro de Refer\u00eancia de Assist\u00eancia Social (cras)\u2013 Morro do Coco<\/li>\n<li>PV 47 \u2013 Unidade B\u00e1sica de Sa\u00fade da Fam\u00edlia \u2013 Conselheiro Josino<\/li>\n<li>PV 48 \u2013 Vila Ol\u00edmpica \u2013 Travess\u00e3o<\/li>\n<li>PV 49 \u2013 Escola Municipal Nossa Senhora da Concei\u00e7\u00e3o (arraial) \u2013 Travess\u00e3o<\/li>\n<li>PV 50 \u2013 Col\u00e9gio Estadual Dom Otaviano \u2013 Urura\u00ed<\/li>\n<li>PV 51 \u2013 Unidade B\u00e1sica de Sa\u00fade da Fam\u00edlia \u2013 Ponta da Lama<\/li>\n<li>PV 52 \u2013 Unidade B\u00e1sica de Sa\u00fade da Fam\u00edlia \u2013 Dores de Macabu<\/li>\n<li>PV 53 \u2013 Escola Municipal Amaro Antonio da Silva \u2013 Ponto de Coqueiro<\/li>\n<li>PV 54 \u2013 Escola Municipal L\u00facia Caldas \u2013 Campo Limpo<\/li>\n<li>PV 55 \u2013 Pra\u00e7a \u2013 Mineiro<\/li>\n<li>PV 56 \u2013 Unidade B\u00e1sica de Sa\u00fade da Fam\u00edlia \u2013 Saturnino Braga<\/li>\n<li>PV 57 \u2013 Pra\u00e7a \u2013 Mussurepe<\/li>\n<li>PV 58 \u2013 Pra\u00e7a \u2013 Baixa Grande<\/li>\n<li>PV 59 \u2013 Destacamento de Policiamento Ostensivo (dpo) \u2013 Baixa Grande<\/li>\n<li>PV 60 \u2013 Unidade B\u00e1sica de Sa\u00fade da Fam\u00edlia \u2013 Santo Amaro<\/li>\n<li>PV 61 \u2013 Escola Municipal Olavo Alves Saldanha Filho \u2013 Boa Vista<\/li>\n<li>PV 62 \u2013 Escola Municipal Farol de S\u00e3o Thom\u00e9 \u2013 R\u00e1dio Velho<\/li>\n<li>PV 63 \u2013 Pra\u00e7a da Rodovi\u00e1ria \u2013 Farol de S\u00e3o Tom\u00e9<\/li>\n<li>PV 64 \u2013 Escola Municipal Cl\u00e1udio Almeida Pinto de Oliveira \u2013 Vila do Sol<\/li>\n<li>PV 65 \u2013 Escola Municipal Jos\u00e9 de Anchieta \u2013 Xex\u00e9<\/li>\n<li>PV 66 \u2013 Unidade B\u00e1sica de Sa\u00fade \u2013 Quilombo<\/li>\n<\/ul>\n<p> <strong>Maca\u00e9 (Vacina\u00e7\u00e3o neste s\u00e1bado, 23 de setembro, Dia D):<\/strong> <\/p>\n<ul>\n<li>Pra\u00e7a Arlindo Mour\u00e3o, Aroeira<\/li>\n<li>Posto de Estrat\u00e9gia de Sa\u00fade da Fam\u00edlia (ESF), Ajuda<\/li>\n<li>Pra\u00e7a Washington Luiz, Centro<\/li>\n<li>Quadra de futebol do Lagomar, pr\u00f3ximo \u00e0 UPA<\/li>\n<li>Campo de futebol das Malvinas<\/li>\n<li>Campo de futebol do Novo Horizonte<\/li>\n<li>Pra\u00e7a principal do Parque Aeroporto<\/li>\n<li>Col\u00e9gio Coquinho, Praia Campista<\/li>\n<li>Pra\u00e7a Santo Ant\u00f4nio, Visconde de Ara\u00fajo<\/li>\n<li>Tenda na pra\u00e7a central do distrito de Glic\u00e9rio (na Serra Macaense)<\/li>\n<\/ul>\n<p> <strong>Quissam\u00e3 (Vacina\u00e7\u00e3o neste s\u00e1bado, 23 de setembro, Dia D):<\/strong> <\/p>\n<ul>\n<li>USF do Carmo<\/li>\n<li>UFS de Caxias, <\/li>\n<li>UFS do Centro, <\/li>\n<li>UFS de Mathias<\/li>\n<li>Pr\u00e9dio da Vigil\u00e2ncia Sanit\u00e1ria <\/li>\n<li>E.M. Professora Maria de Lourdes de Castro Ribeiro, no S\u00edtio Quissam\u00e3<\/li>\n<\/ul>\n<p> <strong>S\u00e3o Jo\u00e3o da Barra (Vacina\u00e7\u00e3o nos dias abaixo):<\/strong> <\/p>\n<ul>\n<li>22\/09- Degredo<\/li>\n<li>26\/09 &#8211; Pra\u00e7a do Meireles<\/li>\n<li>27\/09 &#8211; Jardim das Palmeiras<\/li>\n<li>28\/09- Pra\u00e7a Santo Amaro<\/li>\n<li>29\/09 &#8211; Pra\u00e7a Nossa Senhora Aparecida (Lagoa)<\/li>\n<li>03\/10 &#8211; Esta\u00e7\u00e3o das Artes e Pra\u00e7a Bairro de F\u00e1tima<\/li>\n<\/ul>\n<ul> <\/ul>\n","protected":false},"excerpt":{"rendered":"<p>1 de 2&#013;Vacina\u00e7\u00e3o Antirr\u00e1bica em Campos vai ocorrer neste s\u00e1bado em 66 pontos \u2014 Foto: C\u00e9sar Ferreira\/Prefeitura de Campos Vacina\u00e7\u00e3o Antirr\u00e1bica em Campos vai ocorrer neste s\u00e1bado em 66 pontos \u2014 Foto: C\u00e9sar Ferreira\/Prefeitura de Campos Neste s\u00e1bado (23) \u00e9 o Dia D de Vacina\u00e7\u00e3o Antirr\u00e1bica Animal e diversas cidades do estado do Rio de [&hellip;]<\/p>\n","protected":false},"author":1,"featured_media":0,"comment_status":"closed","ping_status":"closed","sticky":false,"template":"","format":"standard","meta":{"footnotes":""},"categories":[],"tags":[],"class_list":["post-53216","post","type-post","status-publish","format-standard","hentry"],"_links":{"self":[{"href":"https:\/\/blog.corretoraideal.com.br\/index.php\/wp-json\/wp\/v2\/posts\/53216","targetHints":{"allow":["GET"]}}],"collection":[{"href":"https:\/\/blog.corretoraideal.com.br\/index.php\/wp-json\/wp\/v2\/posts"}],"about":[{"href":"https:\/\/blog.corretoraideal.com.br\/index.php\/wp-json\/wp\/v2\/types\/post"}],"author":[{"embeddable":true,"href":"https:\/\/blog.corretoraideal.com.br\/index.php\/wp-json\/wp\/v2\/users\/1"}],"replies":[{"embeddable":true,"href":"https:\/\/blog.corretoraideal.com.br\/index.php\/wp-json\/wp\/v2\/comments?post=53216"}],"version-history":[{"count":1,"href":"https:\/\/blog.corretoraideal.com.br\/index.php\/wp-json\/wp\/v2\/posts\/53216\/revisions"}],"predecessor-version":[{"id":53218,"href":"https:\/\/blog.corretoraideal.com.br\/index.php\/wp-json\/wp\/v2\/posts\/53216\/revisions\/53218"}],"wp:attachment":[{"href":"https:\/\/blog.corretoraideal.com.br\/index.php\/wp-json\/wp\/v2\/media?parent=53216"}],"wp:term":[{"taxonomy":"category","embeddable":true,"href":"https:\/\/blog.corretoraideal.com.br\/index.php\/wp-json\/wp\/v2\/categories?post=53216"},{"taxonomy":"post_tag","embeddable":true,"href":"https:\/\/blog.corretoraideal.com.br\/index.php\/wp-json\/wp\/v2\/tags?post=53216"}],"curies":[{"name":"wp","href":"https:\/\/api.w.org\/{rel}","templated":true}]}}