{"id":53219,"date":"2023-09-22T20:29:34","date_gmt":"2023-09-22T20:29:34","guid":{"rendered":"https:\/\/blog.corretoraideal.com.br\/?p=53219"},"modified":"2023-09-22T20:29:34","modified_gmt":"2023-09-22T20:29:34","slug":"governo-anuncia-novo-bloqueio-no-orcamento-e-reduz-previsao-de-rombo-nas-contas-para-r-1414-bilhoes-em-2023-economia-g1","status":"publish","type":"post","link":"https:\/\/blog.corretoraideal.com.br\/index.php\/2023\/09\/22\/governo-anuncia-novo-bloqueio-no-orcamento-e-reduz-previsao-de-rombo-nas-contas-para-r-1414-bilhoes-em-2023-economia-g1\/","title":{"rendered":"Governo anuncia novo bloqueio no or\u00e7amento e reduz previs\u00e3o de rombo nas contas para R$ 141,4 bilh\u00f5es em 2023 | Economia | G1"},"content":{"rendered":"\n<ul>\n<li>\n<p> Novo corte foi anunciado no relat\u00f3rio bimestral de receitas e despesas do governo. <\/p>\n<\/li>\n<li>\n<p> Bloqueio \u00e9 feito para o governo alcan\u00e7ar metas fiscais. <\/p>\n<\/li>\n<li>\n<p> At\u00e9 o fim do ano, o contingenciamento pode ser desfeito, e a verba pode ser investida. <\/p>\n<\/li>\n<li>\n<p> Ao todo, em 2023, o governo j\u00e1 bloqueou R$ 3,8 bilh\u00f5es do Or\u00e7amento. <\/p>\n<\/li>\n<\/ul>\n<p> Novo corte foi anunciado no relat\u00f3rio bimestral de receitas e despesas do governo. <\/p>\n<p> Bloqueio \u00e9 feito para o governo alcan\u00e7ar metas fiscais. <\/p>\n<p> At\u00e9 o fim do ano, o contingenciamento pode ser desfeito, e a verba pode ser investida. <\/p>\n<p> Ao todo, em 2023, o governo j\u00e1 bloqueou R$ 3,8 bilh\u00f5es do Or\u00e7amento. <\/p>\n<p> Os minist\u00e9rios do Planejamento e Or\u00e7amento e da Fazenda anunciaram nesta sexta-feira (22) que ser\u00e1 necess\u00e1rio fazer um bloqueio adicional de R$ 600 milh\u00f5es no or\u00e7amento deste ano. <\/p>\n<p> A informa\u00e7\u00e3o consta do relat\u00f3rio de receitas e despesas do or\u00e7amento relativo ao quarto bimestre. O relat\u00f3rio \u00e9 divulgado a cada dois meses. <\/p>\n<p> Esse chamado &quot;contingenciamento&quot; \u00e9 necess\u00e1rio para atender ao limite para gastos existente para ano de 2023 &#8211; aprovado no fim do ano passado <a class href=\"https:\/\/g1.globo.com\/politica\/ao-vivo\/pec-da-transicao.ghtml\">por meio da chamada PEC da transi\u00e7\u00e3o<\/a> e confirmado no arcabou\u00e7o fiscal (a nova regra para as contas p\u00fablicas). <\/p>\n<p> Esse \u00e9 o terceiro bloqueio de gastos de 2023, que se somar\u00e1 aos outros dois anunciados anteriormente. Em maio, o governo <a class href=\"https:\/\/g1.globo.com\/economia\/noticia\/2023\/05\/22\/para-cumprir-teto-de-gastos-governo-indica-bloqueio-de-r-17-bilhao-em-investimentos.ghtml\">j\u00e1 havia feito um contingenciamento de R$ 1,7 bilh\u00e3o<\/a> e, em <a class href=\"https:\/\/g1.globo.com\/economia\/noticia\/2023\/07\/21\/governo-indica-bloqueio-de-r-15-bilhao-no-orcamento-e-sobe-estimativa-para-rombo-nas-contas-em-2023.ghtml\">julho, foi anunciado outra limita\u00e7\u00e3o de R$ 1,5 bilh\u00e3o.<\/a> <\/p>\n<p> Com isso, o <strong>valor total do bloqueio de despesas no or\u00e7amento de 2023 subiu para R$ 3,8 bilh\u00f5es. <\/strong> <\/p>\n<p>                   <img loading=\"lazy\" decoding=\"async\" class=\"aligncenter size-full wp-image-53221\" src=\"https:\/\/blog.corretoraideal.com.br\/wp-content\/uploads\/2023\/09\/governo-promete-zerar-deficit-no-orcamento-de-2024-com-novas-arrecadacoes.jpeg\" alt=\"Governo promete zerar d\u00e9ficit no or\u00e7amento de 2024 com novas arrecada\u00e7\u00f5es\" width=\"800\" height=\"400\" \/>      <\/p>\n<p> Governo promete zerar d\u00e9ficit no or\u00e7amento de 2024 com novas arrecada\u00e7\u00f5es <\/p>\n<p> O detalhamento de quais minist\u00e9rios ter\u00e3o suas verbas limitadas ser\u00e1 divulgado somente no fim deste m\u00eas. As despesas contingenciadas envolvem investimentos e custeio da m\u00e1quina p\u00fablica. <\/p>\n<p><h2>Rombo das contas do governo em 2023<\/h2>\n<\/p>\n<p> Os minist\u00e9rios da Fazenda e do Planejamento tamb\u00e9m reduziram, no relat\u00f3rio divulgado nesta sexta-feira (22), a previs\u00e3o para o rombo nas contas do governo neste ano. <\/p>\n<p> A <strong>expectativa da \u00e1rea econ\u00f4mica \u00e9 de que o chamado d\u00e9ficit prim\u00e1rio fique em R$ 141,4 bilh\u00f5es em 2023<\/strong>, contra a proje\u00e7\u00e3o anterior, <a class href=\"https:\/\/g1.globo.com\/economia\/noticia\/2023\/07\/21\/governo-indica-bloqueio-de-r-15-bilhao-no-orcamento-e-sobe-estimativa-para-rombo-nas-contas-em-2023.ghtml\">feita em julho, de resultado negativo de R$ 145,4 bilh\u00f5es<\/a>. O governo foi autorizado pelo Congresso a ter um rombo de at\u00e9 R$ 238 bilh\u00f5es neste ano. <\/p>\n<p> O d\u00e9ficit prim\u00e1rio acontece quando as despesas ficam acima das receitas e n\u00e3o considera os gastos com os juros da d\u00edvida p\u00fablica. Quando as receitas s\u00e3o maiores, o resultado \u00e9 de super\u00e1vit. <\/p>\n<p>   Contas do Governo Federal Em R$ bilh\u00f5es, valores corrigidos pela infla\u00e7\u00e3o at\u00e9 julho de 2023   Fonte: Tesouro Nacional   <\/p>\n<p><h2>Arcabou\u00e7o fiscal e or\u00e7amento de 2024<\/h2>\n<\/p>\n<p> A previs\u00e3o para o rombo fiscal deste ano exp\u00f5e novamente a dificuldade do governo em atingir o d\u00e9ficit fiscal zero em 2024 &#8211; <a class href=\"https:\/\/g1.globo.com\/economia\/noticia\/2023\/08\/31\/orcamento-governo-propoe-deficit-zero-em-suas-contas-em-2024.ghtml\">meta que consta no or\u00e7amento do ano que vem.<\/a> <\/p>\n<p> Para atingir esse resultado, o governo informou que busca um aumento da arrecada\u00e7\u00e3o de R$ 168 bilh\u00f5es no ano que vem, <a class href=\"https:\/\/g1.globo.com\/economia\/noticia\/2023\/08\/31\/veja-as-medidas-propostas-para-elevar-arrecadacao-no-orcamento-2024-carf-fundos-exclusivos-e-juros-sobre-capital-proprio.ghtml\">por meio de medidas como mudan\u00e7as no Carf, tributa\u00e7\u00e3o de fundos exclusivos e fim do mecanismo de juros sobre capital pr\u00f3prio.<\/a> <\/p>\n<p> Essa meta consta no arcabou\u00e7o fiscal, a nova regra para as contas p\u00fablicas, que tamb\u00e9m contempla um <a class href=\"https:\/\/g1.globo.com\/economia\/noticia\/2023\/09\/02\/salario-minimo-tabela-do-ir-bolsa-familia-e-medidas-de-arrecadacao-veja-destaques-da-proposta-de-orcamento-para-2024.ghtml\">espa\u00e7o maior para despesas em 2024<\/a>, <a class href=\"https:\/\/g1.globo.com\/economia\/noticia\/2023\/09\/06\/orcamento-assistencia-social-saude-e-transportes-tiveram-maior-alta-de-recursos-para-2024-agricultura-perde-verba.ghtml\">liberando recursos para minist\u00e9rios. <\/a> <\/p>\n<p> Mesmo assim, analistas avaliam que <a class href=\"https:\/\/g1.globo.com\/economia\/noticia\/2023\/08\/27\/arcabouco-fiscal-mesmo-com-mais-espaco-para-gastos-economistas-veem-possivel-impacto-em-politicas-publicas.ghtml\">ainda pode haver uma compress\u00e3o dos chamados &quot;gastos livres&quot; dos minist\u00e9rios, com impacto em pol\u00edticas p\u00fablicas<\/a>, no decorrer dos pr\u00f3ximos anos. <\/p>\n<p> Por conta disso,<a class href=\"https:\/\/g1.globo.com\/economia\/noticia\/2023\/09\/17\/economistas-pedem-ao-governo-maior-enfase-na-reducao-de-gastos-e-indicam-possiveis-cortes.ghtml\"> recomendam que o governo reveja despesas<\/a>, algo que tamb\u00e9m ser\u00e1 importante, na vis\u00e3o dos economistas, para tentar atingir a meta de d\u00e9ficit fiscal zero no pr\u00f3ximo ano. <\/p>\n<ul> <\/ul>\n","protected":false},"excerpt":{"rendered":"<p>Novo corte foi anunciado no relat\u00f3rio bimestral de receitas e despesas do governo. Bloqueio \u00e9 feito para o governo alcan\u00e7ar metas fiscais. At\u00e9 o fim do ano, o contingenciamento pode ser desfeito, e a verba pode ser investida. Ao todo, em 2023, o governo j\u00e1 bloqueou R$ 3,8 bilh\u00f5es do Or\u00e7amento. Novo corte foi anunciado [&hellip;]<\/p>\n","protected":false},"author":1,"featured_media":0,"comment_status":"closed","ping_status":"closed","sticky":false,"template":"","format":"standard","meta":{"footnotes":""},"categories":[],"tags":[],"class_list":["post-53219","post","type-post","status-publish","format-standard","hentry"],"_links":{"self":[{"href":"https:\/\/blog.corretoraideal.com.br\/index.php\/wp-json\/wp\/v2\/posts\/53219","targetHints":{"allow":["GET"]}}],"collection":[{"href":"https:\/\/blog.corretoraideal.com.br\/index.php\/wp-json\/wp\/v2\/posts"}],"about":[{"href":"https:\/\/blog.corretoraideal.com.br\/index.php\/wp-json\/wp\/v2\/types\/post"}],"author":[{"embeddable":true,"href":"https:\/\/blog.corretoraideal.com.br\/index.php\/wp-json\/wp\/v2\/users\/1"}],"replies":[{"embeddable":true,"href":"https:\/\/blog.corretoraideal.com.br\/index.php\/wp-json\/wp\/v2\/comments?post=53219"}],"version-history":[{"count":1,"href":"https:\/\/blog.corretoraideal.com.br\/index.php\/wp-json\/wp\/v2\/posts\/53219\/revisions"}],"predecessor-version":[{"id":53222,"href":"https:\/\/blog.corretoraideal.com.br\/index.php\/wp-json\/wp\/v2\/posts\/53219\/revisions\/53222"}],"wp:attachment":[{"href":"https:\/\/blog.corretoraideal.com.br\/index.php\/wp-json\/wp\/v2\/media?parent=53219"}],"wp:term":[{"taxonomy":"category","embeddable":true,"href":"https:\/\/blog.corretoraideal.com.br\/index.php\/wp-json\/wp\/v2\/categories?post=53219"},{"taxonomy":"post_tag","embeddable":true,"href":"https:\/\/blog.corretoraideal.com.br\/index.php\/wp-json\/wp\/v2\/tags?post=53219"}],"curies":[{"name":"wp","href":"https:\/\/api.w.org\/{rel}","templated":true}]}}