{"id":53223,"date":"2023-09-22T21:29:44","date_gmt":"2023-09-22T21:29:44","guid":{"rendered":"https:\/\/blog.corretoraideal.com.br\/?p=53223"},"modified":"2023-09-22T21:29:44","modified_gmt":"2023-09-22T21:29:44","slug":"pre-venda-do-iphone-15-no-brasil-comeca-na-proxima-quarta-confira-os-precos-tecnologia-g1","status":"publish","type":"post","link":"https:\/\/blog.corretoraideal.com.br\/index.php\/2023\/09\/22\/pre-venda-do-iphone-15-no-brasil-comeca-na-proxima-quarta-confira-os-precos-tecnologia-g1\/","title":{"rendered":"Pr\u00e9-venda do iPhone 15 no Brasil come\u00e7a na pr\u00f3xima quarta; confira os pre\u00e7os | Tecnologia | G1"},"content":{"rendered":"<p>      1 de 1&#013;Lan\u00e7amento do iPhone 15 em Cupertino, na Calif\u00f3rnia, nesta ter\u00e7a-feira (12). \u2014 Foto: Loren Elliott\/Reuters    <\/p>\n<p> Lan\u00e7amento do iPhone 15 em Cupertino, na Calif\u00f3rnia, nesta ter\u00e7a-feira (12). \u2014 Foto: Loren Elliott\/Reuters <\/p>\n<p> A <a class href=\"https:\/\/g1.globo.com\/tudo-sobre\/apple\/\">Apple<\/a> atualizou seu site para informar que a pr\u00e9-venda do iPhone 15 no Brasil come\u00e7a na pr\u00f3xima quarta-feira (27). A empresa, no entanto, n\u00e3o informa a data para entrega. <\/p>\n<ul>\n<li><a class href=\"https:\/\/g1.globo.com\/tecnologia\/noticia\/2023\/09\/12\/iphone-15-vs-14-veja-comparacao-de-precos-no-brasil.ghtml\">iPhone 15 \u00e9 mais &#x27;barato&#x27; que o 14 na \u00e9poca do lan\u00e7amento<\/a><\/li>\n<\/ul>\n<p> A disponibilidade para os interessados no Brasil come\u00e7a cerca de tr\u00eas semanas ap\u00f3s o <a class href=\"https:\/\/g1.globo.com\/tecnologia\/noticia\/2022\/09\/07\/iphone-14-apple-apresenta-novos-produtos.ghtml\">lan\u00e7amento oficial dos aparelhos<\/a>. No evento, que aconteceu nos EUA, a <a class href=\"https:\/\/g1.globo.com\/tecnologia\/noticia\/2023\/09\/11\/iphone-15-3-polemicas-e-curiosidades-do-novo-lancamento-da-apple.ghtml\">Apple apresentou quatro modelos<\/a>: iPhone 15, iPhone 15 Plus, iPhone 15 Pro e iPhone 15 Pro Max. <\/p>\n<p> A empresa aceita pagamentos em at\u00e9 12 parcelas sem juros e oferece 10% de desconto no pagamento \u00e0 vista. Veja os pre\u00e7os abaixo: <\/p>\n<p><h2>O que mudou no iPhone 15<\/h2>\n<\/p>\n<p> Todos os celulares deixaram de usar o carregador Lightning, exclusivo da empresa, e passaram a usar a entrada USB-C, adotada ap\u00f3s determina\u00e7\u00e3o da Uni\u00e3o Europeia. Apesar da mudan\u00e7a, eles continuam sendo vendidos sem carregador. <\/p>\n<p> O iPhone 15 Pro e iPhone 15 Pro Max ganharam acabamento em tit\u00e2nio e, segundo a empresa, ser\u00e3o os mais leves de todos os tempos na categoria &quot;Pro&quot;. Os celulares tamb\u00e9m t\u00eam bordas mais finas ao redor da tela. <\/p>\n<p> Os modelos mais caros tamb\u00e9m foram equipados com o novo processador A17 Pro. A Apple afirma que a mudan\u00e7a permite que o celular ofere\u00e7a uma experi\u00eancia melhor com jogos. <\/p>\n<p> No iPhone 15 e 15 Plus, os mais baratos, ganharam o Dynamic Island, que chegou primeiro no iPhone 14 Pro e que faz a \u00e1rea ao redor da c\u00e2mera frontal interagir com anima\u00e7\u00f5es do sistema operacional. <\/p>\n<p> A c\u00e2mera principal usada no iPhone 15 e 15 Plus foi atualizada, passando de 12 megapixels para 48 megapixels. Os celulares tamb\u00e9m ganharam o processador A16, que chegou primeiro no iPhone 14 Pro e Pro Max. <\/p>\n<p><h2>Apple anuncia o lan\u00e7amento do iPhone 15 e outras novidades<\/h2>\n<\/p>\n<p>                   <img loading=\"lazy\" decoding=\"async\" class=\"aligncenter size-full wp-image-53225\" src=\"https:\/\/blog.corretoraideal.com.br\/wp-content\/uploads\/2023\/09\/apple-anuncia-o-lancamento-do-iphone-15-e-outras-novidades-8.jpeg\" alt=\"Apple anuncia o lan\u00e7amento do iPhone 15 e outras novidades\" width=\"800\" height=\"400\" \/>      <\/p>\n<p> Apple anuncia o lan\u00e7amento do iPhone 15 e outras novidades <\/p>\n<p><h2>Melhores fotos do mundo tiradas com iPhone<\/h2>\n<\/p>\n<p>                   <img loading=\"lazy\" decoding=\"async\" class=\"aligncenter size-full wp-image-53226\" src=\"https:\/\/blog.corretoraideal.com.br\/wp-content\/uploads\/2023\/09\/melhores-fotos-do-mundo-tiradas-com-iphone-veja-cliques-vencedores.jpeg\" alt=\"Melhores fotos do mundo tiradas com iPhone: Veja cliques vencedores\" width=\"800\" height=\"400\" \/>      <\/p>\n<p> Melhores fotos do mundo tiradas com iPhone: Veja cliques vencedores <\/p>\n<p><h2>g1 testa iPhone 14<\/h2>\n<\/p>\n<p>                   <img loading=\"lazy\" decoding=\"async\" class=\"aligncenter size-full wp-image-53227\" src=\"https:\/\/blog.corretoraideal.com.br\/wp-content\/uploads\/2023\/09\/g1-testa-iphone-14-4.jpeg\" alt=\"g1 testa iPhone 14\" width=\"800\" height=\"400\" \/>      <\/p>\n<p> g1 testa iPhone 14 <\/p>\n<p><h2>Entenda o que \u00e9 live NPC, nova trend do TikTok<\/h2>\n<\/p>\n<p>                   <img loading=\"lazy\" decoding=\"async\" class=\"aligncenter size-full wp-image-53228\" src=\"https:\/\/blog.corretoraideal.com.br\/wp-content\/uploads\/2023\/09\/entenda-o-que-e-live-npc-nova-trend-do-tiktok-2.jpeg\" alt=\"Entenda o que \u00e9 live NPC, nova trend do TikTok\" width=\"800\" height=\"400\" \/>      <\/p>\n<p> Entenda o que \u00e9 live NPC, nova trend do TikTok <\/p>\n<p> <strong>LEIA TAMB\u00c9M: <\/strong> <\/p>\n<ul>\n<li><a class href=\"https:\/\/g1.globo.com\/tecnologia\/noticia\/2023\/09\/21\/como-criar-um-canal-no-whatsapp.ghtml\">Como criar um Canal no WhatsApp<\/a><\/li>\n<li><a class href=\"https:\/\/g1.globo.com\/tecnologia\/noticia\/2023\/09\/20\/como-transformar-uma-foto-em-arquivo-de-texto-no-android-e-no-iphone.ghtml#G1-TECNOLOGIA-FEED-user,rec-top,5682dd76-a49e-4e8c-8bc3-4941e2e2e31e\">Como transformar uma foto em arquivo de texto no Android e no iPhone<\/a><\/li>\n<li><a class href=\"https:\/\/g1.globo.com\/tecnologia\/noticia\/2023\/09\/18\/como-criar-um-poster-de-contato-no-iphone.ghtml\">iOS 17: Como criar um p\u00f4ster de contato no iPhone, recurso que mostra a sua foto em liga\u00e7\u00f5es<\/a><\/li>\n<\/ul>\n<ul>\n<li> <a href=\"https:\/\/g1.globo.com\/tudo-sobre\/apple\/\" class=\"entities__list-itemLink\" data-track-click=\"Apple\"> Apple <\/a> <\/li>\n<\/ul>\n","protected":false},"excerpt":{"rendered":"<p>1 de 1&#013;Lan\u00e7amento do iPhone 15 em Cupertino, na Calif\u00f3rnia, nesta ter\u00e7a-feira (12). \u2014 Foto: Loren Elliott\/Reuters Lan\u00e7amento do iPhone 15 em Cupertino, na Calif\u00f3rnia, nesta ter\u00e7a-feira (12). \u2014 Foto: Loren Elliott\/Reuters A Apple atualizou seu site para informar que a pr\u00e9-venda do iPhone 15 no Brasil come\u00e7a na pr\u00f3xima quarta-feira (27). A empresa, no [&hellip;]<\/p>\n","protected":false},"author":1,"featured_media":0,"comment_status":"closed","ping_status":"closed","sticky":false,"template":"","format":"standard","meta":{"footnotes":""},"categories":[],"tags":[],"class_list":["post-53223","post","type-post","status-publish","format-standard","hentry"],"_links":{"self":[{"href":"https:\/\/blog.corretoraideal.com.br\/index.php\/wp-json\/wp\/v2\/posts\/53223","targetHints":{"allow":["GET"]}}],"collection":[{"href":"https:\/\/blog.corretoraideal.com.br\/index.php\/wp-json\/wp\/v2\/posts"}],"about":[{"href":"https:\/\/blog.corretoraideal.com.br\/index.php\/wp-json\/wp\/v2\/types\/post"}],"author":[{"embeddable":true,"href":"https:\/\/blog.corretoraideal.com.br\/index.php\/wp-json\/wp\/v2\/users\/1"}],"replies":[{"embeddable":true,"href":"https:\/\/blog.corretoraideal.com.br\/index.php\/wp-json\/wp\/v2\/comments?post=53223"}],"version-history":[{"count":1,"href":"https:\/\/blog.corretoraideal.com.br\/index.php\/wp-json\/wp\/v2\/posts\/53223\/revisions"}],"predecessor-version":[{"id":53229,"href":"https:\/\/blog.corretoraideal.com.br\/index.php\/wp-json\/wp\/v2\/posts\/53223\/revisions\/53229"}],"wp:attachment":[{"href":"https:\/\/blog.corretoraideal.com.br\/index.php\/wp-json\/wp\/v2\/media?parent=53223"}],"wp:term":[{"taxonomy":"category","embeddable":true,"href":"https:\/\/blog.corretoraideal.com.br\/index.php\/wp-json\/wp\/v2\/categories?post=53223"},{"taxonomy":"post_tag","embeddable":true,"href":"https:\/\/blog.corretoraideal.com.br\/index.php\/wp-json\/wp\/v2\/tags?post=53223"}],"curies":[{"name":"wp","href":"https:\/\/api.w.org\/{rel}","templated":true}]}}