{"id":53230,"date":"2023-09-22T23:29:35","date_gmt":"2023-09-22T23:29:35","guid":{"rendered":"https:\/\/blog.corretoraideal.com.br\/?p=53230"},"modified":"2023-09-22T23:29:35","modified_gmt":"2023-09-22T23:29:35","slug":"jornada-empreendedora-tem-palestra-gratuita-em-sao-francisco-de-itabapoana-no-rj-norte-fluminense-g1","status":"publish","type":"post","link":"https:\/\/blog.corretoraideal.com.br\/index.php\/2023\/09\/22\/jornada-empreendedora-tem-palestra-gratuita-em-sao-francisco-de-itabapoana-no-rj-norte-fluminense-g1\/","title":{"rendered":"Jornada Empreendedora tem palestra gratuita em S\u00e3o Francisco de Itabapoana, no RJ | Norte Fluminense | G1"},"content":{"rendered":"\n<p> A Jornada Empreendedora em <a class href=\"https:\/\/g1.globo.com\/rj\/norte-fluminense\/cidade\/sao-francisco-de-itabapoana\/\">S\u00e3o Francisco de Itabapoana<\/a>, no Norte Fluminense, oferece a segunda palestra gratuita do projeto e as inscri\u00e7\u00f5es podem ser feitas pela internet, por meio do link <a class href=\"https:\/\/forms.gle\/gcmnxiwsLVhUYzac7\" target=\"_blank\" rel=\"noopener noreferrer\">https:\/\/forms.gle\/gcmnxiwsLVhUYzac7<\/a>, ou pelo WhatsApp (22) 99906-4243. <\/p>\n<p> Desta vez o tema abordado ser\u00e1 \u201cComo encontrar bons fornecedores\u201d. A palestra ser\u00e1 realizada no dia 27 de setembro, na sala de aula da Microlins, nos altos da loja DuJuca, na Avenida Vereador Edenites da Silva Viana, n\u00ba 87, no Centro da cidade, das 14h \u00e0s 18h. <\/p>\n<p> No local, consultores do Sebrae v\u00e3o informar e orientar os empreendedores do munic\u00edpio sobre ferramentas de neg\u00f3cios. <\/p>\n<p> &quot;O evento tem ainda a participa\u00e7\u00e3o da Sala do Trabalhador e Empreendedor e do Departamento de Gera\u00e7\u00e3o de Trabalho e Renda (GTR), ambos vinculados \u00e0 SMTDH, al\u00e9m da Microlins, empresa de cursos profissionalizantes&quot;, divulga a Prefeitura. <\/p>\n<p> A a\u00e7\u00e3o da Secretaria Municipal de Trabalho e Desenvolvimento Humano (SMTDH), \u00e9 oferecida em conjunto com o Sebrae. A Jornada Empreendedora conta com s\u00e9rie de eventos gratuitos mensais direcionados aos empreendedores. <\/p>\n<p> A primeira palestra ocorreu no dia 23 de agosto com o tema \u201cComo Controlar o Fluxo de Caixa\u201d. <\/p>\n<p><h2>Programa\u00e7\u00e3o das demais palestras:<\/h2>\n<\/p>\n<ul>\n<li>25 de outubro, das 8h30 \u00e0s 12h30, \u201cForma\u00e7\u00e3o de Pre\u00e7o\u201d<\/li>\n<li>22 de novembro, das 14h \u00e0s 16h, \u201cAtendimento ao Cliente: Como Satisfazer e Encantar seus Clientes\u201d<\/li>\n<li>13 de dezembro, das 14h \u00e0s 18h, \u201cComo Planejar o Seu Neg\u00f3cio\u201d<\/li>\n<\/ul>\n<ul>\n<li> <a href=\"https:\/\/g1.globo.com\/rj\/norte-fluminense\/cidade\/sao-francisco-de-itabapoana\/\" class=\"entities__list-itemLink\" data-track-click=\"S\u00e3o Francisco de Itabapoana\"> S\u00e3o Francisco de Itabapoana <\/a> <\/li>\n<\/ul>\n","protected":false},"excerpt":{"rendered":"<p>A Jornada Empreendedora em S\u00e3o Francisco de Itabapoana, no Norte Fluminense, oferece a segunda palestra gratuita do projeto e as inscri\u00e7\u00f5es podem ser feitas pela internet, por meio do link https:\/\/forms.gle\/gcmnxiwsLVhUYzac7, ou pelo WhatsApp (22) 99906-4243. Desta vez o tema abordado ser\u00e1 \u201cComo encontrar bons fornecedores\u201d. A palestra ser\u00e1 realizada no dia 27 de setembro, [&hellip;]<\/p>\n","protected":false},"author":1,"featured_media":0,"comment_status":"closed","ping_status":"closed","sticky":false,"template":"","format":"standard","meta":{"footnotes":""},"categories":[],"tags":[],"class_list":["post-53230","post","type-post","status-publish","format-standard","hentry"],"_links":{"self":[{"href":"https:\/\/blog.corretoraideal.com.br\/index.php\/wp-json\/wp\/v2\/posts\/53230","targetHints":{"allow":["GET"]}}],"collection":[{"href":"https:\/\/blog.corretoraideal.com.br\/index.php\/wp-json\/wp\/v2\/posts"}],"about":[{"href":"https:\/\/blog.corretoraideal.com.br\/index.php\/wp-json\/wp\/v2\/types\/post"}],"author":[{"embeddable":true,"href":"https:\/\/blog.corretoraideal.com.br\/index.php\/wp-json\/wp\/v2\/users\/1"}],"replies":[{"embeddable":true,"href":"https:\/\/blog.corretoraideal.com.br\/index.php\/wp-json\/wp\/v2\/comments?post=53230"}],"version-history":[{"count":1,"href":"https:\/\/blog.corretoraideal.com.br\/index.php\/wp-json\/wp\/v2\/posts\/53230\/revisions"}],"predecessor-version":[{"id":53232,"href":"https:\/\/blog.corretoraideal.com.br\/index.php\/wp-json\/wp\/v2\/posts\/53230\/revisions\/53232"}],"wp:attachment":[{"href":"https:\/\/blog.corretoraideal.com.br\/index.php\/wp-json\/wp\/v2\/media?parent=53230"}],"wp:term":[{"taxonomy":"category","embeddable":true,"href":"https:\/\/blog.corretoraideal.com.br\/index.php\/wp-json\/wp\/v2\/categories?post=53230"},{"taxonomy":"post_tag","embeddable":true,"href":"https:\/\/blog.corretoraideal.com.br\/index.php\/wp-json\/wp\/v2\/tags?post=53230"}],"curies":[{"name":"wp","href":"https:\/\/api.w.org\/{rel}","templated":true}]}}