{"id":53233,"date":"2023-09-23T01:29:35","date_gmt":"2023-09-23T01:29:35","guid":{"rendered":"https:\/\/blog.corretoraideal.com.br\/?p=53233"},"modified":"2023-09-23T01:29:35","modified_gmt":"2023-09-23T01:29:35","slug":"onda-de-calor-ons-estima-aumento-de-58-no-consumo-de-energia-em-setembro-economia-g1","status":"publish","type":"post","link":"https:\/\/blog.corretoraideal.com.br\/index.php\/2023\/09\/23\/onda-de-calor-ons-estima-aumento-de-58-no-consumo-de-energia-em-setembro-economia-g1\/","title":{"rendered":"Onda de calor: ONS estima aumento de 5,8% no consumo de energia em setembro | Economia | G1"},"content":{"rendered":"\n<ul>\n<li>\n<p> Ondas de calor influenciam estimativa da ONS para aumento no consumo de energia el\u00e9trica. <\/p>\n<\/li>\n<li>\n<p> Estima de eleva\u00e7\u00e3o de 5,8% em setembro \u00e9 a maior proje\u00e7\u00e3o mensal de consumo dos \u00faltimos meses. <\/p>\n<\/li>\n<li>\n<p> Diretor-geral do ONS, Luiz Carlos Ciocchi, informou que o Sistema Interligado Nacional est\u00e1 preparado para lidar com o aumento da demanda por energia. <\/p>\n<\/li>\n<\/ul>\n<p> Ondas de calor influenciam estimativa da ONS para aumento no consumo de energia el\u00e9trica. <\/p>\n<p> Estima de eleva\u00e7\u00e3o de 5,8% em setembro \u00e9 a maior proje\u00e7\u00e3o mensal de consumo dos \u00faltimos meses. <\/p>\n<p> Diretor-geral do ONS, Luiz Carlos Ciocchi, informou que o Sistema Interligado Nacional est\u00e1 preparado para lidar com o aumento da demanda por energia. <\/p>\n<p>         1 de 1&#013;Alerta vermelho para onda de calor foi ampliado at\u00e9 ter\u00e7a-feira (26). \u2014 Foto: Reprodu\u00e7\u00e3o\/INMET    <\/p>\n<p> Alerta vermelho para onda de calor foi ampliado at\u00e9 ter\u00e7a-feira (26). \u2014 Foto: Reprodu\u00e7\u00e3o\/INMET <\/p>\n<p> O Operador Nacional do Sistema El\u00e9trico (<a class href=\"https:\/\/g1.globo.com\/tudo-sobre\/ons\/\">ONS<\/a>) estima um aumento de 5,8% no consumo de energia em setembro por causa da onda de calor no pa\u00eds. Os dados foram divulgados nesta sexta-feira (22). <\/p>\n<p> <a class href=\"https:\/\/www.whatsapp.com\/channel\/0029Va2ll12AInPbyd8p933r\" target=\"_blank\" rel=\"noopener noreferrer\"><strong>\u2705Clique aqui <\/strong><\/a>para seguir o novo canal do <a class href=\"http:\/\/g1.globo.com\/\"><strong>g1<\/strong><\/a> no WhatsApp <\/p>\n<p> Segundo o ONS, essa \u00e9 a maior eleva\u00e7\u00e3o nas proje\u00e7\u00f5es mensais de consumo dos \u00faltimos meses. O aumento de 5,8% se d\u00e1 em rela\u00e7\u00e3o a setembro de 2022 e representa 75,2 mil megawatts m\u00e9dios (MWmed) consumidos a mais. <\/p>\n<p> \u201cA previs\u00e3o de crescimento da carga para setembro \u00e9 a maior dos \u00faltimos meses, reflexo do calor mais intenso e tamb\u00e9m de uma economia mais aquecida\u201d, declarou o diretor-geral do ONS, Luiz Carlos Ciocchi. <\/p>\n<p>                   <img loading=\"lazy\" decoding=\"async\" class=\"aligncenter size-full wp-image-53235\" src=\"https:\/\/blog.corretoraideal.com.br\/wp-content\/uploads\/2023\/09\/inverno-se-despede-com-recorde-de-calor-no-rio-de-janeiro.jpeg\" alt=\"Inverno se despede com recorde de calor no Rio de Janeiro\" width=\"800\" height=\"400\" \/>      <\/p>\n<p> Inverno se despede com recorde de calor no Rio de Janeiro <\/p>\n<p> De acordo com o Ciochi, o Sistema Interligado Nacional (SIN) est\u00e1 preparado para lidar com o aumento da demanda por energia. \u201cO sistema \u00e9 robusto, seguro e o cen\u00e1rio \u00e9 favor\u00e1vel\u201d, disse. <\/p>\n<p> O aumento na temperatura est\u00e1 relacionado ao fen\u00f4meno clim\u00e1tico El Ni\u00f1o e \u00e0s mudan\u00e7as clim\u00e1ticas, causadas pela emiss\u00e3o de gases do efeito estufa. <\/p>\n<p> Nesta sexta-feira (22), <a class href=\"https:\/\/g1.globo.com\/meio-ambiente\/noticia\/2023\/09\/22\/onda-de-calor-inmet-amplia-alerta-vermelho-de-grande-perigo-para-11-estados-e-o-df-e-o-estende-ate-terca-26.ghtml\">o Instituto Nacional de Meteorologia (Inmet) ampliou o alerta vermelho por causa das temperaturas acima da m\u00e9dia para 11 estados e o Distrito Federal. <\/a> <\/p>\n<p><h2>Reservat\u00f3rios cheios<\/h2>\n<\/p>\n<p> O n\u00edvel dos reservat\u00f3rios das hidrel\u00e9tricas est\u00e1 acima de 70% em tr\u00eas dos quatro submercados do sistema el\u00e9trico, conforme classifica\u00e7\u00e3o do ONS: <\/p>\n<ul>\n<li>Sul: 85,2% <\/li>\n<li>Norte: 73,7% <\/li>\n<li>Sudeste e Centro-Oeste: 72,6% <\/li>\n<li>Nordeste: 67,2%<\/li>\n<\/ul>\n<p> O cen\u00e1rio \u00e9 favor\u00e1vel para a gera\u00e7\u00e3o de energia hidrel\u00e9trica, j\u00e1 que os reservat\u00f3rios est\u00e3o cheios no final do per\u00edodo seco. <\/p>\n<p> Essa \u00e9 uma das raz\u00f5es para a \u00e1rea t\u00e9cnica do <a class href=\"https:\/\/g1.globo.com\/tudo-sobre\/ministerio-de-minas-e-energia\/\">Minist\u00e9rio de Minas e Energia<\/a> avaliar que n\u00e3o ser\u00e1 necess\u00e1rio adotar o hor\u00e1rio de ver\u00e3o em 2023. <\/p>\n<p> Implementada de forma constante desde 1985, a medida serve para economizar energia com o adiantamento dos rel\u00f3gios em uma hora em alguns estados do pa\u00eds. Dessa forma, h\u00e1 maior aproveitamento da luz natural. <\/p>\n<p> O hor\u00e1rio de ver\u00e3o foi suspenso em 2019, por um entendimento de que, com o passar do tempo, o comportamento do consumidor de energia el\u00e9trica mudou e medida n\u00e3o era mais t\u00e3o eficaz. <\/p>\n<ul>\n<li> <a href=\"https:\/\/g1.globo.com\/tudo-sobre\/ministerio-de-minas-e-energia\/\" class=\"entities__list-itemLink\" data-track-click=\"Minist\u00e9rio de Minas e Energia\"> Minist\u00e9rio de Minas e Energia <\/a> <\/li>\n<li> <a href=\"https:\/\/g1.globo.com\/tudo-sobre\/ons\/\" class=\"entities__list-itemLink\" data-track-click=\"ONS\"> ONS <\/a> <\/li>\n<\/ul>\n","protected":false},"excerpt":{"rendered":"<p>Ondas de calor influenciam estimativa da ONS para aumento no consumo de energia el\u00e9trica. Estima de eleva\u00e7\u00e3o de 5,8% em setembro \u00e9 a maior proje\u00e7\u00e3o mensal de consumo dos \u00faltimos meses. Diretor-geral do ONS, Luiz Carlos Ciocchi, informou que o Sistema Interligado Nacional est\u00e1 preparado para lidar com o aumento da demanda por energia. Ondas [&hellip;]<\/p>\n","protected":false},"author":1,"featured_media":0,"comment_status":"closed","ping_status":"closed","sticky":false,"template":"","format":"standard","meta":{"footnotes":""},"categories":[],"tags":[],"class_list":["post-53233","post","type-post","status-publish","format-standard","hentry"],"_links":{"self":[{"href":"https:\/\/blog.corretoraideal.com.br\/index.php\/wp-json\/wp\/v2\/posts\/53233","targetHints":{"allow":["GET"]}}],"collection":[{"href":"https:\/\/blog.corretoraideal.com.br\/index.php\/wp-json\/wp\/v2\/posts"}],"about":[{"href":"https:\/\/blog.corretoraideal.com.br\/index.php\/wp-json\/wp\/v2\/types\/post"}],"author":[{"embeddable":true,"href":"https:\/\/blog.corretoraideal.com.br\/index.php\/wp-json\/wp\/v2\/users\/1"}],"replies":[{"embeddable":true,"href":"https:\/\/blog.corretoraideal.com.br\/index.php\/wp-json\/wp\/v2\/comments?post=53233"}],"version-history":[{"count":1,"href":"https:\/\/blog.corretoraideal.com.br\/index.php\/wp-json\/wp\/v2\/posts\/53233\/revisions"}],"predecessor-version":[{"id":53236,"href":"https:\/\/blog.corretoraideal.com.br\/index.php\/wp-json\/wp\/v2\/posts\/53233\/revisions\/53236"}],"wp:attachment":[{"href":"https:\/\/blog.corretoraideal.com.br\/index.php\/wp-json\/wp\/v2\/media?parent=53233"}],"wp:term":[{"taxonomy":"category","embeddable":true,"href":"https:\/\/blog.corretoraideal.com.br\/index.php\/wp-json\/wp\/v2\/categories?post=53233"},{"taxonomy":"post_tag","embeddable":true,"href":"https:\/\/blog.corretoraideal.com.br\/index.php\/wp-json\/wp\/v2\/tags?post=53233"}],"curies":[{"name":"wp","href":"https:\/\/api.w.org\/{rel}","templated":true}]}}