{"id":53245,"date":"2023-09-23T07:29:35","date_gmt":"2023-09-23T07:29:35","guid":{"rendered":"https:\/\/blog.corretoraideal.com.br\/?p=53245"},"modified":"2023-09-23T07:29:35","modified_gmt":"2023-09-23T07:29:35","slug":"brasil-e-lider-em-investimentos-em-data-centers-na-america-latina-cidade-na-grande-sp-tem-quinto-maior-complexo-do-planeta-jornal-da-globo-g1","status":"publish","type":"post","link":"https:\/\/blog.corretoraideal.com.br\/index.php\/2023\/09\/23\/brasil-e-lider-em-investimentos-em-data-centers-na-america-latina-cidade-na-grande-sp-tem-quinto-maior-complexo-do-planeta-jornal-da-globo-g1\/","title":{"rendered":"Brasil \u00e9 l\u00edder em investimentos em data centers na Am\u00e9rica Latina; cidade na Grande SP tem quinto maior complexo do planeta | Jornal da Globo | G1"},"content":{"rendered":"<p>                <img loading=\"lazy\" decoding=\"async\" class=\"aligncenter size-full wp-image-53247\" src=\"https:\/\/blog.corretoraideal.com.br\/wp-content\/uploads\/2023\/09\/brasil-e-lider-em-investimentos-em-data-centers-na-america-latina.jpeg\" alt=\"Brasil \u00e9 l\u00edder em investimentos em data centers na Am\u00e9rica Latina\" width=\"800\" height=\"400\" \/>      <\/p>\n<p> Brasil \u00e9 l\u00edder em investimentos em data centers na Am\u00e9rica Latina <\/p>\n<p> O aumento da demanda de empresas que buscam a transforma\u00e7\u00e3o digital fez o mercado de data centers explodir no Brasil. O <strong>pa\u00eds \u00e9 o l\u00edder no setor na Am\u00e9rica Latina, com 40% dos investimentos.<\/strong> A cidade de S\u00e3o Paulo foi apontada como um dos cinco mercados em ascens\u00e3o mundial. <\/p>\n<p> Os chamados data centers abrigam milhares de racks e servidores que processam e armazenam dados de todo tipo de companhia &#8211; especialmente as gigantes da internet &#8211; do varejo ao setor financeiro. <\/p>\n<p> O setor cresceu tanto que ficou caro demais para quase todas as empresas &#8211; e at\u00e9 para o governo &#8211; cuidar da sua tecnologia. A grande maioria hoje terceiriza &#8211; pagando mensalidades a provedores para manter suas opera\u00e7\u00f5es online na nuvem. <\/p>\n<p>&quot;Nos \u00faltimos anos, o uso de data centers cresceu explosivamente &#8211; em parte por causa do uso de algoritmos que usam muitos dados, algoritmos de intelig\u00eancia artificial, que processam muitos dados -, existe cada vez mais necessidade de de guardar e processar esses dados de forma segura. Ent\u00e3o, o crescimento tem sido bastante forte&quot;, destaca Fabio Cozman &#8211; diretor do centro de intelig\u00eancia artificial da USP. <\/p>\n<p><h2>S\u00e3o Paulo abriga o quinto maior complexo de data centers do planeta<\/h2>\n<\/p>\n<p> Em Barueri, na grande S\u00e3o Paulo, est\u00e1 o quinto maior complexo de data centers do planeta. A empresa nasceu na pandemia, h\u00e1 apenas tr\u00eas anos, quando as gigantes tecnol\u00f3gicas, as big techs, tiveram que se expandir a toque de caixa. <\/p>\n<p>&quot;A pandemia, quando voc\u00ea coloca todas as vari\u00e1veis que veio com ela, aliadas \u00e0 soberania de dados, \u00e9 uma demanda por dados estrat\u00e9gicos nos pa\u00edses localizados pr\u00f3ximos do consumo, e esse avan\u00e7o da digitaliza\u00e7\u00e3o, a gente se viu frente h\u00e1 uma demanda sem precedentes&quot;, destaca o CEO da Scala, Marcos Peigo. <\/p>\n<p>         1 de 2&#013;A alta dos investimentos em data centers no Brasil \u2014 Foto: Reprodu\u00e7\u00e3o\/TV Globo    <\/p>\n<p> A alta dos investimentos em data centers no Brasil \u2014 Foto: Reprodu\u00e7\u00e3o\/TV Globo <\/p>\n<p> O conglomerado j\u00e1 ocupa oito edif\u00edcios e at\u00e9 o fim da d\u00e9cada, ser\u00e3o 18. Alguns pr\u00e9dios ainda em obras j\u00e1 est\u00e3o reservados para clientes globais &#8211; entre eles, provedores de servi\u00e7os de internet na nuvem. N\u00e3o \u00e9 exagero chamar isso tudo de cidade.<strong> O consumo de energia equivale ao de um munic\u00edpio de 150 mil habitantes<\/strong>. <\/p>\n<p> Um dos grandes desafios de um data center \u00e9 evitar o aquecimento dos computadores e pra isso \u00e9 preciso ter um sistema potente de refrigeradores. S\u00f3 um no topo do pr\u00e9dio, tem capacidade de resfriar o calor gerado por 120 mil aparelhos. <\/p>\n<p> A demanda pelo 5G e o salto da intelig\u00eancia artificial levaram a empresa a levar a opera\u00e7\u00e3o tamb\u00e9m para pa\u00edses como M\u00e9xico e Chile, perto do pac\u00edfico e dos Estados Unidos. Uma forma de eliminar fronteiras dos neg\u00f3cios digitais. <\/p>\n<p> &quot;Um total de 17 sites que est\u00e3o em constru\u00e7\u00e3o ou desenvolvimento e voc\u00ea data centers que est\u00e3o localizados no Brasil, eficientes, sustent\u00e1veis que podem prover servi\u00e7os para outras regi\u00f5es do mundo&quot;, pontua o CEO da Scala. <\/p>\n<p>         2 de 2&#013;Cidade na Grande SP tem quinto maior complexo de data centers do planeta \u2014 Foto: Reprodu\u00e7\u00e3o\/TV Globo    <\/p>\n<p> Cidade na Grande SP tem quinto maior complexo de data centers do planeta \u2014 Foto: Reprodu\u00e7\u00e3o\/TV Globo <\/p>\n<p> <strong>LEIA TAMB\u00c9M:<\/strong> <\/p>\n<ul>\n<li><a class href=\"https:\/\/g1.globo.com\/sp\/campinas-regiao\/noticia\/2023\/09\/09\/entenda-o-que-e-o-data-center-de-r-15-bi-em-paulinia-que-turbinou-folha-de-investimentos-em-sp.ghtml\"><strong>Entenda o que \u00e9 o data center de R$ 15 bi em Paul\u00ednia que turbinou folha de investimentos em SP<\/strong><\/a><\/li>\n<\/ul>\n<ul>\n<li> <a href=\"https:\/\/g1.globo.com\/tudo-sobre\/alexandre-de-moraes\/\" class=\"entities__list-itemLink\" data-track-click=\"Alexandre de Moraes\"> Alexandre de Moraes <\/a> <\/li>\n<li> <a href=\"https:\/\/g1.globo.com\/tudo-sobre\/mauro-cid\" class=\"entities__list-itemLink\" data-track-click=\"Mauro Cid\"> Mauro Cid <\/a> <\/li>\n<li> <a href=\"https:\/\/g1.globo.com\/tudo-sobre\/policia-federal\/\" class=\"entities__list-itemLink\" data-track-click=\"Pol\u00edcia Federal\"> Pol\u00edcia Federal <\/a> <\/li>\n<li> <a href=\"https:\/\/g1.globo.com\/tudo-sobre\/supremo-tribunal-federal\/\" class=\"entities__list-itemLink\" data-track-click=\"STF - Supremo Tribunal Federal\"> STF &#8211; Supremo Tribunal Federal <\/a> <\/li>\n<\/ul>\n","protected":false},"excerpt":{"rendered":"<p>Brasil \u00e9 l\u00edder em investimentos em data centers na Am\u00e9rica Latina O aumento da demanda de empresas que buscam a transforma\u00e7\u00e3o digital fez o mercado de data centers explodir no Brasil. O pa\u00eds \u00e9 o l\u00edder no setor na Am\u00e9rica Latina, com 40% dos investimentos. A cidade de S\u00e3o Paulo foi apontada como um dos [&hellip;]<\/p>\n","protected":false},"author":1,"featured_media":0,"comment_status":"closed","ping_status":"closed","sticky":false,"template":"","format":"standard","meta":{"footnotes":""},"categories":[],"tags":[],"class_list":["post-53245","post","type-post","status-publish","format-standard","hentry"],"_links":{"self":[{"href":"https:\/\/blog.corretoraideal.com.br\/index.php\/wp-json\/wp\/v2\/posts\/53245","targetHints":{"allow":["GET"]}}],"collection":[{"href":"https:\/\/blog.corretoraideal.com.br\/index.php\/wp-json\/wp\/v2\/posts"}],"about":[{"href":"https:\/\/blog.corretoraideal.com.br\/index.php\/wp-json\/wp\/v2\/types\/post"}],"author":[{"embeddable":true,"href":"https:\/\/blog.corretoraideal.com.br\/index.php\/wp-json\/wp\/v2\/users\/1"}],"replies":[{"embeddable":true,"href":"https:\/\/blog.corretoraideal.com.br\/index.php\/wp-json\/wp\/v2\/comments?post=53245"}],"version-history":[{"count":1,"href":"https:\/\/blog.corretoraideal.com.br\/index.php\/wp-json\/wp\/v2\/posts\/53245\/revisions"}],"predecessor-version":[{"id":53248,"href":"https:\/\/blog.corretoraideal.com.br\/index.php\/wp-json\/wp\/v2\/posts\/53245\/revisions\/53248"}],"wp:attachment":[{"href":"https:\/\/blog.corretoraideal.com.br\/index.php\/wp-json\/wp\/v2\/media?parent=53245"}],"wp:term":[{"taxonomy":"category","embeddable":true,"href":"https:\/\/blog.corretoraideal.com.br\/index.php\/wp-json\/wp\/v2\/categories?post=53245"},{"taxonomy":"post_tag","embeddable":true,"href":"https:\/\/blog.corretoraideal.com.br\/index.php\/wp-json\/wp\/v2\/tags?post=53245"}],"curies":[{"name":"wp","href":"https:\/\/api.w.org\/{rel}","templated":true}]}}