{"id":53255,"date":"2023-09-23T12:29:37","date_gmt":"2023-09-23T12:29:37","guid":{"rendered":"https:\/\/blog.corretoraideal.com.br\/?p=53255"},"modified":"2023-09-23T12:29:37","modified_gmt":"2023-09-23T12:29:37","slug":"4-motivos-que-levam-adolescentes-a-participar-de-desafios-nas-redes-sociais-tecnologia-g1","status":"publish","type":"post","link":"https:\/\/blog.corretoraideal.com.br\/index.php\/2023\/09\/23\/4-motivos-que-levam-adolescentes-a-participar-de-desafios-nas-redes-sociais-tecnologia-g1\/","title":{"rendered":"4 motivos que levam adolescentes a participar de desafios nas redes sociais | Tecnologia | G1"},"content":{"rendered":"<p>      1 de 1&#013;4 motivos que levam adolescentes a participar de desafios nas redes sociais \u2014 Foto: Getty Images    <\/p>\n<p> 4 motivos que levam adolescentes a participar de desafios nas redes sociais \u2014 Foto: Getty Images <\/p>\n<p> Os desafios das redes sociais s\u00e3o muito variados \u2013 tanto nas acrobacias que envolvem como nas raz\u00f5es pelas quais as pessoas os praticam. <\/p>\n<p> Mas por que adolescentes aceitam desafios que s\u00e3o amea\u00e7as \u00e0 sa\u00fade, ao bem-estar e, ocasionalmente, \u00e0s suas pr\u00f3prias vidas? <\/p>\n<p> Os professores Kapil Chalil Madathil, engenheiro especializado em entender como os humanos interagem com os computadores, e Heidi Zinzow, psic\u00f3loga com experi\u00eancia em sa\u00fade mental, estresse traum\u00e1tico e suic\u00eddio, conduziram uma s\u00e9rie de pesquisas sobre o assunto. <\/p>\n<p> Juntamente com sua equipe de pesquisa, eles fizeram estudos para tentar compreender o que motiva adolescentes e jovens a participar de diferentes desafios. <\/p>\n<p> Para estes estudos, feitos entre janeiro de 2019 e janeiro de 2020, eles entrevistaram dezenas de estudantes do ensino m\u00e9dio e universit\u00e1rio nos Estados Unidos e no sul da \u00cdndia e que participaram de desafios nas redes sociais. <\/p>\n<p> Eles tamb\u00e9m analisaram 150 not\u00edcias, 60 v\u00eddeos p\u00fablicos do YouTube, mais de mil coment\u00e1rios nesses v\u00eddeos do YouTube e 150 publica\u00e7\u00f5es no Twitter \u2013 todos especificamente sobre o &quot;desafio da baleia azul&quot;. Este desafio, muito falado em 2015 e 2016, foi relatado como envolvendo atos de automutila\u00e7\u00e3o progressivamente mais intensos que culminavam em suic\u00eddio. <\/p>\n<p> Identificamos quatro fatores-chave que motivam os jovens a participar de um desafio: <strong>a press\u00e3o social, o desejo de aten\u00e7\u00e3o, o valor do entretenimento e um fen\u00f4meno denominado \u201cefeito de cont\u00e1gio\u201d.<\/strong> <\/p>\n<p> <strong>Leia tamb\u00e9m:<\/strong> <\/p>\n<ul>\n<li><a class href=\"https:\/\/g1.globo.com\/tecnologia\/noticia\/2023\/02\/05\/ele-quis-me-aniquilar-viva-saiba-o-que-e-pornografia-de-revanche-e-conheca-historias-de-vitimas.ghtml\">&#x27;Ele quis me aniquilar viva&#x27;: saiba o que \u00e9 pornografia de revanche e conhe\u00e7a hist\u00f3rias de v\u00edtimas<\/a><\/li>\n<li><a class href=\"https:\/\/g1.globo.com\/tecnologia\/noticia\/2023\/09\/23\/entenda-como-calor-extremo-pode-afetar-celular-veja-dicas-para-preservar-o-aparelho.ghtml\">Calor extremo pode afetar o funcionamento do celular; veja dicas para preservar o aparelho<\/a><\/li>\n<\/ul>\n<p><h2>1. Press\u00e3o social<\/h2>\n<\/p>\n<p> A press\u00e3o social normalmente surge quando um amigo incentiva outro amigo a fazer algo, e a pessoa acredita que alcan\u00e7ar\u00e1 aceita\u00e7\u00e3o dentro de um determinado grupo social se fizer o que esperam dela. <\/p>\n<p> A participa\u00e7\u00e3o em desafios que promovem uma boa causa, como o &quot;desafio do balde de gelo&quot;, muitas vezes \u00e9 resultado de incentivo direto. Os participantes desse desafio, por exemplo, completavam a atividade e depois nomeavam publicamente outros para fazerem o mesmo. <\/p>\n<p> Entretanto, os jovens adultos que se envolveram em desafios mais arriscados queriam principalmente sentir-se inclu\u00eddos num grupo que j\u00e1 tinha participado de um desafio espec\u00edfico. <\/p>\n<p> Foi o caso do &quot;desafio da canela&quot;, onde os participantes cheiravam canela rapidamente e \u00e0s vezes sofriam danos pulmonares e infec\u00e7\u00f5es. Por exemplo, 38% dos participantes da pesquisa que se envolveram nesse desafio reconheceram que procuravam a aceita\u00e7\u00e3o dos pares, em vez de terem sido motivados a participar por motivos mais individuais. <\/p>\n<p>\u201cAcho que participei porque todo mundo com quem eu estudava participou naquela \u00e9poca\u201d, disse um aluno que considerava que o desafio era popular entre seus colegas. \u201cE percebi que devia ser interessante de alguma forma, se todos estavam fazendo.\u201d<\/p>\n<p>                   <img loading=\"lazy\" decoding=\"async\" class=\"aligncenter size-full wp-image-53257\" src=\"https:\/\/blog.corretoraideal.com.br\/wp-content\/uploads\/2023\/09\/setembro-amarelo-campanha-reforca-importancia-da-saude-mental.jpeg\" alt=\"Setembro Amarelo: campanha refor\u00e7a import\u00e2ncia da sa\u00fade mental\" width=\"800\" height=\"400\" \/>      <\/p>\n<p> Setembro Amarelo: campanha refor\u00e7a import\u00e2ncia da sa\u00fade mental <\/p>\n<p><h2>2. Desejo de aten\u00e7\u00e3o<\/h2>\n<\/p>\n<p> Um comportamento de busca de aten\u00e7\u00e3o constatado apenas entre os participantes do &quot;desafio do balde de gelo&quot; era o desejo de ser reconhecido por apoiar uma causa louv\u00e1vel. <\/p>\n<p>No entanto, o comportamento de busca de aten\u00e7\u00e3o observado entre adolescentes e jovens muitas vezes levava os participantes a praticar uma vers\u00e3o mais perigosa de um desafio. Isto inclu\u00eda aceitar os riscos associados ao desafio por mais tempo do que outros participantes.<\/p>\n<p> Por exemplo, um participante do &quot;desafio da canela&quot; engoliu canela em p\u00f3 por mais tempo que seus colegas. <\/p>\n<p> \u201c(O motivo) foi definitivamente meus colegas e, como eu disse, a aten\u00e7\u00e3o\u201d, disse o jovem. \u201cFoi por ver outros amigos postando v\u00eddeos e para ver quem conseguiria fazer o desafio por mais tempo.\u201d <\/p>\n<p>                   <img loading=\"lazy\" decoding=\"async\" class=\"aligncenter size-full wp-image-53258\" src=\"https:\/\/blog.corretoraideal.com.br\/wp-content\/uploads\/2023\/09\/apple-anuncia-o-lancamento-do-iphone-15-e-outras-novidades-9.jpeg\" alt=\"Apple anuncia o lan\u00e7amento do iPhone 15 e outras novidades\" width=\"800\" height=\"400\" \/>      <\/p>\n<p> Apple anuncia o lan\u00e7amento do iPhone 15 e outras novidades <\/p>\n<p><h2>3. Entretenimento<\/h2>\n<\/p>\n<p> Muitos jovens participaram de desafios por divers\u00e3o e curiosidade. Alguns ficavam intrigados com as poss\u00edveis rea\u00e7\u00f5es das pessoas que testemunhavam seu desempenho. <\/p>\n<p> \u201cParecia divertido e, pessoalmente, eu gostava do artista cantando a m\u00fasica\u201d, disse um participante do &quot;desafio Kiki&quot;. <\/p>\n<p> Ele envolvia dan\u00e7ar pendurado \u00e0 lateral de um carro em movimento ao som da m\u00fasica In My Feelings, do cantor americano Drake. <\/p>\n<p> Outros estavam interessados em experimentar as sensa\u00e7\u00f5es associadas \u00e0 execu\u00e7\u00e3o do desafio. Eles se questionavam se suas rea\u00e7\u00f5es seriam as mesmas de outros indiv\u00edduos que observavam o desafio sendo feito. <\/p>\n<p> Um participante disse que foi \u201cprincipalmente a curiosidade\u201d que o motivou a fazer o &quot;desafio da canela&quot;. <\/p>\n<p> \u201cVendo as rea\u00e7\u00f5es das outras pessoas, eu meio que queria ver se teria a mesma rea\u00e7\u00e3o\u201d, disse ele. <\/p>\n<p>                   <img loading=\"lazy\" decoding=\"async\" class=\"aligncenter size-full wp-image-53259\" src=\"https:\/\/blog.corretoraideal.com.br\/wp-content\/uploads\/2023\/09\/elon-musk-entra-em-saia-justa-ao-ser-questionado-sobre-ex-mulher-1.jpeg\" alt=\"Elon Musk entra em saia justa ao ser questionado sobre ex mulher\" width=\"800\" height=\"400\" \/>      <\/p>\n<p> Elon Musk entra em saia-justa ao ser questionado sobre ex-mulher <\/p>\n<p><h2>4. Efeito cont\u00e1gio<\/h2>\n<\/p>\n<p> Os desafios, mesmo aqueles que parecem benignos, podem espalhar-se rapidamente pelas redes sociais. Isto se deve ao efeito de cont\u00e1gio, onde comportamentos, atitudes e ideias se espalham de pessoa para pessoa. <\/p>\n<p> A forma como os criadores de conte\u00fado retratam estes desafios nas redes sociais tamb\u00e9m contribui para o efeito de cont\u00e1gio, incentivando outros a participar. <\/p>\n<p> Depois de analisar o conte\u00fado da m\u00eddia digital relacionado ao &quot;desafio da baleia azul&quot;, descobrimos que v\u00eddeos do YouTube sobre esse desafio violavam frequentemente as nove recomenda\u00e7\u00f5es do Centro de Recursos para Preven\u00e7\u00e3o do Suic\u00eddio. Isso significa que as postagens apresentavam fatores de risco para promover o cont\u00e1gio de comportamentos nocivos. <\/p>\n<p> Especificamente, dos 60 v\u00eddeos do YouTube que analisamos sobre o &quot;desafio da baleia azul&quot;, 37% aderiram a menos de tr\u00eas diretrizes, o que os classifica como inseguros. <\/p>\n<p>As recomenda\u00e7\u00f5es mais comumente violadas envolviam a falha em evitar retratos detalhados ou glorificados do suic\u00eddio e de suas v\u00edtimas, a falha em descrever os recursos para quem precisa de ajuda e a falha em enfatizar tratamentos eficazes para sa\u00fade mental.<\/p>\n<ul>\n<li><a class href=\"https:\/\/g1.globo.com\/ce\/ceara\/especial-publicitario\/fiec-federacao-das-industrias-do-estado-do-ceara\/a-industria-em-foco\/noticia\/2023\/09\/01\/prevencao-ao-suicidio-conhecer-fatores-de-risco-e-buscar-ajuda-pode-salvar-vidas.ghtml\">Preven\u00e7\u00e3o ao suic\u00eddio: conhecer fatores de risco e buscar ajuda pode salvar vidas<\/a><\/li>\n<\/ul>\n<p> A pesquisa tamb\u00e9m explorou como os participantes viam os desafios depois de aceitar participar. Metade dos que se envolveram num desafio arriscado disse que se tivesse compreendido o perigo f\u00edsico ou o risco potencial para a sua imagem social, teria optado por n\u00e3o participar. <\/p>\n<p> \u201cEu n\u00e3o teria feito o &#x27;desafio da canela&#x27; se soubesse que algu\u00e9m foi parar no hospital por causa dele\u201d, disse-nos um entrevistado. <\/p>\n<p> Com base no estudo, \u00e9 poss\u00edvel concluir que, se mais informa\u00e7\u00f5es sobre os riscos potenciais dos desafios das redes sociais fossem oferecidas aos alunos nas escolas, comunicadas aos pais e partilhadas nas redes sociais, os adolescentes e jovens adultos iriam refletir mais e tomar decis\u00f5es mais informadas. Isso poderia at\u00e9 dissuadi-los de participar. <\/p>\n<p> *Heidi Zinzow \u00e9 professora de psicologia na Universidade Clemson, nos Estados Unidos. Kapil Chalil Madathil \u00e9 professor de engenharia civil e industrial na Universidade Clemson. <\/p>\n<p> **Este texto foi publicado originalmente no site de not\u00edcias cient\u00edficas The Conversation e foi reproduzido aqui sob a licen\u00e7a creative commons. <a class href=\"https:\/\/theconversation.com\/4-reasons-teens-take-part-in-social-media-challenges-204450\" target=\"_blank\" rel=\"noopener noreferrer\">Leia a vers\u00e3o original aqui (em ingl\u00eas). <\/a> <\/p>\n<ul> <\/ul>\n","protected":false},"excerpt":{"rendered":"<p>1 de 1&#013;4 motivos que levam adolescentes a participar de desafios nas redes sociais \u2014 Foto: Getty Images 4 motivos que levam adolescentes a participar de desafios nas redes sociais \u2014 Foto: Getty Images Os desafios das redes sociais s\u00e3o muito variados \u2013 tanto nas acrobacias que envolvem como nas raz\u00f5es pelas quais as pessoas [&hellip;]<\/p>\n","protected":false},"author":1,"featured_media":0,"comment_status":"closed","ping_status":"closed","sticky":false,"template":"","format":"standard","meta":{"footnotes":""},"categories":[],"tags":[],"class_list":["post-53255","post","type-post","status-publish","format-standard","hentry"],"_links":{"self":[{"href":"https:\/\/blog.corretoraideal.com.br\/index.php\/wp-json\/wp\/v2\/posts\/53255","targetHints":{"allow":["GET"]}}],"collection":[{"href":"https:\/\/blog.corretoraideal.com.br\/index.php\/wp-json\/wp\/v2\/posts"}],"about":[{"href":"https:\/\/blog.corretoraideal.com.br\/index.php\/wp-json\/wp\/v2\/types\/post"}],"author":[{"embeddable":true,"href":"https:\/\/blog.corretoraideal.com.br\/index.php\/wp-json\/wp\/v2\/users\/1"}],"replies":[{"embeddable":true,"href":"https:\/\/blog.corretoraideal.com.br\/index.php\/wp-json\/wp\/v2\/comments?post=53255"}],"version-history":[{"count":1,"href":"https:\/\/blog.corretoraideal.com.br\/index.php\/wp-json\/wp\/v2\/posts\/53255\/revisions"}],"predecessor-version":[{"id":53260,"href":"https:\/\/blog.corretoraideal.com.br\/index.php\/wp-json\/wp\/v2\/posts\/53255\/revisions\/53260"}],"wp:attachment":[{"href":"https:\/\/blog.corretoraideal.com.br\/index.php\/wp-json\/wp\/v2\/media?parent=53255"}],"wp:term":[{"taxonomy":"category","embeddable":true,"href":"https:\/\/blog.corretoraideal.com.br\/index.php\/wp-json\/wp\/v2\/categories?post=53255"},{"taxonomy":"post_tag","embeddable":true,"href":"https:\/\/blog.corretoraideal.com.br\/index.php\/wp-json\/wp\/v2\/tags?post=53255"}],"curies":[{"name":"wp","href":"https:\/\/api.w.org\/{rel}","templated":true}]}}