{"id":53261,"date":"2023-09-23T16:29:35","date_gmt":"2023-09-23T16:29:35","guid":{"rendered":"https:\/\/blog.corretoraideal.com.br\/?p=53261"},"modified":"2023-09-23T16:29:35","modified_gmt":"2023-09-23T16:29:35","slug":"livraria-saraiva-diretoria-renuncia-depois-de-fechamento-de-todas-as-lojas-fisicas-economia-g1","status":"publish","type":"post","link":"https:\/\/blog.corretoraideal.com.br\/index.php\/2023\/09\/23\/livraria-saraiva-diretoria-renuncia-depois-de-fechamento-de-todas-as-lojas-fisicas-economia-g1\/","title":{"rendered":"Livraria Saraiva: diretoria renuncia depois de fechamento de todas as lojas f\u00edsicas | Economia | G1"},"content":{"rendered":"<p>      1 de 1&#013;Livraria Saraiva no shopping Iguatemi Esplanada, em Sorocaba (SP) \u2014 Foto: Book de Lojas Saraiva\/Reprodu\u00e7\u00e3o    <\/p>\n<p> Livraria Saraiva no shopping Iguatemi Esplanada, em Sorocaba (SP) \u2014 Foto: Book de Lojas Saraiva\/Reprodu\u00e7\u00e3o <\/p>\n<p> O presidente e o vice da livraria Saraiva renunciaram ap\u00f3s o an\u00fancio de fechamento de todas as suas lojas f\u00edsicas. \u00c9 o que informa um comunicado publicado na Comiss\u00e3o de Valores Mobili\u00e1rios (CVM), na noite de sexta-feira (22). <\/p>\n<p> A companhia ir\u00e1 <strong>manter, no entanto, o funcionamento de suas lojas virtuais<\/strong>. <\/p>\n<p> Jorge Saraiva Neto, que \u00e9 membro do Conselho de Administra\u00e7\u00e3o da Saraiva, renunciou ao cargo de Diretor Presidente e Diretor de Rela\u00e7\u00f5es com Investidores. J\u00e1 Oscar Pessoa Filho, era Diretor Vice-Presidente. Os dois alegaram quest\u00f5es de foro \u00edntimo. <\/p>\n<p> Marta Helena Zeni assume agora como Diretora Presidente e Diretora de Rela\u00e7\u00f5es com Investidores (DRI), enquanto Gilmar Antonio Pessoa assume a posi\u00e7\u00e3o de vice. <\/p>\n<p> A rede est\u00e1 em recupera\u00e7\u00e3o judicial desde 2018, depois de n\u00e3o conseguir renegociar d\u00edvidas com fornecedores. Na ocasi\u00e3o, a companhia informou que tinha d\u00edvidas no valor de R$ 675 milh\u00f5es. <\/p>\n<p> Nesta semana ainda, a companhia informou que, com o fechamento das lojas f\u00edsicas, ir\u00e1 reduzir, proporcionalmente, o seu o quadro de colaboradores. <\/p>\n<p> <strong>Leia tamb\u00e9m:<\/strong> <\/p>\n<ul>\n<li><a class href=\"https:\/\/g1.globo.com\/mg\/minas-gerais\/noticia\/2023\/09\/20\/justica-suspende-recuperacao-judicial-da-123-milhas.ghtml\">Justi\u00e7a suspende recupera\u00e7\u00e3o judicial da 123 Milhas<\/a><\/li>\n<li><a class href=\"https:\/\/g1.globo.com\/economia\/imposto-de-renda\/noticia\/2023\/09\/23\/imposto-de-renda-2023-malha-fina-o-que-fazer.ghtml\">Imposto de Renda 2023: ca\u00ed na malha fina, o que fazer agora?<\/a><\/li>\n<\/ul>\n<ul> <\/ul>\n","protected":false},"excerpt":{"rendered":"<p>1 de 1&#013;Livraria Saraiva no shopping Iguatemi Esplanada, em Sorocaba (SP) \u2014 Foto: Book de Lojas Saraiva\/Reprodu\u00e7\u00e3o Livraria Saraiva no shopping Iguatemi Esplanada, em Sorocaba (SP) \u2014 Foto: Book de Lojas Saraiva\/Reprodu\u00e7\u00e3o O presidente e o vice da livraria Saraiva renunciaram ap\u00f3s o an\u00fancio de fechamento de todas as suas lojas f\u00edsicas. \u00c9 o que [&hellip;]<\/p>\n","protected":false},"author":1,"featured_media":0,"comment_status":"closed","ping_status":"closed","sticky":false,"template":"","format":"standard","meta":{"footnotes":""},"categories":[],"tags":[],"class_list":["post-53261","post","type-post","status-publish","format-standard","hentry"],"_links":{"self":[{"href":"https:\/\/blog.corretoraideal.com.br\/index.php\/wp-json\/wp\/v2\/posts\/53261","targetHints":{"allow":["GET"]}}],"collection":[{"href":"https:\/\/blog.corretoraideal.com.br\/index.php\/wp-json\/wp\/v2\/posts"}],"about":[{"href":"https:\/\/blog.corretoraideal.com.br\/index.php\/wp-json\/wp\/v2\/types\/post"}],"author":[{"embeddable":true,"href":"https:\/\/blog.corretoraideal.com.br\/index.php\/wp-json\/wp\/v2\/users\/1"}],"replies":[{"embeddable":true,"href":"https:\/\/blog.corretoraideal.com.br\/index.php\/wp-json\/wp\/v2\/comments?post=53261"}],"version-history":[{"count":1,"href":"https:\/\/blog.corretoraideal.com.br\/index.php\/wp-json\/wp\/v2\/posts\/53261\/revisions"}],"predecessor-version":[{"id":53263,"href":"https:\/\/blog.corretoraideal.com.br\/index.php\/wp-json\/wp\/v2\/posts\/53261\/revisions\/53263"}],"wp:attachment":[{"href":"https:\/\/blog.corretoraideal.com.br\/index.php\/wp-json\/wp\/v2\/media?parent=53261"}],"wp:term":[{"taxonomy":"category","embeddable":true,"href":"https:\/\/blog.corretoraideal.com.br\/index.php\/wp-json\/wp\/v2\/categories?post=53261"},{"taxonomy":"post_tag","embeddable":true,"href":"https:\/\/blog.corretoraideal.com.br\/index.php\/wp-json\/wp\/v2\/tags?post=53261"}],"curies":[{"name":"wp","href":"https:\/\/api.w.org\/{rel}","templated":true}]}}