{"id":53268,"date":"2023-09-23T19:29:39","date_gmt":"2023-09-23T19:29:39","guid":{"rendered":"https:\/\/blog.corretoraideal.com.br\/?p=53268"},"modified":"2023-09-23T19:29:39","modified_gmt":"2023-09-23T19:29:39","slug":"onibus-e-tomado-por-fumaca-em-santo-antonio-de-padua-no-rj-norte-fluminense-g1","status":"publish","type":"post","link":"https:\/\/blog.corretoraideal.com.br\/index.php\/2023\/09\/23\/onibus-e-tomado-por-fumaca-em-santo-antonio-de-padua-no-rj-norte-fluminense-g1\/","title":{"rendered":"\u00d4nibus \u00e9 tomado por fuma\u00e7a em Santo Ant\u00f4nio de P\u00e1dua, no RJ | Norte Fluminense | G1"},"content":{"rendered":"<p>      1 de 1&#013;Passageiros desceram assustados do \u00f4nibus. \u2014 Foto: Notici\u00e1rio Paduano    <\/p>\n<p> Passageiros desceram assustados do \u00f4nibus. \u2014 Foto: Notici\u00e1rio Paduano <\/p>\n<p> Um \u00f4nibus circular que sa\u00eda de <a class href=\"https:\/\/g1.globo.com\/rj\/regiao-serrana\/cidade\/santo-antonio-de-padua\/\">Santo Ant\u00f4nio de P\u00e1dua<\/a> em dire\u00e7\u00e3o ao distrito de Monte Alegre, no Norte Fluminense, precisou parar no meio do caminho ap\u00f3s ser tomado por muita fuma\u00e7a no final da tarde de sexta-feira (22). Os passageiros precisaram deixar o \u00f4nibus \u00e0s pressas. <\/p>\n<p> De acordo com passageiros, a fuma\u00e7a come\u00e7ou a sair quando o \u00f4nibus passou pelo distrito de Ibitigua\u00e7u. <\/p>\n<p> Ao chegar pr\u00f3ximo da \u201cAgrovila\u201d, a fuma\u00e7a tomou conta do \u00f4nibus e os passageiros sa\u00edram assustados. <\/p>\n<p> Ainda de acordo com relato de passageiros, o \u00f4nibus estaria sem manuten\u00e7\u00e3o e enfrentando problemas constantes. <\/p>\n<p> O <strong>g1 <\/strong>tenta contato com a Prefeitura para saber sobre o problema relatado pelos passageiros. <\/p>\n<ul>\n<li> <a href=\"https:\/\/g1.globo.com\/rj\/regiao-serrana\/cidade\/santo-antonio-de-padua\/\" class=\"entities__list-itemLink\" data-track-click=\"Santo Ant\u00f4nio de P\u00e1dua\"> Santo Ant\u00f4nio de P\u00e1dua <\/a> <\/li>\n<\/ul>\n","protected":false},"excerpt":{"rendered":"<p>1 de 1&#013;Passageiros desceram assustados do \u00f4nibus. \u2014 Foto: Notici\u00e1rio Paduano Passageiros desceram assustados do \u00f4nibus. \u2014 Foto: Notici\u00e1rio Paduano Um \u00f4nibus circular que sa\u00eda de Santo Ant\u00f4nio de P\u00e1dua em dire\u00e7\u00e3o ao distrito de Monte Alegre, no Norte Fluminense, precisou parar no meio do caminho ap\u00f3s ser tomado por muita fuma\u00e7a no final da [&hellip;]<\/p>\n","protected":false},"author":1,"featured_media":0,"comment_status":"closed","ping_status":"closed","sticky":false,"template":"","format":"standard","meta":{"footnotes":""},"categories":[],"tags":[],"class_list":["post-53268","post","type-post","status-publish","format-standard","hentry"],"_links":{"self":[{"href":"https:\/\/blog.corretoraideal.com.br\/index.php\/wp-json\/wp\/v2\/posts\/53268","targetHints":{"allow":["GET"]}}],"collection":[{"href":"https:\/\/blog.corretoraideal.com.br\/index.php\/wp-json\/wp\/v2\/posts"}],"about":[{"href":"https:\/\/blog.corretoraideal.com.br\/index.php\/wp-json\/wp\/v2\/types\/post"}],"author":[{"embeddable":true,"href":"https:\/\/blog.corretoraideal.com.br\/index.php\/wp-json\/wp\/v2\/users\/1"}],"replies":[{"embeddable":true,"href":"https:\/\/blog.corretoraideal.com.br\/index.php\/wp-json\/wp\/v2\/comments?post=53268"}],"version-history":[{"count":1,"href":"https:\/\/blog.corretoraideal.com.br\/index.php\/wp-json\/wp\/v2\/posts\/53268\/revisions"}],"predecessor-version":[{"id":53270,"href":"https:\/\/blog.corretoraideal.com.br\/index.php\/wp-json\/wp\/v2\/posts\/53268\/revisions\/53270"}],"wp:attachment":[{"href":"https:\/\/blog.corretoraideal.com.br\/index.php\/wp-json\/wp\/v2\/media?parent=53268"}],"wp:term":[{"taxonomy":"category","embeddable":true,"href":"https:\/\/blog.corretoraideal.com.br\/index.php\/wp-json\/wp\/v2\/categories?post=53268"},{"taxonomy":"post_tag","embeddable":true,"href":"https:\/\/blog.corretoraideal.com.br\/index.php\/wp-json\/wp\/v2\/tags?post=53268"}],"curies":[{"name":"wp","href":"https:\/\/api.w.org\/{rel}","templated":true}]}}