{"id":53271,"date":"2023-09-23T21:29:36","date_gmt":"2023-09-23T21:29:36","guid":{"rendered":"https:\/\/blog.corretoraideal.com.br\/?p=53271"},"modified":"2023-09-23T21:29:36","modified_gmt":"2023-09-23T21:29:36","slug":"setor-de-bares-e-restaurantes-pede-o-retorno-do-horario-de-verao-economia-g1","status":"publish","type":"post","link":"https:\/\/blog.corretoraideal.com.br\/index.php\/2023\/09\/23\/setor-de-bares-e-restaurantes-pede-o-retorno-do-horario-de-verao-economia-g1\/","title":{"rendered":"Setor de bares e restaurantes pede o retorno do hor\u00e1rio de ver\u00e3o | Economia | G1"},"content":{"rendered":"<p>      1 de 1&#013;Fachada do bar e restaurante Charme do Brooklin, em S\u00e3o Paulo \u2014 Foto: F\u00e1bio Tito\/g1    <\/p>\n<p> Fachada do bar e restaurante Charme do Brooklin, em S\u00e3o Paulo \u2014 Foto: F\u00e1bio Tito\/g1 <\/p>\n<p> A Associa\u00e7\u00e3o Brasileira de Bares e Restaurantes (Abrasel) informou que enviou nesta sexta-feira (22) uma carta ao presidente <a class href=\"https:\/\/g1.globo.com\/tudo-sobre\/luiz-inacio-lula-da-silva\/\">Luiz In\u00e1cio Lula da Silva<\/a>, pedindo o retorno do hor\u00e1rio de ver\u00e3o, que est\u00e1 suspenso por decreto desde 2019. <\/p>\n<p> <a class href=\"https:\/\/www.whatsapp.com\/channel\/0029Va2ll12AInPbyd8p933r\" target=\"_blank\" rel=\"noopener noreferrer\">\u2705Clique aqui <\/a>para seguir o novo canal do<a class href=\"http:\/\/g1.globo.com\/\"><strong> g1<\/strong><\/a> no WhatsApp <\/p>\n<p> O documento tamb\u00e9m foi enviado ao vice-presidente e ministro do Desenvolvimento, Ind\u00fastria, Com\u00e9rcio e Servi\u00e7os, <a class href=\"https:\/\/g1.globo.com\/tudo-sobre\/geraldo-alckmin\/\">Geraldo Alckmin<\/a>, e ao ministro do Turismo, Celso Sabino. <\/p>\n<p>                   <img loading=\"lazy\" decoding=\"async\" class=\"aligncenter size-full wp-image-53273\" src=\"https:\/\/blog.corretoraideal.com.br\/wp-content\/uploads\/2023\/09\/horario-de-verao-deve-voltar.jpeg\" alt=\"Hor\u00e1rio de Ver\u00e3o deve voltar?\" width=\"800\" height=\"400\" \/>      <\/p>\n<p> Hor\u00e1rio de Ver\u00e3o deve voltar? <\/p>\n<p> Segundo a entidade, o <strong>hor\u00e1rio de ver\u00e3o gera impacto direto no faturamento dos bares e restaurantes, com alta estimada de 10% a 15%. <\/strong> <\/p>\n<p>&quot;No momento em que o setor ainda se recupera dos preju\u00edzos causados pela pandemia, a implementa\u00e7\u00e3o da medida beneficiaria um setor que gera renda direta para mais de 7 milh\u00f5es de brasileiros e tem cerca de 1,5 milh\u00e3o de empreendimentos no pa\u00eds&quot;, acrescentou a Abrasel.<\/p>\n<p> A Abrasel argumenta tamb\u00e9m que a medida &quot;movimentar\u00e1 a economia, principalmente no com\u00e9rcio e no turismo, uma vez que os turistas tendem a aproveitar melhor os destinos, estendendo suas atividades at\u00e9 mais tarde&quot;. <\/p>\n<ul>\n<li><a class href=\"https:\/\/g1.globo.com\/economia\/noticia\/2021\/09\/18\/horario-de-verao-as-vantagens-e-desvantagens-da-polemica-mudanca-do-relogio.ghtml\">Hor\u00e1rio de ver\u00e3o: as vantagens e desvantagens da pol\u00eamica mudan\u00e7a do rel\u00f3gio<\/a><\/li>\n<li><a class href=\"https:\/\/g1.globo.com\/politica\/noticia\/2022\/11\/08\/horario-de-verao-66percent-sao-a-favor-segundo-enquete-informal-no-perfil-de-lula-no-twitter.ghtml\">Hor\u00e1rio de ver\u00e3o: 66% s\u00e3o a favor, segundo enquete informal no perfil de Lula no Twitter<\/a><\/li>\n<\/ul>\n<p> \u201cO retorno do hor\u00e1rio de ver\u00e3o proporcionaria mais tempo de luz natural durante os dias, o que favorece o consumo e a frequ\u00eancia de clientes nos estabelecimentos, al\u00e9m de trazer mais movimento e seguran\u00e7a \u00e0s cidades de um modo geral\u201d, avaliou Paulo Solmucci, presidente da Abrasel. <\/p>\n<p> O hor\u00e1rio de ver\u00e3o foi institu\u00eddo pela primeira vez em 1931, no governo de Get\u00falio Vargas. Mas s\u00f3 passou a ser adotado com const\u00e2ncia a partir de 1985. <\/p>\n<p> A medida foi criada para aproveitar a ilumina\u00e7\u00e3o natural durante o ver\u00e3o, quando os dias s\u00e3o mais longos e as noites mais curtas. Dessa forma, haveria economia de energia e redu\u00e7\u00e3o do risco de apag\u00f5es. <\/p>\n<p><h2>Posi\u00e7\u00e3o do <a class href=\"https:\/\/g1.globo.com\/tudo-sobre\/ministerio-de-minas-e-energia\/\">Minist\u00e9rio de Minas e Energia<\/a><\/h2>\n<\/p>\n<p> Nesta semana, a \u00e1rea t\u00e9cnica do Minist\u00e9rio de Minas e Energia avaliou n\u00e3o ser necess\u00e1rio retomar em 2023 o hor\u00e1rio de ver\u00e3o. <strong>A decis\u00e3o final sobre uma eventual retomada, no entanto, n\u00e3o cabe \u00e0 pasta.<\/strong> <\/p>\n<p> A avalia\u00e7\u00e3o \u00e9 que a situa\u00e7\u00e3o dos reservat\u00f3rios e a oferta de fontes renov\u00e1veis s\u00e3o suficientes para garantir o fornecimento de energia. Al\u00e9m disso, entendem que o comportamento de consumo mudou ao longo do tempo, tornando a medida menos eficaz. <\/p>\n<p> De acordo com dados do Operador Nacional do Setor El\u00e9trico (<a class href=\"https:\/\/g1.globo.com\/tudo-sobre\/ons\/\">ONS<\/a>), os n\u00edveis dos reservat\u00f3rios das hidrel\u00e9tricas devem chegar ao fim deste m\u00eas acima de 70% no Sudeste, Centro-Oeste, Nordeste e Norte. <\/p>\n<p> &quot;\u00c9 importante ressaltar que o per\u00edodo tipicamente seco est\u00e1 pr\u00f3ximo do seu encerramento, o que torna os resultados de EAR [energia armazenada na forma de \u00e1gua nos reservat\u00f3rios] mais relevantes&quot;, informou o ONS, nesta semana. <\/p>\n<p><h2>Suspens\u00e3o no governo Bolsonaro<\/h2>\n<\/p>\n<p> Em 2019, no governo do ent\u00e3o presidente Jair Bolsonaro (PL), o hor\u00e1rio de ver\u00e3o foi suspenso. A medida j\u00e1 era avaliada no governo de Michel Temer (MDB ). <\/p>\n<p> Na ocasi\u00e3o, o governo afirmou que o adiantamento dos rel\u00f3gios em uma hora perdeu &quot;raz\u00e3o de ser aplicado sob o ponto de vista do setor el\u00e9trico&quot;, por conta de mudan\u00e7as no padr\u00e3o de consumo de energia e de avan\u00e7os tecnol\u00f3gicos, que alteraram o pico de consumo de energia. <\/p>\n<p> A suspens\u00e3o do hor\u00e1rio de ver\u00e3o resistiu inclusive \u00e0 crise h\u00eddrica de 2021. Na \u00e9poca, o governo chegou a estudar a retomada da pol\u00edtica, solicitando um parecer do ONS. <\/p>\n<ul>\n<li> <a href=\"https:\/\/g1.globo.com\/tudo-sobre\/geraldo-alckmin\/\" class=\"entities__list-itemLink\" data-track-click=\"Geraldo Alckmin\"> Geraldo Alckmin <\/a> <\/li>\n<li> <a href=\"https:\/\/g1.globo.com\/tudo-sobre\/luiz-inacio-lula-da-silva\/\" class=\"entities__list-itemLink\" data-track-click=\"Luiz In\u00e1cio Lula da Silva\"> Luiz In\u00e1cio Lula da Silva <\/a> <\/li>\n<li> <a href=\"https:\/\/g1.globo.com\/tudo-sobre\/ministerio-de-minas-e-energia\/\" class=\"entities__list-itemLink\" data-track-click=\"Minist\u00e9rio de Minas e Energia\"> Minist\u00e9rio de Minas e Energia <\/a> <\/li>\n<li> <a href=\"https:\/\/g1.globo.com\/tudo-sobre\/ons\/\" class=\"entities__list-itemLink\" data-track-click=\"ONS\"> ONS <\/a> <\/li>\n<\/ul>\n","protected":false},"excerpt":{"rendered":"<p>1 de 1&#013;Fachada do bar e restaurante Charme do Brooklin, em S\u00e3o Paulo \u2014 Foto: F\u00e1bio Tito\/g1 Fachada do bar e restaurante Charme do Brooklin, em S\u00e3o Paulo \u2014 Foto: F\u00e1bio Tito\/g1 A Associa\u00e7\u00e3o Brasileira de Bares e Restaurantes (Abrasel) informou que enviou nesta sexta-feira (22) uma carta ao presidente Luiz In\u00e1cio Lula da Silva, [&hellip;]<\/p>\n","protected":false},"author":1,"featured_media":0,"comment_status":"closed","ping_status":"closed","sticky":false,"template":"","format":"standard","meta":{"footnotes":""},"categories":[],"tags":[],"class_list":["post-53271","post","type-post","status-publish","format-standard","hentry"],"_links":{"self":[{"href":"https:\/\/blog.corretoraideal.com.br\/index.php\/wp-json\/wp\/v2\/posts\/53271","targetHints":{"allow":["GET"]}}],"collection":[{"href":"https:\/\/blog.corretoraideal.com.br\/index.php\/wp-json\/wp\/v2\/posts"}],"about":[{"href":"https:\/\/blog.corretoraideal.com.br\/index.php\/wp-json\/wp\/v2\/types\/post"}],"author":[{"embeddable":true,"href":"https:\/\/blog.corretoraideal.com.br\/index.php\/wp-json\/wp\/v2\/users\/1"}],"replies":[{"embeddable":true,"href":"https:\/\/blog.corretoraideal.com.br\/index.php\/wp-json\/wp\/v2\/comments?post=53271"}],"version-history":[{"count":1,"href":"https:\/\/blog.corretoraideal.com.br\/index.php\/wp-json\/wp\/v2\/posts\/53271\/revisions"}],"predecessor-version":[{"id":53274,"href":"https:\/\/blog.corretoraideal.com.br\/index.php\/wp-json\/wp\/v2\/posts\/53271\/revisions\/53274"}],"wp:attachment":[{"href":"https:\/\/blog.corretoraideal.com.br\/index.php\/wp-json\/wp\/v2\/media?parent=53271"}],"wp:term":[{"taxonomy":"category","embeddable":true,"href":"https:\/\/blog.corretoraideal.com.br\/index.php\/wp-json\/wp\/v2\/categories?post=53271"},{"taxonomy":"post_tag","embeddable":true,"href":"https:\/\/blog.corretoraideal.com.br\/index.php\/wp-json\/wp\/v2\/tags?post=53271"}],"curies":[{"name":"wp","href":"https:\/\/api.w.org\/{rel}","templated":true}]}}