{"id":53279,"date":"2023-09-24T00:29:35","date_gmt":"2023-09-24T00:29:35","guid":{"rendered":"https:\/\/blog.corretoraideal.com.br\/?p=53279"},"modified":"2023-09-24T00:29:35","modified_gmt":"2023-09-24T00:29:35","slug":"policia-militar-prende-sete-suspeitos-por-trafico-de-drogas-em-sao-francisco-de-itabapoana-norte-fluminense-g1","status":"publish","type":"post","link":"https:\/\/blog.corretoraideal.com.br\/index.php\/2023\/09\/24\/policia-militar-prende-sete-suspeitos-por-trafico-de-drogas-em-sao-francisco-de-itabapoana-norte-fluminense-g1\/","title":{"rendered":"Pol\u00edcia Militar prende sete suspeitos por tr\u00e1fico de drogas em S\u00e3o Francisco de Itabapoana | Norte Fluminense | G1"},"content":{"rendered":"<p>      1 de 1&#013;Drogas, armas e muni\u00e7\u00f5es apreendidas pela PM em S\u00e3o Francisco de Itabapoana \u2014 Foto: PM    <\/p>\n<p> Drogas, armas e muni\u00e7\u00f5es apreendidas pela PM em S\u00e3o Francisco de Itabapoana \u2014 Foto: PM <\/p>\n<p> A Pol\u00edcia Militar prendeu, nesta sexta-feira (22), sete pessoas suspeitas de integrarem o tr\u00e1fico de drogas em <a class href=\"https:\/\/g1.globo.com\/rj\/norte-fluminense\/cidade\/sao-francisco-de-itabapoana\/\">S\u00e3o Francisco de Itabapoana<\/a>, no Norte Fluminense. <\/p>\n<p> Os suspeitos estavam em uma casa na praia de Santa Clara, onde tamb\u00e9m foram encontradas armas e drogas. <\/p>\n<p> Os policiais apreenderam duas pistolas, sendo uma calibre 9mm com 16 muni\u00e7\u00f5es e outra calibre 380 com 17 muni\u00e7\u00f5es. Outras 14 balas de calibre 9mm foram encontradas em um carregador reserva. <\/p>\n<p> Dentro da resid\u00eancia, foram encontrados ainda 193 pinos de coca\u00edna, nove mariolas de maconha, al\u00e9m de cinco celulares e cerca de R$ 1 mil em dinheiro. <\/p>\n<p> Segundo a PM, a mesma casa j\u00e1 tinha sido alvo de mandado de busca no come\u00e7o de setembro. <\/p>\n<p> Os sete suspeitos foram autuados por tr\u00e1fico de drogas, associa\u00e7\u00e3o para o tr\u00e1fico e porte ilegal de armas. O caso foi registrado na delegacia de S\u00e3o Francisco de Itabapoana. <\/p>\n<ul>\n<li> <a href=\"https:\/\/g1.globo.com\/rj\/norte-fluminense\/cidade\/sao-francisco-de-itabapoana\/\" class=\"entities__list-itemLink\" data-track-click=\"S\u00e3o Francisco de Itabapoana\"> S\u00e3o Francisco de Itabapoana <\/a> <\/li>\n<\/ul>\n","protected":false},"excerpt":{"rendered":"<p>1 de 1&#013;Drogas, armas e muni\u00e7\u00f5es apreendidas pela PM em S\u00e3o Francisco de Itabapoana \u2014 Foto: PM Drogas, armas e muni\u00e7\u00f5es apreendidas pela PM em S\u00e3o Francisco de Itabapoana \u2014 Foto: PM A Pol\u00edcia Militar prendeu, nesta sexta-feira (22), sete pessoas suspeitas de integrarem o tr\u00e1fico de drogas em S\u00e3o Francisco de Itabapoana, no Norte [&hellip;]<\/p>\n","protected":false},"author":1,"featured_media":0,"comment_status":"closed","ping_status":"closed","sticky":false,"template":"","format":"standard","meta":{"footnotes":""},"categories":[],"tags":[],"class_list":["post-53279","post","type-post","status-publish","format-standard","hentry"],"_links":{"self":[{"href":"https:\/\/blog.corretoraideal.com.br\/index.php\/wp-json\/wp\/v2\/posts\/53279","targetHints":{"allow":["GET"]}}],"collection":[{"href":"https:\/\/blog.corretoraideal.com.br\/index.php\/wp-json\/wp\/v2\/posts"}],"about":[{"href":"https:\/\/blog.corretoraideal.com.br\/index.php\/wp-json\/wp\/v2\/types\/post"}],"author":[{"embeddable":true,"href":"https:\/\/blog.corretoraideal.com.br\/index.php\/wp-json\/wp\/v2\/users\/1"}],"replies":[{"embeddable":true,"href":"https:\/\/blog.corretoraideal.com.br\/index.php\/wp-json\/wp\/v2\/comments?post=53279"}],"version-history":[{"count":1,"href":"https:\/\/blog.corretoraideal.com.br\/index.php\/wp-json\/wp\/v2\/posts\/53279\/revisions"}],"predecessor-version":[{"id":53281,"href":"https:\/\/blog.corretoraideal.com.br\/index.php\/wp-json\/wp\/v2\/posts\/53279\/revisions\/53281"}],"wp:attachment":[{"href":"https:\/\/blog.corretoraideal.com.br\/index.php\/wp-json\/wp\/v2\/media?parent=53279"}],"wp:term":[{"taxonomy":"category","embeddable":true,"href":"https:\/\/blog.corretoraideal.com.br\/index.php\/wp-json\/wp\/v2\/categories?post=53279"},{"taxonomy":"post_tag","embeddable":true,"href":"https:\/\/blog.corretoraideal.com.br\/index.php\/wp-json\/wp\/v2\/tags?post=53279"}],"curies":[{"name":"wp","href":"https:\/\/api.w.org\/{rel}","templated":true}]}}