{"id":53282,"date":"2023-09-24T02:29:40","date_gmt":"2023-09-24T02:29:40","guid":{"rendered":"https:\/\/blog.corretoraideal.com.br\/?p=53282"},"modified":"2023-09-24T02:29:40","modified_gmt":"2023-09-24T02:29:40","slug":"haddad-fala-em-construir-fabrica-de-baterias-eletricas-no-brasil-economia-g1","status":"publish","type":"post","link":"https:\/\/blog.corretoraideal.com.br\/index.php\/2023\/09\/24\/haddad-fala-em-construir-fabrica-de-baterias-eletricas-no-brasil-economia-g1\/","title":{"rendered":"Haddad fala em construir f\u00e1brica de baterias el\u00e9tricas no Brasil | Economia | G1"},"content":{"rendered":"\n<ul>\n<li>\n<p> Haddad teve agenda na Universidade de S\u00e3o Paulo neste s\u00e1bado (23). <\/p>\n<\/li>\n<li>\n<p> Ministro da Fazenda visitou o &quot;Research Centre for Greenhouse Gas Innovation&quot;, que fica na universidade. <\/p>\n<\/li>\n<li>\n<p> Fernando Haddad tamb\u00e9m falou sobre a constru\u00e7\u00e3o de f\u00e1brica de c\u00e9lula de bateria. <\/p>\n<\/li>\n<\/ul>\n<p> Haddad teve agenda na Universidade de S\u00e3o Paulo neste s\u00e1bado (23). <\/p>\n<p> Ministro da Fazenda visitou o &quot;Research Centre for Greenhouse Gas Innovation&quot;, que fica na universidade. <\/p>\n<p> Fernando Haddad tamb\u00e9m falou sobre a constru\u00e7\u00e3o de f\u00e1brica de c\u00e9lula de bateria. <\/p>\n<p>                   <img loading=\"lazy\" decoding=\"async\" class=\"aligncenter size-full wp-image-53284\" src=\"https:\/\/blog.corretoraideal.com.br\/wp-content\/uploads\/2023\/09\/haddad-visita-universidade-de-sao-paulo.jpeg\" alt=\"Haddad visita Universidade de S\u00e3o Paulo\" width=\"800\" height=\"400\" \/>      <\/p>\n<p> Haddad visita Universidade de S\u00e3o Paulo <\/p>\n<p> O ministro da Fazenda, Fernando Haddad, afirmou neste s\u00e1bado (23) que o custo de constru\u00e7\u00e3o de uma f\u00e1brica de c\u00e9lulas de bateria el\u00e9trica no Brasil \u00e9 de cerca de US$ 2 bilh\u00f5es, ou seja, quase R$ 10 bilh\u00f5es &#8212; considerando o fechamento do c\u00e2mbio desta sexta-feira (22) em R$ 4,93. <\/p>\n<p> \u2705<a class href=\"https:\/\/www.whatsapp.com\/channel\/0029Va2ll12AInPbyd8p933r\" target=\"_blank\" rel=\"noopener noreferrer\"><strong>Clique aqui<\/strong><\/a> para seguir o novo canal do <a class href=\"http:\/\/g1.globo.com\/\"><strong>g1<\/strong><\/a> no WhatsApp <\/p>\n<p> Haddad tamb\u00e9m disse que, se os setores de pesquisa da Universidade de S\u00e3o Paulo (<a class href=\"https:\/\/g1.globo.com\/educacao\/universidade\/usp\/\">USP<\/a>) e governamental trabalharem juntos e &quot;apertarem os bot\u00f5es certos&quot;, ser\u00e1 poss\u00edvel mobilizar recursos da <a class href=\"https:\/\/g1.globo.com\/tudo-sobre\/petrobras\/\">Petrobras<\/a>, dos fundos, do Minist\u00e9rio da Ci\u00eancia e Tecnologia em proveito desses projetos. &quot;Porque \u00e9 o que est\u00e1 na ordem do dia, \u00e9 urgente, necess\u00e1rio, e \u00e9 uma oportunidade para o Brasil&quot;, acrescentou. <\/p>\n<p>&quot;S\u00e3o esses os valores que est\u00e3o na mesa para que os pa\u00edses tomem a decis\u00e3o do que fazer. E \u00e0 luz do que ouvimos aqui, imaginar que \u00e9 caro o investimento que vai ser feito aqui, \u00e9 n\u00e3o ter a dimens\u00e3o do retorno que vai ter para o Brasil&quot;, declarou o ministro durante visita ao &quot;Research Centre for Greenhouse Gas Innovation&quot;, da USP. <\/p>\n<p> O ministro da Fazenda avaliou, tamb\u00e9m, que talvez outros pa\u00edses olhem para isso como custo, mas, em sua vis\u00e3o, o Brasil tem condi\u00e7\u00f5es de &quot;rapidamente converter esse custo em taxas de retorno consider\u00e1veis&quot;. &quot;\u00c9 mais uma vez uma janela que aparece \u00e0 nossa frente, e tenho certeza que esse governo n\u00e3o vai desperdi\u00e7ar&quot;, concluiu. <\/p>\n<p>                   <img loading=\"lazy\" decoding=\"async\" class=\"aligncenter size-full wp-image-53285\" src=\"https:\/\/blog.corretoraideal.com.br\/wp-content\/uploads\/2023\/09\/maiores-reservas-mundiais-de-litio-estao-no-chile-e-na-australia.jpeg\" alt=\"Maiores reservas mundiais de l\u00edtio est\u00e3o no Chile e na Austr\u00e1lia\" width=\"800\" height=\"400\" \/>      <\/p>\n<p> Maiores reservas mundiais de l\u00edtio est\u00e3o no Chile e na Austr\u00e1lia <\/p>\n<p><h2>Baterias el\u00e9tricas<\/h2>\n<\/p>\n<p> As baterias el\u00e9tricas citadas por Haddad podem ser usadas em celulares, dos laptops e ve\u00edculos el\u00e9tricos, por exemplo. Reportagem do <a class href=\"https:\/\/g1.globo.com\/jornal-nacional\/\"><strong>Jornal Nacional<\/strong> <\/a>nesta semana mostrou que o insumo fundamental para sua fabrica\u00e7\u00e3o, o l\u00edtio, \u00e9 um min\u00e9rio presente no Brasil &#8212; <a class href=\"https:\/\/g1.globo.com\/jornal-nacional\/litio-exclusivo\/noticia\/2023\/09\/21\/saiba-como-o-brasil-esta-explorando-o-litio-usado-nas-baterias-de-celulares-laptops-e-veiculos-eletricos.ghtml\">que tem 8% das reservas mundiais.<\/a> <\/p>\n<p> \u201cA maior demanda \u00e9 no setor de baterias, que responde hoje por mais de 90% do mercado mundial de l\u00edtio, da demanda mundial de l\u00edtio. Agora, o mercado interno sempre foi o foco. Como, por exemplo, a ind\u00fastria farmac\u00eautica, temos a ind\u00fastria cer\u00e2mica, a ind\u00fastria de graxas, lubrificantes. Ent\u00e3o, o l\u00edtio tem muitas aplica\u00e7\u00f5es relevantes e a gente sempre atendeu elas todas no Brasil\u201d, afirmou Vin\u00edcius Alvarenga, presidente da Companhia Brasileira de L\u00edtio, ao <strong>Jornal Nacional<\/strong>. <\/p>\n<ul>\n<li> <a href=\"https:\/\/g1.globo.com\/tudo-sobre\/petrobras\/\" class=\"entities__list-itemLink\" data-track-click=\"Petrobras\"> Petrobras <\/a> <\/li>\n<li> <a href=\"https:\/\/g1.globo.com\/educacao\/universidade\/usp\/\" class=\"entities__list-itemLink\" data-track-click=\"USP\"> USP <\/a> <\/li>\n<\/ul>\n","protected":false},"excerpt":{"rendered":"<p>Haddad teve agenda na Universidade de S\u00e3o Paulo neste s\u00e1bado (23). Ministro da Fazenda visitou o &quot;Research Centre for Greenhouse Gas Innovation&quot;, que fica na universidade. Fernando Haddad tamb\u00e9m falou sobre a constru\u00e7\u00e3o de f\u00e1brica de c\u00e9lula de bateria. Haddad teve agenda na Universidade de S\u00e3o Paulo neste s\u00e1bado (23). Ministro da Fazenda visitou o [&hellip;]<\/p>\n","protected":false},"author":1,"featured_media":0,"comment_status":"closed","ping_status":"closed","sticky":false,"template":"","format":"standard","meta":{"footnotes":""},"categories":[],"tags":[],"class_list":["post-53282","post","type-post","status-publish","format-standard","hentry"],"_links":{"self":[{"href":"https:\/\/blog.corretoraideal.com.br\/index.php\/wp-json\/wp\/v2\/posts\/53282","targetHints":{"allow":["GET"]}}],"collection":[{"href":"https:\/\/blog.corretoraideal.com.br\/index.php\/wp-json\/wp\/v2\/posts"}],"about":[{"href":"https:\/\/blog.corretoraideal.com.br\/index.php\/wp-json\/wp\/v2\/types\/post"}],"author":[{"embeddable":true,"href":"https:\/\/blog.corretoraideal.com.br\/index.php\/wp-json\/wp\/v2\/users\/1"}],"replies":[{"embeddable":true,"href":"https:\/\/blog.corretoraideal.com.br\/index.php\/wp-json\/wp\/v2\/comments?post=53282"}],"version-history":[{"count":1,"href":"https:\/\/blog.corretoraideal.com.br\/index.php\/wp-json\/wp\/v2\/posts\/53282\/revisions"}],"predecessor-version":[{"id":53286,"href":"https:\/\/blog.corretoraideal.com.br\/index.php\/wp-json\/wp\/v2\/posts\/53282\/revisions\/53286"}],"wp:attachment":[{"href":"https:\/\/blog.corretoraideal.com.br\/index.php\/wp-json\/wp\/v2\/media?parent=53282"}],"wp:term":[{"taxonomy":"category","embeddable":true,"href":"https:\/\/blog.corretoraideal.com.br\/index.php\/wp-json\/wp\/v2\/categories?post=53282"},{"taxonomy":"post_tag","embeddable":true,"href":"https:\/\/blog.corretoraideal.com.br\/index.php\/wp-json\/wp\/v2\/tags?post=53282"}],"curies":[{"name":"wp","href":"https:\/\/api.w.org\/{rel}","templated":true}]}}