{"id":53296,"date":"2023-09-24T08:29:38","date_gmt":"2023-09-24T08:29:38","guid":{"rendered":"https:\/\/blog.corretoraideal.com.br\/?p=53296"},"modified":"2023-09-24T08:29:38","modified_gmt":"2023-09-24T08:29:38","slug":"stf-vai-discutir-em-sessao-presencial-se-justica-pode-bloquear-apps-de-mensagens-quando-descumprem-ordens-de-envio-de-dados-politica-g1","status":"publish","type":"post","link":"https:\/\/blog.corretoraideal.com.br\/index.php\/2023\/09\/24\/stf-vai-discutir-em-sessao-presencial-se-justica-pode-bloquear-apps-de-mensagens-quando-descumprem-ordens-de-envio-de-dados-politica-g1\/","title":{"rendered":"STF vai discutir em sess\u00e3o presencial se Justi\u00e7a pode bloquear apps de mensagens quando descumprem ordens de envio de dados | Pol\u00edtica | G1"},"content":{"rendered":"<p>      1 de 1&#013;Aplicativos de mensagem para celular \u2014 Foto: Altieres Rohr\/Especial para o G1    <\/p>\n<p> Aplicativos de mensagem para celular \u2014 Foto: Altieres Rohr\/Especial para o G1 <\/p>\n<p> O Supremo Tribunal Federal (<a class href=\"https:\/\/g1.globo.com\/tudo-sobre\/supremo-tribunal-federal\/\">STF<\/a>) vai discutir em sess\u00e3o presencial a a\u00e7\u00e3o que discute se a Justi\u00e7a pode realizar o bloqueio de aplicativos de mensagens para todos os usu\u00e1rios no Brasil, quando as empresas respons\u00e1veis n\u00e3o cumprem ordens no \u00e2mbito de investiga\u00e7\u00f5es criminais. <\/p>\n<p> A Corte chegou a iniciar a an\u00e1lise do tema no plen\u00e1rio virtual, um formato de delibera\u00e7\u00e3o em que os ministros apresentam votos eletr\u00f4nicos em uma plataforma na internet. <\/p>\n<p> No entanto, um pedido de destaque do ministro Alexandre de Moraes suspendeu o julgamento, que passar\u00e1 \u00e0 delibera\u00e7\u00e3o em sess\u00e3o presencial, ainda a ser marcada. <\/p>\n<p> Relatora do caso, a ministra Rosa Weber votou para fixar que comunica\u00e7\u00f5es privadas s\u00f3 podem ser repassadas em casos em que a Justi\u00e7a autorize. <\/p>\n<p> Al\u00e9m disso, entendeu que a suspens\u00e3o dos apps como forma de san\u00e7\u00e3o pode ocorrer, &quot;quando materialmente poss\u00edvel o seu cumprimento, nas hip\u00f3teses e na forma de lei que estabele\u00e7a pr\u00e9vio leque de infra\u00e7\u00f5es definidas como especialmente graves, a ponto de justificar a natureza da medida&quot;. <\/p>\n<p> O debate se refere \u00e0 suspens\u00e3o de aplicativos de mensagens como o WhatsApp e o Telegram. O bloqueio tempor\u00e1rio das atividades seria uma forma de a Justi\u00e7a punir os respons\u00e1veis pelo descumprimento das ordens da Justi\u00e7a para a quebra de sigilo das comunica\u00e7\u00f5es em investiga\u00e7\u00f5es criminais. <\/p>\n<p> O caso envolve a an\u00e1lise de pontos do Marco Civil da Internet. O trecho da legisla\u00e7\u00e3o questionado estabelece san\u00e7\u00f5es para aplicativos que n\u00e3o obedecem \u00e0s determina\u00e7\u00f5es judiciais de disponibiliza\u00e7\u00e3o de conte\u00fados de usu\u00e1rios. Entre as san\u00e7\u00f5es est\u00e1 a suspens\u00e3o das atividades. <\/p>\n<p> A a\u00e7\u00e3o foi apresentada pelo ent\u00e3o Partido da Rep\u00fablica \u2014 atual PL. O pedido \u00e9 para que o Supremo fixe que a suspens\u00e3o dos aplicativos por decis\u00e3o judicial s\u00f3 poderia ocorrer caso outras puni\u00e7\u00f5es impostas \u00e0 empresa sejam insuficientes \u2014 entre elas, advert\u00eancia e multa. <\/p>\n<p><h2>V\u00cdDEOS: tudo sobre pol\u00edtica<\/h2>\n<\/p>\n<p>   <a href=\"https:\/\/g1.globo.com\/politica\/playlist\/videos-veja-videos-sobre-politica.ghtml\">    50 v\u00eddeos      <\/a>       <\/p>\n<ul>\n<li> <a href=\"https:\/\/g1.globo.com\/tudo-sobre\/supremo-tribunal-federal\/\" class=\"entities__list-itemLink\" data-track-click=\"STF - Supremo Tribunal Federal\"> STF &#8211; Supremo Tribunal Federal <\/a> <\/li>\n<\/ul>\n","protected":false},"excerpt":{"rendered":"<p>1 de 1&#013;Aplicativos de mensagem para celular \u2014 Foto: Altieres Rohr\/Especial para o G1 Aplicativos de mensagem para celular \u2014 Foto: Altieres Rohr\/Especial para o G1 O Supremo Tribunal Federal (STF) vai discutir em sess\u00e3o presencial a a\u00e7\u00e3o que discute se a Justi\u00e7a pode realizar o bloqueio de aplicativos de mensagens para todos os usu\u00e1rios [&hellip;]<\/p>\n","protected":false},"author":1,"featured_media":0,"comment_status":"closed","ping_status":"closed","sticky":false,"template":"","format":"standard","meta":{"footnotes":""},"categories":[],"tags":[],"class_list":["post-53296","post","type-post","status-publish","format-standard","hentry"],"_links":{"self":[{"href":"https:\/\/blog.corretoraideal.com.br\/index.php\/wp-json\/wp\/v2\/posts\/53296","targetHints":{"allow":["GET"]}}],"collection":[{"href":"https:\/\/blog.corretoraideal.com.br\/index.php\/wp-json\/wp\/v2\/posts"}],"about":[{"href":"https:\/\/blog.corretoraideal.com.br\/index.php\/wp-json\/wp\/v2\/types\/post"}],"author":[{"embeddable":true,"href":"https:\/\/blog.corretoraideal.com.br\/index.php\/wp-json\/wp\/v2\/users\/1"}],"replies":[{"embeddable":true,"href":"https:\/\/blog.corretoraideal.com.br\/index.php\/wp-json\/wp\/v2\/comments?post=53296"}],"version-history":[{"count":1,"href":"https:\/\/blog.corretoraideal.com.br\/index.php\/wp-json\/wp\/v2\/posts\/53296\/revisions"}],"predecessor-version":[{"id":53298,"href":"https:\/\/blog.corretoraideal.com.br\/index.php\/wp-json\/wp\/v2\/posts\/53296\/revisions\/53298"}],"wp:attachment":[{"href":"https:\/\/blog.corretoraideal.com.br\/index.php\/wp-json\/wp\/v2\/media?parent=53296"}],"wp:term":[{"taxonomy":"category","embeddable":true,"href":"https:\/\/blog.corretoraideal.com.br\/index.php\/wp-json\/wp\/v2\/categories?post=53296"},{"taxonomy":"post_tag","embeddable":true,"href":"https:\/\/blog.corretoraideal.com.br\/index.php\/wp-json\/wp\/v2\/tags?post=53296"}],"curies":[{"name":"wp","href":"https:\/\/api.w.org\/{rel}","templated":true}]}}