{"id":53305,"date":"2023-09-24T12:29:37","date_gmt":"2023-09-24T12:29:37","guid":{"rendered":"https:\/\/blog.corretoraideal.com.br\/?p=53305"},"modified":"2023-09-24T12:29:37","modified_gmt":"2023-09-24T12:29:37","slug":"cafe-feminino-conheca-a-historia-de-agricultoras-que-se-uniram-para-ganhar-voz-em-cooperativa-e-hoje-tem-ate-marca-de-graos-especiais-globo-rural-g1","status":"publish","type":"post","link":"https:\/\/blog.corretoraideal.com.br\/index.php\/2023\/09\/24\/cafe-feminino-conheca-a-historia-de-agricultoras-que-se-uniram-para-ganhar-voz-em-cooperativa-e-hoje-tem-ate-marca-de-graos-especiais-globo-rural-g1\/","title":{"rendered":"Caf\u00e9 feminino: conhe\u00e7a a hist\u00f3ria de agricultoras que se uniram para ganhar voz em cooperativa e hoje t\u00eam at\u00e9 marca de gr\u00e3os especiais | Globo Rural | G1"},"content":{"rendered":"<p>                <img loading=\"lazy\" decoding=\"async\" class=\"aligncenter size-full wp-image-53307\" src=\"https:\/\/blog.corretoraideal.com.br\/wp-content\/uploads\/2023\/09\/conheca-a-historia-de-agricultoras-que-se-uniram-para-ganhar-voz-em-cooperativa.jpeg\" alt=\"Conhe\u00e7a a hist\u00f3ria de agricultoras que se uniram para ganhar voz em cooperativa\" width=\"800\" height=\"400\" \/>      <\/p>\n<p> Conhe\u00e7a a hist\u00f3ria de agricultoras que se uniram para ganhar voz em cooperativa <\/p>\n<p> Abrir conta no banco, tomar decis\u00f5es, alcan\u00e7ar a presid\u00eancia de uma cooperativa. Essas s\u00e3o s\u00f3 algumas das conquistas de agricultoras de <a class href=\"https:\/\/g1.globo.com\/mg\/sul-de-minas\/cidade\/poco-fundo\/\">Po\u00e7o Fundo<\/a>, em Minas Gerais. <\/p>\n<p> Tudo come\u00e7ou nos anos 90, quando o marido da agricultora Maria Jos\u00e9 Borges ajudou a fundar uma associa\u00e7\u00e3o de pequenos produtores. Juntos, eles negociavam pre\u00e7os melhores para vender o gr\u00e3o. O grupo cresceu e ganhou o nome de Cooperativa dos Agricultores Familiares de Po\u00e7o Fundo e regi\u00e3o, a Coopfam. <\/p>\n<p> <strong>Leia tamb\u00e9m:<\/strong> <\/p>\n<ul>\n<li><a class href=\"https:\/\/g1.globo.com\/economia\/agronegocios\/agro-de-gente-pra-gente\/noticia\/2023\/04\/27\/conheca-as-guardias-do-cacau-que-se-uniram-para-preservar-a-amazonia-e-gerar-renda-com-chocolate.ghtml\">Conhe\u00e7a as Guardi\u00e3s do Cacau, que se uniram para preservar a Amaz\u00f4nia e gerar renda com chocolate<\/a><\/li>\n<\/ul>\n<p>         1 de 2&#013;&#039;Caf\u00e9 feminino&#039;: conhe\u00e7a a hist\u00f3ria de agricultoras que se uniram para ganhar voz em cooperativa e hoje t\u00eam at\u00e9 marca de gr\u00e3os especiais \u2014 Foto: Reprodu\u00e7\u00e3o Globo Rural    <\/p>\n<p> &#039;Caf\u00e9 feminino&#039;: conhe\u00e7a a hist\u00f3ria de agricultoras que se uniram para ganhar voz em cooperativa e hoje t\u00eam at\u00e9 marca de gr\u00e3os especiais \u2014 Foto: Reprodu\u00e7\u00e3o Globo Rural <\/p>\n<p> O grupo contou com a participa\u00e7\u00e3o do marido de Maria Jos\u00e9 at\u00e9 2008, quando ele teve um infarto e n\u00e3o resistiu. Poucos meses depois, a agricultora compareceu a uma assembleia da cooperativa. <\/p>\n<p> Apesar de homens e mulheres trabalharem juntos na lavoura, s\u00f3 eles tinham direito ao voto, pis nenhuma agricultora era cooperada, s\u00f3 os maridos. &quot;Se eu tivesse cruzado os bra\u00e7os e falado vou &#x27;largar do caf\u00e9&#x27;, ia continuar na mesma, mas como eu tive aquela coragem, abriram exce\u00e7\u00e3o para eu votar&quot;, conta a agricultora. <\/p>\n<p> Esse ato mudou toda a hist\u00f3ria da cooperativa. Depois de votar, a dona Maria Jos\u00e9 tamb\u00e9m foi a primeira a se filiar \u00e0 Coopfam e, pelas portas abertas por ela, muitas passaram depois. <\/p>\n<p> Ao longo dos anos, as agricultoras chegaram a criar um movimento dentro da cooperativa, chamado &quot;Mulheres Organizadas em Busca de Independ\u00eancia&#x27;&#x27;, o Mobi, que conta com cerca de 30 agricultoras que se encontram todos os meses para discutir melhorias para o neg\u00f3cio. <\/p>\n<p><h2>&#x27;Caf\u00e9 feminino&#x27;<\/h2>\n<\/p>\n<p>                   <img loading=\"lazy\" decoding=\"async\" class=\"aligncenter size-full wp-image-53308\" src=\"https:\/\/blog.corretoraideal.com.br\/wp-content\/uploads\/2023\/09\/agricultoras-do-sul-de-minas-cultivam-cafes-sustentaveis-e-organicos.jpeg\" alt=\"Agricultoras do Sul de Minas cultivam caf\u00e9s sustent\u00e1veis e org\u00e2nicos\" width=\"800\" height=\"400\" \/>      <\/p>\n<p> Agricultoras do Sul de Minas cultivam caf\u00e9s sustent\u00e1veis e org\u00e2nicos <\/p>\n<p> Juntas, as agricultoras tamb\u00e9m criaram uma marca de caf\u00e9s especiais, o Caf\u00e9 Feminino. <\/p>\n<p> O produto tem duas vers\u00f5es. Um deles \u00e9 o sustent\u00e1vel, que segue cuidados espec\u00edficos com o meio ambiente, como a proibi\u00e7\u00e3o de alguns produtos qu\u00edmicos. <\/p>\n<p> O outro \u00e9 o org\u00e2nico, que n\u00e3o leva nenhum agrot\u00f3xico nem adubo sint\u00e9tico. <\/p>\n<p>         2 de 2&#013;&#039;Caf\u00e9 feminino&#039; \u2014 Foto: Reprodu\u00e7\u00e3o Globo Rural    <\/p>\n<p> &#039;Caf\u00e9 feminino&#039; \u2014 Foto: Reprodu\u00e7\u00e3o Globo Rural <\/p>\n<p> <strong>Confira a reportagem completa nos dois V\u00cdDEOS ACIMA.<\/strong> <\/p>\n<p><h2>Veja os v\u00eddeos mais assistidos do Globo Rural<\/h2>\n<\/p>\n<p>   <a href=\"https:\/\/g1.globo.com\/economia\/agronegocios\/globo-rural\/playlist\/videos-globo-rural.ghtml\">    50 v\u00eddeos      <\/a>   <\/p>\n<p><h2>De onde vem &#8211; Ou\u00e7a outros epis\u00f3dios: <\/h2>\n<\/p>\n<ul>\n<li> <a href=\"https:\/\/g1.globo.com\/mg\/sul-de-minas\/cidade\/poco-fundo\/\" class=\"entities__list-itemLink\" data-track-click=\"Po\u00e7o Fundo\"> Po\u00e7o Fundo <\/a> <\/li>\n<\/ul>\n","protected":false},"excerpt":{"rendered":"<p>Conhe\u00e7a a hist\u00f3ria de agricultoras que se uniram para ganhar voz em cooperativa Abrir conta no banco, tomar decis\u00f5es, alcan\u00e7ar a presid\u00eancia de uma cooperativa. Essas s\u00e3o s\u00f3 algumas das conquistas de agricultoras de Po\u00e7o Fundo, em Minas Gerais. Tudo come\u00e7ou nos anos 90, quando o marido da agricultora Maria Jos\u00e9 Borges ajudou a fundar [&hellip;]<\/p>\n","protected":false},"author":1,"featured_media":0,"comment_status":"closed","ping_status":"closed","sticky":false,"template":"","format":"standard","meta":{"footnotes":""},"categories":[],"tags":[],"class_list":["post-53305","post","type-post","status-publish","format-standard","hentry"],"_links":{"self":[{"href":"https:\/\/blog.corretoraideal.com.br\/index.php\/wp-json\/wp\/v2\/posts\/53305","targetHints":{"allow":["GET"]}}],"collection":[{"href":"https:\/\/blog.corretoraideal.com.br\/index.php\/wp-json\/wp\/v2\/posts"}],"about":[{"href":"https:\/\/blog.corretoraideal.com.br\/index.php\/wp-json\/wp\/v2\/types\/post"}],"author":[{"embeddable":true,"href":"https:\/\/blog.corretoraideal.com.br\/index.php\/wp-json\/wp\/v2\/users\/1"}],"replies":[{"embeddable":true,"href":"https:\/\/blog.corretoraideal.com.br\/index.php\/wp-json\/wp\/v2\/comments?post=53305"}],"version-history":[{"count":1,"href":"https:\/\/blog.corretoraideal.com.br\/index.php\/wp-json\/wp\/v2\/posts\/53305\/revisions"}],"predecessor-version":[{"id":53309,"href":"https:\/\/blog.corretoraideal.com.br\/index.php\/wp-json\/wp\/v2\/posts\/53305\/revisions\/53309"}],"wp:attachment":[{"href":"https:\/\/blog.corretoraideal.com.br\/index.php\/wp-json\/wp\/v2\/media?parent=53305"}],"wp:term":[{"taxonomy":"category","embeddable":true,"href":"https:\/\/blog.corretoraideal.com.br\/index.php\/wp-json\/wp\/v2\/categories?post=53305"},{"taxonomy":"post_tag","embeddable":true,"href":"https:\/\/blog.corretoraideal.com.br\/index.php\/wp-json\/wp\/v2\/tags?post=53305"}],"curies":[{"name":"wp","href":"https:\/\/api.w.org\/{rel}","templated":true}]}}