{"id":53315,"date":"2023-09-24T17:29:42","date_gmt":"2023-09-24T17:29:42","guid":{"rendered":"https:\/\/blog.corretoraideal.com.br\/?p=53315"},"modified":"2023-09-24T17:29:42","modified_gmt":"2023-09-24T17:29:42","slug":"com-altas-temperaturas-demanda-por-energia-deve-bater-recorde-para-meses-de-setembro-economia-g1","status":"publish","type":"post","link":"https:\/\/blog.corretoraideal.com.br\/index.php\/2023\/09\/24\/com-altas-temperaturas-demanda-por-energia-deve-bater-recorde-para-meses-de-setembro-economia-g1\/","title":{"rendered":"Com altas temperaturas, demanda por energia deve bater recorde para meses de setembro | Economia | G1"},"content":{"rendered":"<p>      1 de 2&#013;Temperaturas passaram dos 40\u00baC. \u2014 Foto: Bruno Rezende\/GOV-MS    <\/p>\n<p> Temperaturas passaram dos 40\u00baC. \u2014 Foto: Bruno Rezende\/GOV-MS <\/p>\n<p> Em meio \u00e0 onda de calor registrada no pa\u00eds, o Operador Nacional do Sistema (ONS) estimou nesta semana que a demanda por energia el\u00e9trica deve bater recorde para meses de setembro. <\/p>\n<p> Al\u00e9m das altas temperaturas, que impulsionam por exemplo o uso de ar condicionado, o diretor-geral do ONS, Luiz Carlos Ciocchi, avaliou que a acelera\u00e7\u00e3o da economia tamb\u00e9m tem influenciado a demanda por energia em setembro. <\/p>\n<p> A primavera come\u00e7ou na madrugada deste s\u00e1bado (23), e <a class href=\"https:\/\/g1.globo.com\/meio-ambiente\/noticia\/2023\/09\/23\/primavera-comeca-neste-sabado-com-calor-e-sera-marcada-por-temperaturas-acima-da-media-em-quase-todo-o-brasil-e-chuva-no-sul.ghtml\">deve seguir a tend\u00eancia de muito calor das \u00faltimas semanas.<\/a> A previs\u00e3o aponta para novos recordes de temperatura neste primeiro fim de semana da nova esta\u00e7\u00e3o, o que tende a manter em alta a demanda por energia. <\/p>\n<p> Apesar disso, a \u00e1rea t\u00e9cnica do <a class href=\"https:\/\/g1.globo.com\/politica\/noticia\/2023\/09\/21\/horario-de-verao-area-tecnica-de-minas-e-energia-nao-ve-necessidade-de-retomar-medida-em-2023.ghtml\">Minist\u00e9rio de Minas e Energia avaliou n\u00e3o ser necess\u00e1rio retomar em 2023 o hor\u00e1rio de ver\u00e3o<\/a> &#8211; que est\u00e1 suspenso desde 2019. A avalia\u00e7\u00e3o \u00e9 que a situa\u00e7\u00e3o dos reservat\u00f3rios e a oferta de fontes renov\u00e1veis s\u00e3o suficientes para garantir o fornecimento de energia. A decis\u00e3o final sobre uma eventual retomada, no entanto, n\u00e3o cabe \u00e0 pasta. <\/p>\n<p> A Associa\u00e7\u00e3o Brasileira de Bares e Restaurantes (Abrasel)<a class href=\"https:\/\/g1.globo.com\/economia\/noticia\/2023\/09\/23\/setor-de-bares-e-restaurantes-pede-o-retorno-do-horario-de-verao.ghtml\"> enviou uma carta ao presidente Luiz In\u00e1cio Lula da Silva, pedindo o retorno do hor\u00e1rio de ver\u00e3o. <\/a>Segundo a entidade, o hor\u00e1rio de ver\u00e3o gera impacto direto no faturamento dos bares e restaurantes, com alta estimada de 10% a 15%. <\/p>\n<p><h2>Altas temperaturas<\/h2>\n<\/p>\n<p> Neste domingo (24), <a class href=\"https:\/\/g1.globo.com\/meio-ambiente\/noticia\/2023\/09\/23\/onda-de-calor-12-capitais-devem-ter-temperaturas-acima-de-35oc-neste-domingo.ghtml\">doze capitais devem ter temperaturas acima de 35\u00baC<\/a>, segundo dia da primavera no Brasil, segundo o Instituto Nacional de Meteorologia (Inmet). Em Cuiab\u00e1, a temperatura pode bater 42\u00baC. J\u00e1 em Campo Grande e em Palmas, os term\u00f4metros podem marcar 39\u00baC. <\/p>\n<p> A onda de calor at\u00edpico come\u00e7ou na segunda-feira (17), \u00faltimos dias de inverno. O aumento da intensidade da onda de calor que tem resultado em temperaturas acima da m\u00e9dia para 11 estados e o Distrito Federal fez o<a class href=\"https:\/\/g1.globo.com\/meio-ambiente\/noticia\/2023\/09\/22\/onda-de-calor-inmet-amplia-alerta-vermelho-de-grande-perigo-para-11-estados-e-o-df-e-o-estende-ate-terca-26.ghtml\"> Inmet ampliar o alerta de &quot;grande perigo&quot;.<\/a> <\/p>\n<p> De modo geral, um alerta vermelho, segundo o instituto, \u00e9 emitido quando \u00e9 esperado um fen\u00f4meno meteorol\u00f3gico de &quot;intensidade excepcional, com grande probabilidade de ocorr\u00eancia de grandes danos e acidentes, com riscos para a integridade f\u00edsica ou mesmo \u00e0 vida humana&quot;. O alerta \u00e9 v\u00e1lido at\u00e9 as 18h de ter\u00e7a (26). <\/p>\n<p>         2 de 2&#013;Alerta vermelho calor extremo \u2014 Foto: Reprodu\u00e7\u00e3o    <\/p>\n<p> Alerta vermelho calor extremo \u2014 Foto: Reprodu\u00e7\u00e3o <\/p>\n<p><h2>Bloqueio atmosf\u00e9rico<\/h2>\n<\/p>\n<p> Tecnicamente, os <a class href=\"https:\/\/g1.globo.com\/meio-ambiente\/noticia\/2023\/09\/19\/bloqueio-bolha-ou-cupula-como-evento-agravado-pelo-el-nino-e-pela-crise-do-clima-causa-onda-de-calor.ghtml\">meteorologistas dizem que h\u00e1 um &quot;bloqueio atmosf\u00e9rico&quot; em atua\u00e7\u00e3o<\/a>: uma \u00e1rea de alta press\u00e3o no centro do pa\u00eds que est\u00e1 ganhando for\u00e7a e que impede a entrada das massas de ar frio. <\/p>\n<p> Mas bloqueios atmosf\u00e9ricos s\u00e3o comuns. O que faz o atual virar motivo de preocupa\u00e7\u00e3o s\u00e3o os fatores listados abaixo: <\/p>\n<ul>\n<li><strong>El Ni\u00f1o at\u00edpico<\/strong>: o fen\u00f4meno que est\u00e1 mais intenso neste ano: ele aquece as \u00e1guas do Oceano Pac\u00edfico e freia a atua\u00e7\u00e3o de frentes frias no Brasil; ele d\u00e1 for\u00e7a para o bloqueio atmosf\u00e9rico;<\/li>\n<li><strong>Aquecimento global<\/strong>: especialistas afirmam que a queima de combust\u00edveis f\u00f3sseis torna eventos extremos (ciclones, enchentes e etc.) mais prov\u00e1veis, e que ondas de calor recentes na Europa teriam sido praticamente imposs\u00edveis sem as mudan\u00e7as clim\u00e1ticas;<\/li>\n<li><strong>Setembro<\/strong>: \u00e9 naturalmente um m\u00eas de altas temperaturas no centro do Brasil devido \u00e0 combina\u00e7\u00e3o do final do per\u00edodo seco e ao aumento da radia\u00e7\u00e3o solar.<\/li>\n<\/ul>\n<p><h2>Economia aquecida<\/h2>\n<\/p>\n<p> Na semana passada, os economistas do mercado financeiro <a class href=\"https:\/\/g1.globo.com\/economia\/noticia\/2023\/09\/18\/mercado-baixa-estimativa-de-inflacao-e-ve-alta-maior-do-pib-em-2023-e-2024.ghtml\">elevaram a previs\u00e3o de crescimento do Produto Interno Bruto (PIB) desse ano de 2,64% para 2,89%.<\/a> <\/p>\n<p> O PIB \u00e9 a soma de todos os bens e servi\u00e7os produzidos no pa\u00eds. O indicador serve para medir a evolu\u00e7\u00e3o da economia. <\/p>\n<p> A previs\u00e3o de um crescimento maior da economia acontece ap\u00f3s o an\u00fancio de que o<a class href=\"https:\/\/g1.globo.com\/economia\/noticia\/2023\/09\/01\/pib-do-brasil-cresce-09percent-no-2-trimestre-de-2023-diz-ibge.ghtml\"> PIB do segundo trimestre deste ano teve alta de 0,9%<\/a>, <a class href=\"https:\/\/g1.globo.com\/jornal-nacional\/noticia\/2023\/09\/01\/pib-brasileiro-cresce-09percent-no-segundo-trimestre-resultado-e-3-vezes-maior-do-que-o-esperado.ghtml\">resultado que foi tr\u00eas vezes maior do que o esperado.<\/a> <\/p>\n<p> &quot;As considera\u00e7\u00f5es do cen\u00e1rio econ\u00f4mico recente, associadas \u00e0s informa\u00e7\u00f5es meteorol\u00f3gicas do per\u00edodo s\u00e3o fatores que explicam o comportamento da carga durante o m\u00eas de setembro de 2023&quot;, informou o ONS, em relat\u00f3rio. <\/p>\n<ul> <\/ul>\n","protected":false},"excerpt":{"rendered":"<p>1 de 2&#013;Temperaturas passaram dos 40\u00baC. \u2014 Foto: Bruno Rezende\/GOV-MS Temperaturas passaram dos 40\u00baC. \u2014 Foto: Bruno Rezende\/GOV-MS Em meio \u00e0 onda de calor registrada no pa\u00eds, o Operador Nacional do Sistema (ONS) estimou nesta semana que a demanda por energia el\u00e9trica deve bater recorde para meses de setembro. Al\u00e9m das altas temperaturas, que impulsionam [&hellip;]<\/p>\n","protected":false},"author":1,"featured_media":0,"comment_status":"closed","ping_status":"closed","sticky":false,"template":"","format":"standard","meta":{"footnotes":""},"categories":[],"tags":[],"class_list":["post-53315","post","type-post","status-publish","format-standard","hentry"],"_links":{"self":[{"href":"https:\/\/blog.corretoraideal.com.br\/index.php\/wp-json\/wp\/v2\/posts\/53315","targetHints":{"allow":["GET"]}}],"collection":[{"href":"https:\/\/blog.corretoraideal.com.br\/index.php\/wp-json\/wp\/v2\/posts"}],"about":[{"href":"https:\/\/blog.corretoraideal.com.br\/index.php\/wp-json\/wp\/v2\/types\/post"}],"author":[{"embeddable":true,"href":"https:\/\/blog.corretoraideal.com.br\/index.php\/wp-json\/wp\/v2\/users\/1"}],"replies":[{"embeddable":true,"href":"https:\/\/blog.corretoraideal.com.br\/index.php\/wp-json\/wp\/v2\/comments?post=53315"}],"version-history":[{"count":1,"href":"https:\/\/blog.corretoraideal.com.br\/index.php\/wp-json\/wp\/v2\/posts\/53315\/revisions"}],"predecessor-version":[{"id":53317,"href":"https:\/\/blog.corretoraideal.com.br\/index.php\/wp-json\/wp\/v2\/posts\/53315\/revisions\/53317"}],"wp:attachment":[{"href":"https:\/\/blog.corretoraideal.com.br\/index.php\/wp-json\/wp\/v2\/media?parent=53315"}],"wp:term":[{"taxonomy":"category","embeddable":true,"href":"https:\/\/blog.corretoraideal.com.br\/index.php\/wp-json\/wp\/v2\/categories?post=53315"},{"taxonomy":"post_tag","embeddable":true,"href":"https:\/\/blog.corretoraideal.com.br\/index.php\/wp-json\/wp\/v2\/tags?post=53315"}],"curies":[{"name":"wp","href":"https:\/\/api.w.org\/{rel}","templated":true}]}}