{"id":53318,"date":"2023-09-24T18:29:36","date_gmt":"2023-09-24T18:29:36","guid":{"rendered":"https:\/\/blog.corretoraideal.com.br\/?p=53318"},"modified":"2023-09-24T18:29:36","modified_gmt":"2023-09-24T18:29:36","slug":"as-imagens-falsas-de-criancas-nuas-geradas-por-inteligencia-artificial-que-chocaram-cidade-da-espanha-mundo-g1","status":"publish","type":"post","link":"https:\/\/blog.corretoraideal.com.br\/index.php\/2023\/09\/24\/as-imagens-falsas-de-criancas-nuas-geradas-por-inteligencia-artificial-que-chocaram-cidade-da-espanha-mundo-g1\/","title":{"rendered":"As imagens falsas de crian\u00e7as nuas geradas por Intelig\u00eancia Artificial que chocaram cidade da Espanha | Mundo | G1"},"content":{"rendered":"<p>      1 de 5&#013;Almendralejo \u00e9 uma vila pitoresca com uma popula\u00e7\u00e3o de pouco mais de 30 mil habitantes, conhecida pela produ\u00e7\u00e3o de azeitonas e vinho tinto \u2014 Foto: BBC    <\/p>\n<p> Almendralejo \u00e9 uma vila pitoresca com uma popula\u00e7\u00e3o de pouco mais de 30 mil habitantes, conhecida pela produ\u00e7\u00e3o de azeitonas e vinho tinto \u2014 Foto: BBC <\/p>\n<p> Uma pacata cidade no sul de Espanha est\u00e1 em choque em meio \u00e0 revela\u00e7\u00e3o de que imagens de meninas locais nuas, geradas por <a class href=\"https:\/\/g1.globo.com\/inovacao\/noticia\/2023\/08\/05\/inteligencia-artificial-entenda-o-que-esta-por-vir-com-as-novas-interacoes-entre-homem-e-maquina.ghtml\">Intelig\u00eancia Artificial <\/a>(IA), circulavam nas redes sociais sem o conhecimento delas. <\/p>\n<p> Os retratos foram criados a partir de fotos das jovens totalmente vestidas, muitas delas retiradas de suas pr\u00f3prias contas nas redes sociais. <\/p>\n<p> Estes foram ent\u00e3o processados por um aplicativo que gera uma imagem imagin\u00e1ria da pessoa sem roupa. <\/p>\n<p>At\u00e9 agora, mais de 20 meninas, com idades entre 11 e 17 anos, se apresentaram como v\u00edtimas do uso do aplicativo no vilarejo de Almendralejo, na prov\u00edncia de Badajoz, no sudoeste do pa\u00eds, e tamb\u00e9m em suas imedia\u00e7\u00f5es.<\/p>\n<p>         2 de 5&#013;&#034;Um dia, minha filha saiu da escola e disse: &#039;M\u00e3e, vi fotos minhas de topless circulando nas redes sociais&#039;&#034;, diz Mar\u00eda Blanco Rayo, m\u00e3e de uma menina de 14 anos \u2014 Foto: BBC    <\/p>\n<p> &#034;Um dia, minha filha saiu da escola e disse: &#039;M\u00e3e, vi fotos minhas de topless circulando nas redes sociais&#039;&#034;, diz Mar\u00eda Blanco Rayo, m\u00e3e de uma menina de 14 anos \u2014 Foto: BBC <\/p>\n<p> &quot;Um dia, minha filha saiu da escola e disse: &#x27;M\u00e3e, vi fotos minhas de topless circulando nas redes sociais&#x27;&quot;, diz Mar\u00eda Blanco Rayo, m\u00e3e de uma menina de 14 anos. <\/p>\n<p> &quot;Perguntei se ela havia tirado alguma foto nua e ela disse: &#x27;N\u00e3o, m\u00e3e, essas s\u00e3o fotos falsas que est\u00e3o sendo criadas em grande n\u00famero agora e h\u00e1 outras meninas na minha turma com quem isso aconteceu tamb\u00e9m.&#x27;&quot; <\/p>\n<p> Ela diz que os pais de 28 meninas afetadas formaram um grupo de apoio na cidade. <\/p>\n<p> A pol\u00edcia est\u00e1 agora investigando o caso. <\/p>\n<p> Segundo a imprensa espanhola, <strong>pelo menos 11 meninos locais foram identificados como envolvidos na cria\u00e7\u00e3o das imagens ou na circula\u00e7\u00e3o <\/strong>delas atrav\u00e9s dos aplicativos WhatsApp e Telegram. <\/p>\n<p> As autoridades tamb\u00e9m est\u00e3o investigando a alega\u00e7\u00e3o de que foi feita uma tentativa de extorquir uma das meninas usando uma imagem falsa dela. <\/p>\n<p> <a class href=\"https:\/\/g1.globo.com\/tecnologia\/noticia\/2023\/06\/01\/inteligencia-artificial-redes-sociais-apagam-provas-de-crimes-de-guerra-aponta-investigacao.ghtml\">O impacto que a circula\u00e7\u00e3o das fotos teve nas meninas afetadas varia. <\/a> <\/p>\n<p> Blanco Rayo diz que a filha est\u00e1 bem, mas que algumas meninas &quot;nem saem de casa&quot;. <\/p>\n<p> Almendralejo \u00e9 uma vila pitoresca com uma popula\u00e7\u00e3o de pouco mais de 30 mil habitantes, conhecida pela produ\u00e7\u00e3o de azeitonas e vinho tinto. Mas n\u00e3o est\u00e1 acostumada com a aten\u00e7\u00e3o repentina que este caso gerou, tornando a cidade manchete nacional na Espanha. <\/p>\n<p> Isso se deve, em grande parte, aos esfor\u00e7os de uma das m\u00e3es das meninas, Miriam Al Adib Mendiri. <\/p>\n<p>         3 de 5&#013;Filha da ginecologista Miriam Al Adib Mendiri foi uma das v\u00edtimas; ela usou seu proeminente perfil nas redes sociais para colocar o assunto no centro do debate p\u00fablico espanhol \u2014 Foto: BBC    <\/p>\n<p> Filha da ginecologista Miriam Al Adib Mendiri foi uma das v\u00edtimas; ela usou seu proeminente perfil nas redes sociais para colocar o assunto no centro do debate p\u00fablico espanhol \u2014 Foto: BBC <\/p>\n<p> Ela \u00e9 uma ginecologista que usou seu perfil nas redes sociais, com milhares de seguidores, para colocar o assunto no centro do debate p\u00fablico espanhol. <\/p>\n<p> Embora se acredite que muitas das imagens de IA tenham sido criadas durante o ver\u00e3o, o caso s\u00f3 veio \u00e0 tona nos \u00faltimos dias, depois que Adib Mendiri postou um v\u00eddeo tranquilizando as meninas afetadas e seus pais. <\/p>\n<p>&quot;N\u00e3o sab\u00edamos quantas crian\u00e7as foram v\u00edtimas, se elas tinham sido postadas em sites pornogr\u00e1ficos \u2014 t\u00ednhamos todos esses medos\u201d, diz ela.<\/p>\n<p> &quot;Quando voc\u00ea \u00e9 v\u00edtima de um crime, se voc\u00ea \u00e9 assaltado, por exemplo, voc\u00ea faz queixa e n\u00e3o se esconde porque a outra pessoa lhe causou mal. Mas nos crimes de natureza sexual, a v\u00edtima muitas vezes fica envergonhada e se esconde, sentindo-se respons\u00e1vel pelo que aconteceu. Ent\u00e3o, eu queria passar esse recado: a culpa n\u00e3o \u00e9 sua.&quot; <\/p>\n<p> Os suspeitos do caso t\u00eam idades entre 12 e 14 anos. A lei espanhola n\u00e3o cobre especificamente a gera\u00e7\u00e3o de imagens de natureza sexual envolvendo adultos, embora a <a class href=\"https:\/\/g1.globo.com\/tecnologia\/noticia\/2023\/07\/31\/pedofilos-usam-inteligencia-artificial-para-criar-imagens-sexualizadas-de-criancas.ghtml\">cria\u00e7\u00e3o de tal material utilizando menores possa ser considerada pornografia infantil.<\/a> <\/p>\n<p> Outra poss\u00edvel acusa\u00e7\u00e3o seria a de viola\u00e7\u00e3o das leis de privacidade. <\/p>\n<p> <strong>Mas, na Espanha, os menores s\u00f3 podem responder por um crime a partir dos 14 anos.<\/strong> <\/p>\n<p> O caso causou preocupa\u00e7\u00e3o at\u00e9 mesmo para a popula\u00e7\u00e3o local que n\u00e3o est\u00e1 envolvida. <\/p>\n<p> &quot;Aqueles de n\u00f3s que t\u00eam filhos est\u00e3o muito preocupados&quot;, diz \u00e0 BBC Gema Lorenzo, uma moradora local que tem um filho de 16 anos e uma filha de 12 anos. <\/p>\n<p> &quot;Voc\u00ea est\u00e1 preocupada com duas coisas: se voc\u00ea tem um filho, voc\u00ea se preocupa que ele possa ter feito algo assim; e se voc\u00ea tem uma filha, voc\u00ea fica ainda mais preocupada (com ela), porque \u00e9 um ato de viol\u00eancia&quot;, acrescenta. <\/p>\n<p>         4 de 5&#013;Para Francisco Javier Guerra, pintor e decorador local, culpa \u00e9 dos pais dos meninos envolvidos \u2014 Foto: BBC    <\/p>\n<p> Para Francisco Javier Guerra, pintor e decorador local, culpa \u00e9 dos pais dos meninos envolvidos \u2014 Foto: BBC <\/p>\n<p> <strong>Francisco Javier Guerra<\/strong>, pintor e decorador local, diz que a culpa \u00e9 dos pais dos meninos envolvidos. <\/p>\n<p>&quot;Eles deveriam ter feito algo antes, como retirar seus telefones ou instalar um aplicativo que lhes informasse o que seus filhos est\u00e3o fazendo com seus telefones&quot;, afirma.<\/p>\n<p> Esta n\u00e3o \u00e9 a primeira vez que um caso deste tipo se torna not\u00edcia em Espanha. <\/p>\n<p> No in\u00edcio deste ano, imagens de topless da cantora <a class href=\"https:\/\/g1.globo.com\/tudo-sobre\/rosalia\/\">Rosal\u00eda <\/a>geradas por IA foram postadas nas redes sociais. <\/p>\n<p> &quot;Mulheres de diferentes partes do mundo me escreveram explicando que isto lhes aconteceu e que n\u00e3o sabem o que fazer&quot;, diz Adib Mendiri. <\/p>\n<p> &quot;Neste momento, isso est\u00e1 acontecendo em todo o mundo. A \u00fanica diferen\u00e7a \u00e9 que em Almendralejo fizemos barulho por causa disso&quot;. <\/p>\n<p> A preocupa\u00e7\u00e3o \u00e9 que aplicativos como os utilizados em Almendralejo se tornem cada vez mais comuns. <\/p>\n<p>         5 de 5&#013;Autoridades espanholas est\u00e3o investigando o caso \u2014 Foto: BBC    <\/p>\n<p> Autoridades espanholas est\u00e3o investigando o caso \u2014 Foto: BBC <\/p>\n<p> Javier Izquierdo, chefe da prote\u00e7\u00e3o infantil na unidade de crimes cibern\u00e9ticos da pol\u00edcia nacional espanhola, disse, em entrevista a jornalistas, que esses tipos de crimes n\u00e3o est\u00e3o mais confinados &quot;ao cara que baixa pornografia infantil da Dark Web ou de algum f\u00f3rum oculto da Internet&quot;. <\/p>\n<p> &quot;Isso obviamente ainda est\u00e1 acontecendo, mas agora os novos desafios que enfrentamos s\u00e3o o acesso que os menores t\u00eam em idade t\u00e3o precoce [a essa tecnologia], como neste caso&quot;, acrescentou. <\/p>\n<ul> <\/ul>\n","protected":false},"excerpt":{"rendered":"<p>1 de 5&#013;Almendralejo \u00e9 uma vila pitoresca com uma popula\u00e7\u00e3o de pouco mais de 30 mil habitantes, conhecida pela produ\u00e7\u00e3o de azeitonas e vinho tinto \u2014 Foto: BBC Almendralejo \u00e9 uma vila pitoresca com uma popula\u00e7\u00e3o de pouco mais de 30 mil habitantes, conhecida pela produ\u00e7\u00e3o de azeitonas e vinho tinto \u2014 Foto: BBC Uma [&hellip;]<\/p>\n","protected":false},"author":1,"featured_media":0,"comment_status":"closed","ping_status":"closed","sticky":false,"template":"","format":"standard","meta":{"footnotes":""},"categories":[],"tags":[],"class_list":["post-53318","post","type-post","status-publish","format-standard","hentry"],"_links":{"self":[{"href":"https:\/\/blog.corretoraideal.com.br\/index.php\/wp-json\/wp\/v2\/posts\/53318","targetHints":{"allow":["GET"]}}],"collection":[{"href":"https:\/\/blog.corretoraideal.com.br\/index.php\/wp-json\/wp\/v2\/posts"}],"about":[{"href":"https:\/\/blog.corretoraideal.com.br\/index.php\/wp-json\/wp\/v2\/types\/post"}],"author":[{"embeddable":true,"href":"https:\/\/blog.corretoraideal.com.br\/index.php\/wp-json\/wp\/v2\/users\/1"}],"replies":[{"embeddable":true,"href":"https:\/\/blog.corretoraideal.com.br\/index.php\/wp-json\/wp\/v2\/comments?post=53318"}],"version-history":[{"count":1,"href":"https:\/\/blog.corretoraideal.com.br\/index.php\/wp-json\/wp\/v2\/posts\/53318\/revisions"}],"predecessor-version":[{"id":53320,"href":"https:\/\/blog.corretoraideal.com.br\/index.php\/wp-json\/wp\/v2\/posts\/53318\/revisions\/53320"}],"wp:attachment":[{"href":"https:\/\/blog.corretoraideal.com.br\/index.php\/wp-json\/wp\/v2\/media?parent=53318"}],"wp:term":[{"taxonomy":"category","embeddable":true,"href":"https:\/\/blog.corretoraideal.com.br\/index.php\/wp-json\/wp\/v2\/categories?post=53318"},{"taxonomy":"post_tag","embeddable":true,"href":"https:\/\/blog.corretoraideal.com.br\/index.php\/wp-json\/wp\/v2\/tags?post=53318"}],"curies":[{"name":"wp","href":"https:\/\/api.w.org\/{rel}","templated":true}]}}