{"id":53321,"date":"2023-09-24T22:29:40","date_gmt":"2023-09-24T22:29:40","guid":{"rendered":"https:\/\/blog.corretoraideal.com.br\/?p=53321"},"modified":"2023-09-24T22:29:40","modified_gmt":"2023-09-24T22:29:40","slug":"ribeirinhos-tem-dificuldades-de-navegar-no-rio-amazonas-por-causa-de-seca-severa-no-norte-do-pais-globo-rural-g1","status":"publish","type":"post","link":"https:\/\/blog.corretoraideal.com.br\/index.php\/2023\/09\/24\/ribeirinhos-tem-dificuldades-de-navegar-no-rio-amazonas-por-causa-de-seca-severa-no-norte-do-pais-globo-rural-g1\/","title":{"rendered":"Ribeirinhos t\u00eam dificuldades de navegar no rio Amazonas por causa de seca severa no Norte do pa\u00eds | Globo Rural | G1"},"content":{"rendered":"<p>                <img loading=\"lazy\" decoding=\"async\" class=\"aligncenter size-full wp-image-53323\" src=\"https:\/\/blog.corretoraideal.com.br\/wp-content\/uploads\/2023\/09\/ribeirinhos-tem-dificuldades-de-navegar-no-rio-amazonas-por-causa-de-seca-severa-no-norte.jpeg\" alt=\"Ribeirinhos t\u00eam dificuldades de navegar no rio Amazonas por causa de seca severa no Norte\" width=\"800\" height=\"400\" \/>      <\/p>\n<p> Ribeirinhos t\u00eam dificuldades de navegar no rio Amazonas por causa de seca severa no Norte <\/p>\n<p> A regi\u00e3o Norte do Brasil enfrenta uma seca muito severa. No Amazonas, o baixo n\u00edvel dos rios dificulta a vida de ribeirinhos e pequenos agricultores. <\/p>\n<p> Em muitas partes do rio, embarca\u00e7\u00f5es maiores j\u00e1 n\u00e3o passam por causa das \u00e1guas rasas. Outras diminu\u00edram a capacidade, para ficarem mais leves. <\/p>\n<p> Al\u00e9m disso, o pre\u00e7o das mercadorias que chegam at\u00e9 a popula\u00e7\u00e3o subiu devido \u00e0 dificuldade no transporte. H\u00e1 ainda outro problema: a demora do trajeto faz com que muitos produtos estraguem no caminho. <\/p>\n<p> <strong>Confira a reportagem completa no V\u00cdDEO ACIMA.<\/strong> <\/p>\n<p><h2><strong>Veja os v\u00eddeos mais assistidos do Globo Rural<\/strong><\/h2>\n<\/p>\n<p>   <a href=\"https:\/\/g1.globo.com\/economia\/agronegocios\/globo-rural\/videos-globo-rural\/playlist\/videos-mais-assistidos-do-globo-rural.ghtml\">    50 v\u00eddeos      <\/a>   <\/p>\n<ul>\n<li> <a href=\"https:\/\/g1.globo.com\/topico\/amazonas\" class=\"entities__list-itemLink\" data-track-click=\"Amazonas\"> Amazonas <\/a> <\/li>\n<\/ul>\n","protected":false},"excerpt":{"rendered":"<p>Ribeirinhos t\u00eam dificuldades de navegar no rio Amazonas por causa de seca severa no Norte A regi\u00e3o Norte do Brasil enfrenta uma seca muito severa. No Amazonas, o baixo n\u00edvel dos rios dificulta a vida de ribeirinhos e pequenos agricultores. Em muitas partes do rio, embarca\u00e7\u00f5es maiores j\u00e1 n\u00e3o passam por causa das \u00e1guas rasas. [&hellip;]<\/p>\n","protected":false},"author":1,"featured_media":0,"comment_status":"closed","ping_status":"closed","sticky":false,"template":"","format":"standard","meta":{"footnotes":""},"categories":[],"tags":[],"class_list":["post-53321","post","type-post","status-publish","format-standard","hentry"],"_links":{"self":[{"href":"https:\/\/blog.corretoraideal.com.br\/index.php\/wp-json\/wp\/v2\/posts\/53321","targetHints":{"allow":["GET"]}}],"collection":[{"href":"https:\/\/blog.corretoraideal.com.br\/index.php\/wp-json\/wp\/v2\/posts"}],"about":[{"href":"https:\/\/blog.corretoraideal.com.br\/index.php\/wp-json\/wp\/v2\/types\/post"}],"author":[{"embeddable":true,"href":"https:\/\/blog.corretoraideal.com.br\/index.php\/wp-json\/wp\/v2\/users\/1"}],"replies":[{"embeddable":true,"href":"https:\/\/blog.corretoraideal.com.br\/index.php\/wp-json\/wp\/v2\/comments?post=53321"}],"version-history":[{"count":1,"href":"https:\/\/blog.corretoraideal.com.br\/index.php\/wp-json\/wp\/v2\/posts\/53321\/revisions"}],"predecessor-version":[{"id":53324,"href":"https:\/\/blog.corretoraideal.com.br\/index.php\/wp-json\/wp\/v2\/posts\/53321\/revisions\/53324"}],"wp:attachment":[{"href":"https:\/\/blog.corretoraideal.com.br\/index.php\/wp-json\/wp\/v2\/media?parent=53321"}],"wp:term":[{"taxonomy":"category","embeddable":true,"href":"https:\/\/blog.corretoraideal.com.br\/index.php\/wp-json\/wp\/v2\/categories?post=53321"},{"taxonomy":"post_tag","embeddable":true,"href":"https:\/\/blog.corretoraideal.com.br\/index.php\/wp-json\/wp\/v2\/tags?post=53321"}],"curies":[{"name":"wp","href":"https:\/\/api.w.org\/{rel}","templated":true}]}}