{"id":53325,"date":"2023-09-25T01:30:13","date_gmt":"2023-09-25T01:30:13","guid":{"rendered":"https:\/\/blog.corretoraideal.com.br\/?p=53325"},"modified":"2023-09-25T01:30:13","modified_gmt":"2023-09-25T01:30:13","slug":"idoso-morre-afogado-na-ilha-de-convivencia-em-sao-francisco-de-itabapoana-norte-fluminense-g1","status":"publish","type":"post","link":"https:\/\/blog.corretoraideal.com.br\/index.php\/2023\/09\/25\/idoso-morre-afogado-na-ilha-de-convivencia-em-sao-francisco-de-itabapoana-norte-fluminense-g1\/","title":{"rendered":"Idoso morre afogado na Ilha de Conviv\u00eancia em S\u00e3o Francisco de Itabapoana | Norte Fluminense | G1"},"content":{"rendered":"<p>      1 de 1&#013;Afogamento \u2014 Foto: Divulga\u00e7\u00e3o    <\/p>\n<p> Afogamento \u2014 Foto: Divulga\u00e7\u00e3o <\/p>\n<p> Na tarde deste domingo(24) um idoso identificado como Heraldo Concei\u00e7\u00e3o, de 79 anos, morreu v\u00edtima de afogamento na Boca da Barra, localizada na Ilha de Conviv\u00eancia, no distrito de <a class href=\"https:\/\/g1.globo.com\/rj\/norte-fluminense\/cidade\/sao-francisco-de-itabapoana\/\">S\u00e3o Francisco de Itabapoana<\/a>, no Norte Fluminense. <\/p>\n<p> Segundo informa\u00e7\u00f5es do Corpo de Bombeiros, o homem estava tomando banho no rio Para\u00edba quando o incidente ocorreu. Pessoas presentes no local tentaram socorrer o idoso, mas ele n\u00e3o resistiu. <\/p>\n<p> O corpo foi removido para IML de Campos dos Goytacazes, no Norte Fluminense. <\/p>\n<p> O caso foi registrado na 145\u00aa Delegacia de Pol\u00edcia de S\u00e3o Jo\u00e3o da Barra. <\/p>\n<ul>\n<li> <a href=\"https:\/\/g1.globo.com\/rj\/norte-fluminense\/cidade\/sao-francisco-de-itabapoana\/\" class=\"entities__list-itemLink\" data-track-click=\"S\u00e3o Francisco de Itabapoana\"> S\u00e3o Francisco de Itabapoana <\/a> <\/li>\n<\/ul>\n","protected":false},"excerpt":{"rendered":"<p>1 de 1&#013;Afogamento \u2014 Foto: Divulga\u00e7\u00e3o Afogamento \u2014 Foto: Divulga\u00e7\u00e3o Na tarde deste domingo(24) um idoso identificado como Heraldo Concei\u00e7\u00e3o, de 79 anos, morreu v\u00edtima de afogamento na Boca da Barra, localizada na Ilha de Conviv\u00eancia, no distrito de S\u00e3o Francisco de Itabapoana, no Norte Fluminense. Segundo informa\u00e7\u00f5es do Corpo de Bombeiros, o homem estava [&hellip;]<\/p>\n","protected":false},"author":1,"featured_media":0,"comment_status":"closed","ping_status":"closed","sticky":false,"template":"","format":"standard","meta":{"footnotes":""},"categories":[],"tags":[],"class_list":["post-53325","post","type-post","status-publish","format-standard","hentry"],"_links":{"self":[{"href":"https:\/\/blog.corretoraideal.com.br\/index.php\/wp-json\/wp\/v2\/posts\/53325","targetHints":{"allow":["GET"]}}],"collection":[{"href":"https:\/\/blog.corretoraideal.com.br\/index.php\/wp-json\/wp\/v2\/posts"}],"about":[{"href":"https:\/\/blog.corretoraideal.com.br\/index.php\/wp-json\/wp\/v2\/types\/post"}],"author":[{"embeddable":true,"href":"https:\/\/blog.corretoraideal.com.br\/index.php\/wp-json\/wp\/v2\/users\/1"}],"replies":[{"embeddable":true,"href":"https:\/\/blog.corretoraideal.com.br\/index.php\/wp-json\/wp\/v2\/comments?post=53325"}],"version-history":[{"count":1,"href":"https:\/\/blog.corretoraideal.com.br\/index.php\/wp-json\/wp\/v2\/posts\/53325\/revisions"}],"predecessor-version":[{"id":53327,"href":"https:\/\/blog.corretoraideal.com.br\/index.php\/wp-json\/wp\/v2\/posts\/53325\/revisions\/53327"}],"wp:attachment":[{"href":"https:\/\/blog.corretoraideal.com.br\/index.php\/wp-json\/wp\/v2\/media?parent=53325"}],"wp:term":[{"taxonomy":"category","embeddable":true,"href":"https:\/\/blog.corretoraideal.com.br\/index.php\/wp-json\/wp\/v2\/categories?post=53325"},{"taxonomy":"post_tag","embeddable":true,"href":"https:\/\/blog.corretoraideal.com.br\/index.php\/wp-json\/wp\/v2\/tags?post=53325"}],"curies":[{"name":"wp","href":"https:\/\/api.w.org\/{rel}","templated":true}]}}