{"id":53340,"date":"2023-09-25T13:29:36","date_gmt":"2023-09-25T13:29:36","guid":{"rendered":"https:\/\/blog.corretoraideal.com.br\/?p=53340"},"modified":"2023-09-25T13:29:36","modified_gmt":"2023-09-25T13:29:36","slug":"dolar-abre-em-alta-em-dia-de-maior-aversao-global-aos-riscos-economia-g1","status":"publish","type":"post","link":"https:\/\/blog.corretoraideal.com.br\/index.php\/2023\/09\/25\/dolar-abre-em-alta-em-dia-de-maior-aversao-global-aos-riscos-economia-g1\/","title":{"rendered":"D\u00f3lar abre em alta em dia de maior avers\u00e3o global aos riscos | Economia | G1"},"content":{"rendered":"\n<p> O d\u00f3lar abriu em alta nesta segunda-feira (25), em uma semana que come\u00e7ou com uma maior avers\u00e3o aos riscos em n\u00edvel global. A cautela dos investidores vem depois do setor imobili\u00e1rio da Cina dar sinais de novos problemas em meio a uma crise financeira. <\/p>\n<p> Al\u00e9m disso, o tom do \u00faltimo comunicado do Federal Reserve (<a class href=\"https:\/\/g1.globo.com\/tudo-sobre\/fed\/\">Fed<\/a>, o banco central americano), que sinalizou que pode continuar com taxas de juros altas por mais tempo, tamb\u00e9m pesa sobre os neg\u00f3cios. <\/p>\n<p><h2>D\u00f3lar<\/h2>\n<\/p>\n<p> \u00c0s 09h30, a moeda norte-americana subia 0,18%, cotada a R$ 4,9415. <a class href=\"https:\/\/valor.globo.com\/valor-data\/\">Veja mais cota\u00e7\u00f5es.<\/a> <\/p>\n<p> Na \u00faltima sexta-feira, o d\u00f3lar fechou com leve queda de 0,02%, vendido a R$ 4,9324.. <\/p>\n<p> Com o resultado do \u00faltimo preg\u00e3o, a moeda passou a acumular:  <\/p>\n<ul>\n<li><strong>alta de 1,27% na semana; <\/strong><\/li>\n<li><strong>quedas de 0,36% no m\u00eas e de 6,55% no ano.<\/strong><\/li>\n<\/ul>\n<p><h2><strong>Ibovespa<\/strong><\/h2>\n<\/p>\n<p> Tamb\u00e9m na \u00faltima sexta-feira, o Ibovespa fechou o dia em <strong>leve queda de 0,12%, aos 116.008 pontos.<\/strong> <\/p>\n<p> Com o resultado, passou a acumular:  <\/p>\n<ul>\n<li>queda de 2,31% na semana; <\/li>\n<li>altas de 0,23% no m\u00eas e de 5,72% no ano.<\/li>\n<\/ul>\n<p> <strong>LEIA TAMB\u00c9M<\/strong> <\/p>\n<ul>\n<li><strong>DINHEIRO OU CART\u00c3O? <\/strong><a class href=\"https:\/\/g1.globo.com\/economia\/noticia\/2022\/03\/26\/dinheiro-ou-cartao-qual-a-melhor-forma-de-levar-dolares-em-viagens.ghtml\">Qual a melhor forma de levar d\u00f3lares em viagens?<\/a><\/li>\n<li><strong>D\u00d3LAR: <\/strong><a class href=\"https:\/\/g1.globo.com\/economia\/noticia\/2022\/04\/05\/dolar-qual-o-melhor-momento-para-comprar.ghtml\">Qual o melhor momento para comprar a moeda? <\/a><\/li>\n<\/ul>\n<p><h2>O que est\u00e1 mexendo com os mercados?<\/h2>\n<\/p>\n<p> O dia \u00e9 marcado por um sentimento de pessimismo generalizado, sobretudo influenciado por novas not\u00edcias negativas sobre o setor imobili\u00e1rio da China, que enfrenta uma crise financeira h\u00e1 cerca de dois anos, desde que a gigante Evergrande teve seus primeiros problemas de liquidez. <\/p>\n<p> No fim da semana passada, a Evergrande anunciou o cancelamento de um plano de reestrutura\u00e7\u00e3o da sua d\u00edvida de creca de US$ 35 bilh\u00f5es. Depois, no domingo (24), a incorporadora anunciou que est\u00e1 impossibilitada de emitir novos t\u00edtulos de d\u00edvidas, que s\u00e3o usados para financiar parte de seus pagamentos. <\/p>\n<p> Essa situa\u00e7\u00e3o fez as a\u00e7\u00f5es da companhia despencarem mais de 20% e os mercados asi\u00e1ticos fecharam em baixa. Os impactos tamb\u00e9m s\u00e3o sentidos no in\u00edcio do dia de neg\u00f3cios em outros continentes. <\/p>\n<p> O setor imobili\u00e1rio chin\u00eas \u00e9 um dos mais importantes para a economia do pa\u00eds e responde por uma enorme parcela da demanda por diversos produtos, como o min\u00e9rio de ferro. Assim, a crise nas incorporadoras &#8211; al\u00e9m de impactar toda a economia chinesa &#8211; tamb\u00e9m \u00e9 prejudicial para os principais parceiros comerciais da China, como o Brasil, que podem passar a exportar menos. <\/p>\n<p> Al\u00e9m disso, o come\u00e7o da semana tamb\u00e9m segue sentindo a influ\u00eancia da decis\u00e3o de pol\u00edtica monet\u00e1ria nos <a class href=\"https:\/\/g1.globo.com\/tudo-sobre\/estados-unidos\/\">Estados Unidos<\/a>, anunciada na \u00faltima quarta-feira (20). <\/p>\n<p> O <a class href=\"https:\/\/g1.globo.com\/tudo-sobre\/fed\/\">Fed<\/a> optou por manter suas taxas de juros inalteradas, entre 5,25% e 5,50% ao ano, no maior patamar em mais de duas d\u00e9cadas. No entanto, mesmo com a interrup\u00e7\u00e3o das altas, o comunicado da institui\u00e7\u00e3o j\u00e1 mostrou que nem todos os dirigentes concordavam com a decis\u00e3o e que, a depender dos pr\u00f3ximos dados de infla\u00e7\u00e3o, novos aumentos das taxas podem vir pela frente. <\/p>\n<p> Tamb\u00e9m foi sinalizado que, ainda que novas altas n\u00e3o aconte\u00e7am, os juros devem continuar no patamar elevado por v\u00e1rios meses, para conter a press\u00e3o inflacion\u00e1ria. <\/p>\n<p> Juros altos nos <a class href=\"https:\/\/g1.globo.com\/tudo-sobre\/estados-unidos\/\">Estados Unidos<\/a> pesam sobre os ativos de risco em todo o mundo, como as moedas de pa\u00edses emergentes (caso do real) e os mercados de a\u00e7\u00f5es. <\/p>\n<p> Al\u00e9m disso, as taxas elevadas dificultam o processo de queda de juros em outros lugares, como a Europa, que, para atrair dinheiro do investidores, precisa seguir com os juros altos, o que pode seguir diminuindo a atividade, levando a uma recess\u00e3o econ\u00f4mica, explicam especialistas. <\/p>\n<p> No Brasil, o dia \u00e9 de agenda fraca, com destaque apenas para o Boletim Focus. Na edi\u00e7\u00e3o desta semana, o relat\u00f3rio n\u00e3o apresentou grandes varia\u00e7\u00f5es, com exce\u00e7\u00e3o do PIB. A alta foi leve, de crescimento de 2,89% em 2023 nas \u00faltimas proje\u00e7\u00f5es para 2,92% agora. Para 2024, as estimativas seguem em alta de 1,5% da economia. Em contrapartida, para 2025, houve queda de 1,95% para 1,90%. <\/p>\n<p> Importante ressaltar que os pr\u00f3ximos dias ser\u00e3o de agenda cheia, o que deve movimentar os mercados. Por aqui, o BC divulga, amanh\u00e3, a ata da \u00faltima reuni\u00e3o do Comit\u00ea de Pol\u00edtica Monet\u00e1ria (<a class href=\"https:\/\/g1.globo.com\/tudo-sobre\/copom\/\">Copom<\/a>) &#8211; que reduziu a Selic, taxa b\u00e1sica de juros, de 13,25% para 12,75% ao ano. <\/p>\n<p> Tamb\u00e9m nesta ter\u00e7a, o Instituto Brasileiro de Geografia e Estat\u00edstica (<a class href=\"https:\/\/g1.globo.com\/tudo-sobre\/ibge\/\">IBGE<\/a>) divulga os dados do \u00cdndice de Pre\u00e7os ao Consumidor Amplo 15 (IPCA-15) de setembro, indicador considerado a pr\u00e9via oficial da infla\u00e7\u00e3o cheia do m\u00eas. Na quinta-feira, o BC divulga seu Relat\u00f3rio Trimestral de Infla\u00e7\u00e3o. <\/p>\n<ul>\n<li> <a href=\"https:\/\/g1.globo.com\/tudo-sobre\/bmf-bovespa\/\" class=\"entities__list-itemLink\" data-track-click=\"B3\"> B3 <\/a> <\/li>\n<li> <a href=\"https:\/\/g1.globo.com\/tudo-sobre\/bc-europeu\/\" class=\"entities__list-itemLink\" data-track-click=\"Banco Central Europeu\"> Banco Central Europeu <\/a> <\/li>\n<li> <a href=\"https:\/\/g1.globo.com\/tudo-sobre\/banco-central-do-brasil\/\" class=\"entities__list-itemLink\" data-track-click=\"Banco Central do Brasil\"> Banco Central do Brasil <\/a> <\/li>\n<li> <a href=\"https:\/\/g1.globo.com\/tudo-sobre\/copom\/\" class=\"entities__list-itemLink\" data-track-click=\"Copom\"> Copom <\/a> <\/li>\n<li> <a href=\"https:\/\/g1.globo.com\/tudo-sobre\/estados-unidos\/\" class=\"entities__list-itemLink\" data-track-click=\"Estados Unidos\"> Estados Unidos <\/a> <\/li>\n<li> <a href=\"https:\/\/g1.globo.com\/tudo-sobre\/fed\/\" class=\"entities__list-itemLink\" data-track-click=\"FED\"> FED <\/a> <\/li>\n<li> <a href=\"https:\/\/g1.globo.com\/tudo-sobre\/ibge\/\" class=\"entities__list-itemLink\" data-track-click=\"IBGE\"> IBGE <\/a> <\/li>\n<li> <a href=\"https:\/\/g1.globo.com\/tudo-sobre\/ministerio-da-fazenda\/\" class=\"entities__list-itemLink\" data-track-click=\"Minist\u00e9rio da Fazenda\"> Minist\u00e9rio da Fazenda <\/a> <\/li>\n<\/ul>\n","protected":false},"excerpt":{"rendered":"<p>O d\u00f3lar abriu em alta nesta segunda-feira (25), em uma semana que come\u00e7ou com uma maior avers\u00e3o aos riscos em n\u00edvel global. A cautela dos investidores vem depois do setor imobili\u00e1rio da Cina dar sinais de novos problemas em meio a uma crise financeira. Al\u00e9m disso, o tom do \u00faltimo comunicado do Federal Reserve (Fed, [&hellip;]<\/p>\n","protected":false},"author":1,"featured_media":0,"comment_status":"closed","ping_status":"closed","sticky":false,"template":"","format":"standard","meta":{"footnotes":""},"categories":[],"tags":[],"class_list":["post-53340","post","type-post","status-publish","format-standard","hentry"],"_links":{"self":[{"href":"https:\/\/blog.corretoraideal.com.br\/index.php\/wp-json\/wp\/v2\/posts\/53340","targetHints":{"allow":["GET"]}}],"collection":[{"href":"https:\/\/blog.corretoraideal.com.br\/index.php\/wp-json\/wp\/v2\/posts"}],"about":[{"href":"https:\/\/blog.corretoraideal.com.br\/index.php\/wp-json\/wp\/v2\/types\/post"}],"author":[{"embeddable":true,"href":"https:\/\/blog.corretoraideal.com.br\/index.php\/wp-json\/wp\/v2\/users\/1"}],"replies":[{"embeddable":true,"href":"https:\/\/blog.corretoraideal.com.br\/index.php\/wp-json\/wp\/v2\/comments?post=53340"}],"version-history":[{"count":1,"href":"https:\/\/blog.corretoraideal.com.br\/index.php\/wp-json\/wp\/v2\/posts\/53340\/revisions"}],"predecessor-version":[{"id":53342,"href":"https:\/\/blog.corretoraideal.com.br\/index.php\/wp-json\/wp\/v2\/posts\/53340\/revisions\/53342"}],"wp:attachment":[{"href":"https:\/\/blog.corretoraideal.com.br\/index.php\/wp-json\/wp\/v2\/media?parent=53340"}],"wp:term":[{"taxonomy":"category","embeddable":true,"href":"https:\/\/blog.corretoraideal.com.br\/index.php\/wp-json\/wp\/v2\/categories?post=53340"},{"taxonomy":"post_tag","embeddable":true,"href":"https:\/\/blog.corretoraideal.com.br\/index.php\/wp-json\/wp\/v2\/tags?post=53340"}],"curies":[{"name":"wp","href":"https:\/\/api.w.org\/{rel}","templated":true}]}}