{"id":53343,"date":"2023-09-25T18:29:51","date_gmt":"2023-09-25T18:29:51","guid":{"rendered":"https:\/\/blog.corretoraideal.com.br\/?p=53343"},"modified":"2023-09-25T18:29:51","modified_gmt":"2023-09-25T18:29:51","slug":"desenrola-renegocia-r-143-bilhoes-em-dividas-em-10-semanas-segundo-febraban-economia-g1","status":"publish","type":"post","link":"https:\/\/blog.corretoraideal.com.br\/index.php\/2023\/09\/25\/desenrola-renegocia-r-143-bilhoes-em-dividas-em-10-semanas-segundo-febraban-economia-g1\/","title":{"rendered":"Desenrola renegocia R$ 14,3 bilh\u00f5es em d\u00edvidas em 10 semanas, segundo Febraban | Economia | G1"},"content":{"rendered":"<p>      1 de 1&#013;Foto ilustrativa de c\u00e9dulas de real \u2014 Foto: Marcos Santos\/USP Imagens    <\/p>\n<p> Foto ilustrativa de c\u00e9dulas de real \u2014 Foto: Marcos Santos\/USP Imagens <\/p>\n<p> Os bancos brasileiros j\u00e1 renegociaram 2,03 milh\u00f5es de contratos de d\u00edvidas em 10 semanas, desde o in\u00edcio do <a class href=\"https:\/\/g1.globo.com\/economia\/noticia\/2023\/08\/07\/desenrola-chega-a-r-52-bilhoes-em-renegociacoes-e-limpa-48-milhoes-de-nomes-em-tres-semanas-diz-febraban.ghtml\">programa Desenrola Brasil<\/a>, informou a <a class href=\"https:\/\/g1.globo.com\/tudo-sobre\/febraban\/\">Federa\u00e7\u00e3o Brasileira de Bancos<\/a> (Febraban) nesta segunda-feira (25). <\/p>\n<p> Segundo a federa\u00e7\u00e3o, foram R$ 14,3 bilh\u00f5es negociados exclusivamente pela Faixa 2 \u2014 que foca em resolver as d\u00edvidas de pessoas f\u00edsicas com d\u00e9bitos negativados at\u00e9 31 de dezembro de 2022 e renda de at\u00e9 R$ 20 mil. <\/p>\n<p> No total, foram beneficiados cerca de 1,6 milh\u00e3o clientes. A ades\u00e3o ao programa ir\u00e1 at\u00e9 31 de dezembro deste ano. <\/p>\n<p> O programa \u201cDesenrola Brasil\u2019 \u00e9 uma promessa de campanha do presidente <a class href=\"https:\/\/g1.globo.com\/tudo-sobre\/luiz-inacio-lula-da-silva\/\">Luiz In\u00e1cio Lula da Silva<\/a> (PT). Ele foi criado para promover um mutir\u00e3o de renegocia\u00e7\u00e3o de d\u00edvidas de pessoas f\u00edsicas. A ideia central \u00e9 tirar pessoas da lista de negativados e retomar o potencial de consumo da popula\u00e7\u00e3o. <\/p>\n<ul>\n<li><a class href=\"https:\/\/g1.globo.com\/economia\/noticia\/2023\/09\/25\/desenrola-fase-dos-leiloes-comeca-nesta-segunda-expectativa-e-renegociar-ate-r-79-bilhoes-de-dividas.ghtml\"><strong>Fase dos leil\u00f5es do Desenrola come\u00e7a nesta segunda; veja como participar<\/strong><\/a><\/li>\n<li><a class href=\"https:\/\/g1.globo.com\/economia\/noticia\/2023\/09\/18\/desenrola-nova-fase-vai-parcelar-dividas-ate-r-5-mil-e-exigira-conta-no-govbr-veja-como-criar.ghtml\"><strong>Fase 2 vai parcelar d\u00edvidas at\u00e9 R$ 5 mil e exigir\u00e1 conta no gov.br; veja como criar<\/strong><\/a><\/li>\n<li><a class href=\"https:\/\/g1.globo.com\/economia\/noticia\/2023\/07\/14\/desenrola-veja-perguntas-e-respostas-sobre-o-programa.ghtml\"><strong>Desenrola: veja perguntas e respostas sobre o programa de renegocia\u00e7\u00e3o de d\u00edvidas<\/strong><\/a><\/li>\n<\/ul>\n<p>                   <img loading=\"lazy\" decoding=\"async\" class=\"aligncenter size-full wp-image-53345\" src=\"https:\/\/blog.corretoraideal.com.br\/wp-content\/uploads\/2023\/09\/g1-em-1-minuto-primeiro-dia-de-desenrola-e-nova-lei-em-cidade-francesa-1.jpeg\" alt=\"G1 em 1 Minuto: Primeiro dia de Desenrola e Nova lei em cidade francesa\" width=\"800\" height=\"400\" \/>      <\/p>\n<p> G1 em 1 Minuto: Primeiro dia de Desenrola e Nova lei em cidade francesa <\/p>\n<p> Ainda de acordo com a federa\u00e7\u00e3o, as institui\u00e7\u00f5es financeiras limparam o nome de cerca de 6 milh\u00f5es de clientes que tinham d\u00edvidas banc\u00e1rias de at\u00e9 R$ 100 \u2014 uma contrapartida \u00e0 participa\u00e7\u00e3o dos bancos no programa. <\/p>\n<p> Isso significa que, se o devedor n\u00e3o tinha outros d\u00e9bitos pendentes, ficou com o &quot;nome limpo&quot; nos sistemas de prote\u00e7\u00e3o ao cr\u00e9dito. <\/p>\n<p> Inicialmente, o Minist\u00e9rio da Fazenda projetava que 1,5 milh\u00e3o de pessoas poderiam ser contempladas por essa medida, mas a<a class href=\"https:\/\/g1.globo.com\/economia\/noticia\/2023\/07\/22\/desenrola-febraban.ghtml\"> meta foi ultrapassada logo na primeira semana do Desenrola<\/a>. <\/p>\n<p> Vale lembrar, no entanto, que a desnegativa\u00e7\u00e3o n\u00e3o significa um perd\u00e3o. O d\u00e9bito seguir\u00e1 existindo, mas os bancos se comprometem a n\u00e3o incluir os devedores no cadastro negativo. <\/p>\n<p> Em nota, o presidente da Febraban, Isaac Sidney, destaca que \u201cos bancos est\u00e3o diretamente envolvidos na concep\u00e7\u00e3o e no desenvolvimento do Programa Desenrola desde o in\u00edcio e o programa cumpre papel essencial no momento delicado das finan\u00e7as das fam\u00edlias brasileiras, ao procurar reduzir d\u00edvidas da maior quantidade poss\u00edvel de pessoas\u201d. <\/p>\n<ul>\n<li> <a href=\"https:\/\/g1.globo.com\/tudo-sobre\/febraban\/\" class=\"entities__list-itemLink\" data-track-click=\"Febraban\"> Febraban <\/a> <\/li>\n<li> <a href=\"https:\/\/g1.globo.com\/tudo-sobre\/luiz-inacio-lula-da-silva\/\" class=\"entities__list-itemLink\" data-track-click=\"Luiz In\u00e1cio Lula da Silva\"> Luiz In\u00e1cio Lula da Silva <\/a> <\/li>\n<\/ul>\n","protected":false},"excerpt":{"rendered":"<p>1 de 1&#013;Foto ilustrativa de c\u00e9dulas de real \u2014 Foto: Marcos Santos\/USP Imagens Foto ilustrativa de c\u00e9dulas de real \u2014 Foto: Marcos Santos\/USP Imagens Os bancos brasileiros j\u00e1 renegociaram 2,03 milh\u00f5es de contratos de d\u00edvidas em 10 semanas, desde o in\u00edcio do programa Desenrola Brasil, informou a Federa\u00e7\u00e3o Brasileira de Bancos (Febraban) nesta segunda-feira (25). [&hellip;]<\/p>\n","protected":false},"author":1,"featured_media":0,"comment_status":"closed","ping_status":"closed","sticky":false,"template":"","format":"standard","meta":{"footnotes":""},"categories":[],"tags":[],"class_list":["post-53343","post","type-post","status-publish","format-standard","hentry"],"_links":{"self":[{"href":"https:\/\/blog.corretoraideal.com.br\/index.php\/wp-json\/wp\/v2\/posts\/53343","targetHints":{"allow":["GET"]}}],"collection":[{"href":"https:\/\/blog.corretoraideal.com.br\/index.php\/wp-json\/wp\/v2\/posts"}],"about":[{"href":"https:\/\/blog.corretoraideal.com.br\/index.php\/wp-json\/wp\/v2\/types\/post"}],"author":[{"embeddable":true,"href":"https:\/\/blog.corretoraideal.com.br\/index.php\/wp-json\/wp\/v2\/users\/1"}],"replies":[{"embeddable":true,"href":"https:\/\/blog.corretoraideal.com.br\/index.php\/wp-json\/wp\/v2\/comments?post=53343"}],"version-history":[{"count":1,"href":"https:\/\/blog.corretoraideal.com.br\/index.php\/wp-json\/wp\/v2\/posts\/53343\/revisions"}],"predecessor-version":[{"id":53346,"href":"https:\/\/blog.corretoraideal.com.br\/index.php\/wp-json\/wp\/v2\/posts\/53343\/revisions\/53346"}],"wp:attachment":[{"href":"https:\/\/blog.corretoraideal.com.br\/index.php\/wp-json\/wp\/v2\/media?parent=53343"}],"wp:term":[{"taxonomy":"category","embeddable":true,"href":"https:\/\/blog.corretoraideal.com.br\/index.php\/wp-json\/wp\/v2\/categories?post=53343"},{"taxonomy":"post_tag","embeddable":true,"href":"https:\/\/blog.corretoraideal.com.br\/index.php\/wp-json\/wp\/v2\/tags?post=53343"}],"curies":[{"name":"wp","href":"https:\/\/api.w.org\/{rel}","templated":true}]}}