{"id":53347,"date":"2023-09-25T21:29:39","date_gmt":"2023-09-25T21:29:39","guid":{"rendered":"https:\/\/blog.corretoraideal.com.br\/?p=53347"},"modified":"2023-09-25T21:29:39","modified_gmt":"2023-09-25T21:29:39","slug":"governo-do-rj-convoca-iniciativa-privada-de-cidades-do-rio-para-aderir-ao-190-integrado-da-policia-militar-regiao-serrana-g1","status":"publish","type":"post","link":"https:\/\/blog.corretoraideal.com.br\/index.php\/2023\/09\/25\/governo-do-rj-convoca-iniciativa-privada-de-cidades-do-rio-para-aderir-ao-190-integrado-da-policia-militar-regiao-serrana-g1\/","title":{"rendered":"Governo do RJ convoca iniciativa privada de cidades do Rio para aderir ao &#039;190 integrado&#039; da Pol\u00edcia Militar | Regi\u00e3o Serrana | G1"},"content":{"rendered":"<p>      1 de 1&#013;Centro Integrado de Comando e Controle (CICC), no Centro do Rio \u2014 Foto: Alba Val\u00e9ria Mendon\u00e7a\/g1 Rio    <\/p>\n<p> Centro Integrado de Comando e Controle (CICC), no Centro do Rio \u2014 Foto: Alba Val\u00e9ria Mendon\u00e7a\/g1 Rio <\/p>\n<p> O setores da sociedade privada nas cidades do Estado do Rio de Janeiro est\u00e3o sendo a convocadas a aderirem ao programa \u201c190 integrado\u201d da Pol\u00edcia Militar, que re\u00fane c\u00e2meras de videomonitoramento e alertas de sensores ao Servi\u00e7o de Atendimento Emergencial 190 da PM. <\/p>\n<p> O chamado voltado para o setor privado foi feito ap\u00f3s reuni\u00e3o com representantes de seguran\u00e7a p\u00fablica de mais de 70 munic\u00edpios, na \u00faltima quarta-feira (20), no Centro Integrado de Comando e Controle da Pol\u00edcia Militar do Rio de Janeiro. <\/p>\n<p> \u201cAproximar a sociedade deste sistema \u00e9 uma miss\u00e3o que nos foi dada pelo governador Cl\u00e1udio Castro. Este sistema representa um salto de qualidade na seguran\u00e7a p\u00fablica do Estado\u201d, destaca o secret\u00e1rio de governo Bernardo Rossi. <\/p>\n<p> Em Petr\u00f3polis, os comerciantes tamb\u00e9m ser\u00e3o incentivados a aderir ao programa como uma forma de manter o t\u00edtulo de cidade mais segura do Estado, a partir de um levantamento com munic\u00edpios com popula\u00e7\u00e3o maior que 100 mil habitantes. Institui\u00e7\u00f5es como a C\u00e2mara de Dirigentes Lojistas (CDL) e Sicom\u00e9rcio afirmam que isso trar\u00e1 benef\u00edcios em diferentes \u00e1reas da cidade. <\/p>\n<p> \u201cVamos mobilizar os comerciantes associados \u00e0 CDL a aderirem ao programa &#x27;PMERJ Digital&#x27;, incentivando os lojistas a ceder imagens e sistemas de alerta de suas c\u00e2meras e sensores para colaborar com o monitoramento de locais de grande circula\u00e7\u00e3o. Essa parceria p\u00fablico-alvo \u00e9 uma forma eficaz de fortalecer a seguran\u00e7a em nossa regi\u00e3o\u201d, afirma o presidente da CDL Petr\u00f3polis, Claudio Mohammad. <\/p>\n<p> O programa foi lan\u00e7ado pelo Governo do Estado h\u00e1 pouco mais de dois meses, e j\u00e1 conta com mais de 900 dispositivos, entre c\u00e2meras e sensores, transmitindo imagens e alarmes em tempo real para o Servi\u00e7o de Atendimento Emergencial 190 da PM do Rio de Janeiro. <\/p>\n<p> O objetivo do Governo do Estado \u00e9 integrar dispositivos de todos os 92 munic\u00edpios do Estado. <\/p>\n<p> \u201cO \u201c190 integrado\u201d \u00e9 um sistema de videomonitoramento urbano ligado ao Centro de Comando e Controle \u2013 CICC &#8211; da Pol\u00edcia Militar; um programa que amplia a vigil\u00e2ncia da pol\u00edcia em todo estado e agiliza n\u00e3o apenas a resposta da PM \u00e0s ocorr\u00eancias, mas tamb\u00e9m a apura\u00e7\u00e3o de crimes pela Pol\u00edcia Civil\u201d, explica o secret\u00e1rio de Governo Bernardo Rossi, lembrando que a ades\u00e3o ao projeto, n\u00e3o tem qualquer custo, basta o interessado se cadastrar. <\/p>\n<p><h2>Chamamento p\u00fablico para cadastro<\/h2>\n<\/p>\n<p> Todos os cadastros s\u00e3o submetidos \u00e0 aprova\u00e7\u00e3o pela Diretoria de Infraestrutura e Tecnologia da Pol\u00edcia Militar. <\/p>\n<p> <a class href=\"https:\/\/g1.globo.com\/rj\/regiao-serrana\/noticia\/2023\/08\/06\/prefeituras-e-camaras-de-vereadores-estao-sendo-oficiadas-pelo-estado-para-aderirem-ao-projeto-190-integrado.ghtml\">O edital com as informa\u00e7\u00f5es para participa\u00e7\u00e3o do &quot;190 Integrado&quot; est\u00e1 dispon\u00edvel no site da Pol\u00edcia Militar.<\/a> <\/p>\n<p> Ap\u00f3s a aprova\u00e7\u00e3o, um Termo de Coopera\u00e7\u00e3o \u00e9 formalizado, com prazo de vig\u00eancia de 24 meses, podendo ser suspenso a qualquer momento ou prorrogado. As etapas do processo s\u00e3o feitas por e-mail. <\/p>\n<ul> <\/ul>\n","protected":false},"excerpt":{"rendered":"<p>1 de 1&#013;Centro Integrado de Comando e Controle (CICC), no Centro do Rio \u2014 Foto: Alba Val\u00e9ria Mendon\u00e7a\/g1 Rio Centro Integrado de Comando e Controle (CICC), no Centro do Rio \u2014 Foto: Alba Val\u00e9ria Mendon\u00e7a\/g1 Rio O setores da sociedade privada nas cidades do Estado do Rio de Janeiro est\u00e3o sendo a convocadas a aderirem [&hellip;]<\/p>\n","protected":false},"author":1,"featured_media":0,"comment_status":"closed","ping_status":"closed","sticky":false,"template":"","format":"standard","meta":{"footnotes":""},"categories":[],"tags":[],"class_list":["post-53347","post","type-post","status-publish","format-standard","hentry"],"_links":{"self":[{"href":"https:\/\/blog.corretoraideal.com.br\/index.php\/wp-json\/wp\/v2\/posts\/53347","targetHints":{"allow":["GET"]}}],"collection":[{"href":"https:\/\/blog.corretoraideal.com.br\/index.php\/wp-json\/wp\/v2\/posts"}],"about":[{"href":"https:\/\/blog.corretoraideal.com.br\/index.php\/wp-json\/wp\/v2\/types\/post"}],"author":[{"embeddable":true,"href":"https:\/\/blog.corretoraideal.com.br\/index.php\/wp-json\/wp\/v2\/users\/1"}],"replies":[{"embeddable":true,"href":"https:\/\/blog.corretoraideal.com.br\/index.php\/wp-json\/wp\/v2\/comments?post=53347"}],"version-history":[{"count":1,"href":"https:\/\/blog.corretoraideal.com.br\/index.php\/wp-json\/wp\/v2\/posts\/53347\/revisions"}],"predecessor-version":[{"id":53349,"href":"https:\/\/blog.corretoraideal.com.br\/index.php\/wp-json\/wp\/v2\/posts\/53347\/revisions\/53349"}],"wp:attachment":[{"href":"https:\/\/blog.corretoraideal.com.br\/index.php\/wp-json\/wp\/v2\/media?parent=53347"}],"wp:term":[{"taxonomy":"category","embeddable":true,"href":"https:\/\/blog.corretoraideal.com.br\/index.php\/wp-json\/wp\/v2\/categories?post=53347"},{"taxonomy":"post_tag","embeddable":true,"href":"https:\/\/blog.corretoraideal.com.br\/index.php\/wp-json\/wp\/v2\/tags?post=53347"}],"curies":[{"name":"wp","href":"https:\/\/api.w.org\/{rel}","templated":true}]}}