{"id":53350,"date":"2023-09-25T23:41:24","date_gmt":"2023-09-25T23:41:24","guid":{"rendered":"https:\/\/blog.corretoraideal.com.br\/?p=53350"},"modified":"2023-09-25T23:41:24","modified_gmt":"2023-09-25T23:41:24","slug":"em-15-anos-de-lei-seca-brasil-registra-oito-infracoes-por-hora-diz-senatran-veja-capitais-com-mais-multas-politica-g1","status":"publish","type":"post","link":"https:\/\/blog.corretoraideal.com.br\/index.php\/2023\/09\/25\/em-15-anos-de-lei-seca-brasil-registra-oito-infracoes-por-hora-diz-senatran-veja-capitais-com-mais-multas-politica-g1\/","title":{"rendered":"Em 15 anos de Lei Seca, Brasil registra oito infra\u00e7\u00f5es por hora, diz Senatran; veja capitais com mais multas | Pol\u00edtica | G1"},"content":{"rendered":"\n<ul>\n<li>\n<p> Secretaria Nacional de Tr\u00e2nsito (Senatran) aponta que houve infra\u00e7\u00e3o \u00e0 Lei Seca nos 5.477 dias de vigor, desde implanta\u00e7\u00e3o. <\/p>\n<\/li>\n<li>\n<p> Secretaria contabiliza mais de 1 milh\u00e3o de infra\u00e7\u00f5es de motoristas sob a influ\u00eancia de \u00e1lcool. <\/p>\n<\/li>\n<li>\n<p> Recusas ao baf\u00f4metro correspondem, segundo o Senatran, a mais de 1,5 milh\u00e3o de infra\u00e7\u00f5es. <\/p>\n<\/li>\n<\/ul>\n<p> Secretaria Nacional de Tr\u00e2nsito (Senatran) aponta que houve infra\u00e7\u00e3o \u00e0 Lei Seca nos 5.477 dias de vigor, desde implanta\u00e7\u00e3o. <\/p>\n<p> Secretaria contabiliza mais de 1 milh\u00e3o de infra\u00e7\u00f5es de motoristas sob a influ\u00eancia de \u00e1lcool. <\/p>\n<p> Recusas ao baf\u00f4metro correspondem, segundo o Senatran, a mais de 1,5 milh\u00e3o de infra\u00e7\u00f5es. <\/p>\n<p>         1 de 1&#013; Recusas ao baf\u00f4metro somam mais de 1,5 milh\u00e3o de infra\u00e7\u00f5es, diz Senatran. \u2014 Foto: Divulga\u00e7\u00e3o\/Governo de SP    <\/p>\n<p> Recusas ao baf\u00f4metro somam mais de 1,5 milh\u00e3o de infra\u00e7\u00f5es, diz Senatran. \u2014 Foto: Divulga\u00e7\u00e3o\/Governo de SP <\/p>\n<p> Em 15 anos de Lei Seca, o Brasil registrou, em m\u00e9dia, oito infra\u00e7\u00f5es de tr\u00e2nsito por hora, segundo dados divulgados nesta segunda-feira (25) pela Secretaria Nacional de Tr\u00e2nsito (Senatran), vinculada ao <a class href=\"https:\/\/g1.globo.com\/tudo-sobre\/ministerio-dos-transportes\/\">Minist\u00e9rio dos Transportes<\/a>. <\/p>\n<p> <a class href=\"https:\/\/www.whatsapp.com\/channel\/0029Va2ll12AInPbyd8p933r\" target=\"_blank\" rel=\"noopener noreferrer\">\u2705Clique aqui para seguir o novo canal do g1 no WhatsApp.<\/a> <\/p>\n<p> A m\u00e9dia indica que houve infra\u00e7\u00e3o \u00e0 Lei Seca em todos os 5.477 dias em que ela esteve em vigor, at\u00e9 completar 15 anos. O per\u00edodo considerado \u00e9 de <strong>20 de junho de 2008 a 19 de junho de 2023. <\/strong> <\/p>\n<p>&quot;A principal conclus\u00e3o \u00e9 que a Lei Seca se consolidou nesses \u00faltimos 15 anos, mas precisa agora ser aperfei\u00e7oada. As fiscaliza\u00e7\u00f5es ocorreram por todo o Brasil, moldaram o comportamento das pessoas, mas acho que \u00e9 o momento de aperfei\u00e7oar o modelo da fiscaliza\u00e7\u00e3o, tornando mais efetiva e eficiente&quot;, declarou o secret\u00e1rio de Tr\u00e2nsito, Adrualdo Cat\u00e3o.<\/p>\n<p> No total, a secretaria contabiliza pouco mais de 1 milh\u00e3o de infra\u00e7\u00f5es de pessoas dirigindo sob a influ\u00eancia de \u00e1lcool. J\u00e1 as recusas ao teste do baf\u00f4metro somam mais de 1,5 milh\u00e3o de infra\u00e7\u00f5es. <\/p>\n<p>                   <img loading=\"lazy\" decoding=\"async\" class=\"aligncenter size-full wp-image-53352\" src=\"https:\/\/blog.corretoraideal.com.br\/wp-content\/uploads\/2023\/09\/numeros-da-lei-seca-colocam-o-noroeste-de-estado-em-alerta-para-o-perigo.jpeg\" alt=\"N\u00fameros da Lei Seca colocam o Noroeste de Estado em alerta para o perigo\" width=\"800\" height=\"400\" \/>      <\/p>\n<p> N\u00fameros da Lei Seca colocam o Noroeste de Estado em alerta para o perigo <\/p>\n<p> Segundo a Senatran, nos \u00faltimos anos, houve um aumento nesse segundo tipo de infra\u00e7\u00e3o, sendo superior, inclusive, \u00e0 constata\u00e7\u00e3o de presen\u00e7a de \u00e1lcool no sangue. <\/p>\n<p> Em relat\u00f3rio divulgado nesta segunda, a secretaria afirmou que vai fazer uma an\u00e1lise dessas recusas, que podem \u201cter forte conota\u00e7\u00e3o de burla ao procedimento de fiscaliza\u00e7\u00e3o, o que merece uma aten\u00e7\u00e3o especial\u201d. <\/p>\n<p> Segundo o relat\u00f3rio, a partir de 2021, o n\u00famero de infra\u00e7\u00f5es tem sido menor que a m\u00e9dia m\u00f3vel dos cinco anos anteriores. <\/p>\n<p> Contudo, a Senatran ressalta que, apesar das varia\u00e7\u00f5es, \u201cn\u00e3o \u00e9 poss\u00edvel afirmar se o resultado \u00e9 decorrente da maior conformidade dos condutores \u00e0 legisla\u00e7\u00e3o vigente ou \u00e0 diminui\u00e7\u00e3o das a\u00e7\u00f5es de fiscaliza\u00e7\u00e3o\u201d. <\/p>\n<p> De acordo com Cat\u00e3o, o governo vai manter um grupo de trabalho permanente para analisar os dados e manter a rela\u00e7\u00e3o com os \u00f3rg\u00e3os que fazem as autua\u00e7\u00f5es, como <a class href=\"https:\/\/g1.globo.com\/tudo-sobre\/policia-rodoviaria-federal\/\">Pol\u00edcia Rodovi\u00e1ria Federal<\/a> (PRF) e munic\u00edpios. <\/p>\n<p><h2><strong>Domingo \u00e9 o dia com mais infra\u00e7\u00f5es <\/strong><\/h2>\n<\/p>\n<p> Por causa do perfil das opera\u00e7\u00f5es da Lei Seca, que acontecem com mais frequ\u00eancia nos fins de semana, s\u00e1bado e domingo respondem por quase 60% das infra\u00e7\u00f5es. J\u00e1 a sexta-feira representa 13,6%. Veja: <\/p>\n<ul>\n<li>Domingo \u2013 30,6% <\/li>\n<li>S\u00e1bado &#8211; 27,7% <\/li>\n<li>Sexta-feira \u2013 13,6% <\/li>\n<li>Quinta-feira \u2013 8,2% <\/li>\n<li>Segunda-feira \u2013 7,3% <\/li>\n<li>Quarta-feira \u2013 6,5% <\/li>\n<li>Ter\u00e7a-feira \u2013 6,1% <\/li>\n<\/ul>\n<p> Em rela\u00e7\u00e3o ao hor\u00e1rio das infra\u00e7\u00f5es, a Senatran aponta que cerca de 70% acontecem \u00e0 noite, entre 18h e 6h, com pico entre 23h e 00h. Entretanto, o comportamento varia de acordo com o dia da semana. <\/p>\n<p> A maior parte dos ve\u00edculos infratores s\u00e3o de passageiros. S\u00e3o pouco mais de 982 mil ve\u00edculos distintos, dos quais 97% t\u00eam s\u00f3 uma infra\u00e7\u00e3o \u00e0 Lei Seca. Mas, de acordo com a Senatran, um carro com placa de Valpara\u00edso de Goi\u00e1s (GO) \u00e9 o que tem mais infra\u00e7\u00f5es \u00e0 lei, com nove multas, todas em 2010 e na regi\u00e3o de Bras\u00edlia (DF).  <\/p>\n<p> Al\u00e9m disso, mais de 1,1 mil ve\u00edculos autuados s\u00e3o oficiais \u2013 ou seja, estavam a servi\u00e7o da administra\u00e7\u00e3o p\u00fablica. <\/p>\n<p> Os propriet\u00e1rios de ve\u00edculos com infra\u00e7\u00f5es s\u00e3o, em grande maioria, homens (80,3%). J\u00e1, quanto \u00e0 idade, o cen\u00e1rio \u00e9: entre 30 e 40 anos (30,7%) e entre 41 e 50 anos (23,4%). A maioria tem at\u00e9 20 anos de habilita\u00e7\u00e3o. <\/p>\n<p><h2>Ranking das capitais<\/h2>\n<\/p>\n<p> Belo Horizonte \u00e9 a capital com mais infra\u00e7\u00f5es registradas, somando 48 mil. Na sequ\u00eancia, vem Bras\u00edlia, S\u00e3o Paulo, Rio de Janeiro e Porto Alegre. Veja lista completa: <\/p>\n<li>Belo Horizonte (MG) <\/li>\n<li>Bras\u00edlia (DF) <\/li>\n<li>S\u00e3o Paulo (SP) <\/li>\n<li>Rio de Janeiro (RJ) <\/li>\n<li>Porto Velho (RO) <\/li>\n<li>Curitiba (PR) <\/li>\n<li>Rio Branco (AC) <\/li>\n<li>Manaus (AM) <\/li>\n<li>Goi\u00e2nia (GO) <\/li>\n<li>Cuiab\u00e1 (MT) <\/li>\n<li>Recife (PE) <\/li>\n<li>Macap\u00e1 (AP) <\/li>\n<li>Campo Grande (MS) <\/li>\n<li>Porto Alegre (RS) <\/li>\n<li>Boa Vista (RR) <\/li>\n<li>Natal (RN) <\/li>\n<li>S\u00e3o Luiz (MA) <\/li>\n<li>Fortaleza (CE) <\/li>\n<li>Macei\u00f3 (AL) <\/li>\n<li>Teresina (PI) <\/li>\n<li>Jo\u00e3o Pessoa (PB) <\/li>\n<li>Salvador (BA) <\/li>\n<li>Florian\u00f3polis (SC) <\/li>\n<li>Aracaju (SE) <\/li>\n<li>Bel\u00e9m (PA) <\/li>\n<li>Vit\u00f3ria (ES) <\/li>\n<li>Palmas (TO) <\/li>\n<p> Em rela\u00e7\u00e3o \u00e0 quantidade de dias em que foram registradas infra\u00e7\u00f5es \u00e0 Lei Seca, Bras\u00edlia est\u00e1 no topo da lista, com multas em 90,2% dos dias, nos 15 anos da lei. <\/p>\n<ul>\n<li> <a href=\"https:\/\/g1.globo.com\/tudo-sobre\/ministerio-dos-transportes\/\" class=\"entities__list-itemLink\" data-track-click=\"Minist\u00e9rio dos Transportes\"> Minist\u00e9rio dos Transportes <\/a> <\/li>\n<li> <a href=\"https:\/\/g1.globo.com\/tudo-sobre\/policia-rodoviaria-federal\/\" class=\"entities__list-itemLink\" data-track-click=\"Pol\u00edcia Rodovi\u00e1ria Federal\"> Pol\u00edcia Rodovi\u00e1ria Federal <\/a> <\/li>\n<\/ul>\n","protected":false},"excerpt":{"rendered":"<p>Secretaria Nacional de Tr\u00e2nsito (Senatran) aponta que houve infra\u00e7\u00e3o \u00e0 Lei Seca nos 5.477 dias de vigor, desde implanta\u00e7\u00e3o. Secretaria contabiliza mais de 1 milh\u00e3o de infra\u00e7\u00f5es de motoristas sob a influ\u00eancia de \u00e1lcool. Recusas ao baf\u00f4metro correspondem, segundo o Senatran, a mais de 1,5 milh\u00e3o de infra\u00e7\u00f5es. Secretaria Nacional de Tr\u00e2nsito (Senatran) aponta que [&hellip;]<\/p>\n","protected":false},"author":1,"featured_media":0,"comment_status":"closed","ping_status":"closed","sticky":false,"template":"","format":"standard","meta":{"footnotes":""},"categories":[],"tags":[],"class_list":["post-53350","post","type-post","status-publish","format-standard","hentry"],"_links":{"self":[{"href":"https:\/\/blog.corretoraideal.com.br\/index.php\/wp-json\/wp\/v2\/posts\/53350","targetHints":{"allow":["GET"]}}],"collection":[{"href":"https:\/\/blog.corretoraideal.com.br\/index.php\/wp-json\/wp\/v2\/posts"}],"about":[{"href":"https:\/\/blog.corretoraideal.com.br\/index.php\/wp-json\/wp\/v2\/types\/post"}],"author":[{"embeddable":true,"href":"https:\/\/blog.corretoraideal.com.br\/index.php\/wp-json\/wp\/v2\/users\/1"}],"replies":[{"embeddable":true,"href":"https:\/\/blog.corretoraideal.com.br\/index.php\/wp-json\/wp\/v2\/comments?post=53350"}],"version-history":[{"count":1,"href":"https:\/\/blog.corretoraideal.com.br\/index.php\/wp-json\/wp\/v2\/posts\/53350\/revisions"}],"predecessor-version":[{"id":53353,"href":"https:\/\/blog.corretoraideal.com.br\/index.php\/wp-json\/wp\/v2\/posts\/53350\/revisions\/53353"}],"wp:attachment":[{"href":"https:\/\/blog.corretoraideal.com.br\/index.php\/wp-json\/wp\/v2\/media?parent=53350"}],"wp:term":[{"taxonomy":"category","embeddable":true,"href":"https:\/\/blog.corretoraideal.com.br\/index.php\/wp-json\/wp\/v2\/categories?post=53350"},{"taxonomy":"post_tag","embeddable":true,"href":"https:\/\/blog.corretoraideal.com.br\/index.php\/wp-json\/wp\/v2\/tags?post=53350"}],"curies":[{"name":"wp","href":"https:\/\/api.w.org\/{rel}","templated":true}]}}