{"id":53354,"date":"2023-09-26T03:04:33","date_gmt":"2023-09-26T03:04:33","guid":{"rendered":"https:\/\/blog.corretoraideal.com.br\/?p=53354"},"modified":"2023-09-26T03:04:33","modified_gmt":"2023-09-26T03:04:33","slug":"altas-temperaturas-tem-ajudando-a-impulsionar-as-vendas-de-ventilador-e-ar-condicionado-em-campos-norte-fluminense-g1","status":"publish","type":"post","link":"https:\/\/blog.corretoraideal.com.br\/index.php\/2023\/09\/26\/altas-temperaturas-tem-ajudando-a-impulsionar-as-vendas-de-ventilador-e-ar-condicionado-em-campos-norte-fluminense-g1\/","title":{"rendered":"Altas temperaturas t\u00eam ajudando a impulsionar as vendas de ventilador e ar-condicionado em Campos | Norte Fluminense | G1"},"content":{"rendered":"<p>                <img loading=\"lazy\" decoding=\"async\" class=\"aligncenter size-full wp-image-53356\" src=\"https:\/\/blog.corretoraideal.com.br\/wp-content\/uploads\/2023\/09\/temperaturas-elevadas-aquecem-a-venda-de-ventilador-e-ar-condicionado-em-campos.jpeg\" alt=\"Temperaturas elevadas aquecem a venda de ventilador e ar condicionado em Campos\" width=\"800\" height=\"400\" \/>      <\/p>\n<p> Temperaturas elevadas aquecem a venda de ventilador e ar-condicionado em Campos <\/p>\n<p> As altas temperaturas em <a class href=\"https:\/\/g1.globo.com\/rj\/norte-fluminense\/cidade\/campos-dos-goytacazes\/\">Campos dos Goytacazes<\/a>, Norte Fluminense, t\u00eam ajudado os comerciantes a impulsionar as vendas. <\/p>\n<p> Em uma loja de eletrodom\u00e9sticos da cidade o estoque foi zerado e precisou ser reposto para garantir as vendas. <\/p>\n<p> \u201cRenovamos o estoque porque tudo que tinha foi vendido. Ventilador de mesa, de coluna, e o calor surpreendeu a gente e tivemos um aumento de 100%. J\u00e1 pedimos a reposi\u00e7\u00e3o ao fabricante&quot;, disse Evandro Fonseca, gerente da loja. <\/p>\n<p> De acordo com o Presidente da C\u00e2mara de Dirigentes Lojistas de Campos, Edvar J\u00fanior, essa tend\u00eancia de alta nas vendas \u00e9 um preparativo para a Black Friday, per\u00edodo de grandes promo\u00e7\u00f5es. <\/p>\n<p> \u201cA previs\u00e3o \u00e9 de um aumento de mais de 30% nas vendas de ventiladores e aparelhos de ar-condicionado&quot;, disse Edvar. <\/p>\n<ul>\n<li> <a href=\"https:\/\/g1.globo.com\/rj\/norte-fluminense\/cidade\/campos-dos-goytacazes\/\" class=\"entities__list-itemLink\" data-track-click=\"Campos dos Goytacazes\"> Campos dos Goytacazes <\/a> <\/li>\n<\/ul>\n","protected":false},"excerpt":{"rendered":"<p>Temperaturas elevadas aquecem a venda de ventilador e ar-condicionado em Campos As altas temperaturas em Campos dos Goytacazes, Norte Fluminense, t\u00eam ajudado os comerciantes a impulsionar as vendas. Em uma loja de eletrodom\u00e9sticos da cidade o estoque foi zerado e precisou ser reposto para garantir as vendas. \u201cRenovamos o estoque porque tudo que tinha foi [&hellip;]<\/p>\n","protected":false},"author":1,"featured_media":0,"comment_status":"closed","ping_status":"closed","sticky":false,"template":"","format":"standard","meta":{"footnotes":""},"categories":[],"tags":[],"class_list":["post-53354","post","type-post","status-publish","format-standard","hentry"],"_links":{"self":[{"href":"https:\/\/blog.corretoraideal.com.br\/index.php\/wp-json\/wp\/v2\/posts\/53354","targetHints":{"allow":["GET"]}}],"collection":[{"href":"https:\/\/blog.corretoraideal.com.br\/index.php\/wp-json\/wp\/v2\/posts"}],"about":[{"href":"https:\/\/blog.corretoraideal.com.br\/index.php\/wp-json\/wp\/v2\/types\/post"}],"author":[{"embeddable":true,"href":"https:\/\/blog.corretoraideal.com.br\/index.php\/wp-json\/wp\/v2\/users\/1"}],"replies":[{"embeddable":true,"href":"https:\/\/blog.corretoraideal.com.br\/index.php\/wp-json\/wp\/v2\/comments?post=53354"}],"version-history":[{"count":1,"href":"https:\/\/blog.corretoraideal.com.br\/index.php\/wp-json\/wp\/v2\/posts\/53354\/revisions"}],"predecessor-version":[{"id":53357,"href":"https:\/\/blog.corretoraideal.com.br\/index.php\/wp-json\/wp\/v2\/posts\/53354\/revisions\/53357"}],"wp:attachment":[{"href":"https:\/\/blog.corretoraideal.com.br\/index.php\/wp-json\/wp\/v2\/media?parent=53354"}],"wp:term":[{"taxonomy":"category","embeddable":true,"href":"https:\/\/blog.corretoraideal.com.br\/index.php\/wp-json\/wp\/v2\/categories?post=53354"},{"taxonomy":"post_tag","embeddable":true,"href":"https:\/\/blog.corretoraideal.com.br\/index.php\/wp-json\/wp\/v2\/tags?post=53354"}],"curies":[{"name":"wp","href":"https:\/\/api.w.org\/{rel}","templated":true}]}}