{"id":53358,"date":"2023-09-26T05:15:05","date_gmt":"2023-09-26T05:15:05","guid":{"rendered":"https:\/\/blog.corretoraideal.com.br\/?p=53358"},"modified":"2023-09-26T05:15:05","modified_gmt":"2023-09-26T05:15:05","slug":"fgv-lanca-premio-de-responsabilidade-social-inscricoes-comecam-em-outubro-economia-g1","status":"publish","type":"post","link":"https:\/\/blog.corretoraideal.com.br\/index.php\/2023\/09\/26\/fgv-lanca-premio-de-responsabilidade-social-inscricoes-comecam-em-outubro-economia-g1\/","title":{"rendered":"FGV lan\u00e7a pr\u00eamio de responsabilidade social; inscri\u00e7\u00f5es come\u00e7am em outubro | Economia | G1"},"content":{"rendered":"<p>                <img loading=\"lazy\" decoding=\"async\" class=\"aligncenter size-full wp-image-53360\" src=\"https:\/\/blog.corretoraideal.com.br\/wp-content\/uploads\/2023\/09\/fundacao-getulio-vargas-lanca-no-rio-premio-fgv-de-responsabilidade-social.jpeg\" alt=\"Funda\u00e7\u00e3o Get\u00falio Vargas lan\u00e7a, no Rio, pr\u00eamio FGV de Responsabilidade Social\" width=\"800\" height=\"400\" \/>      <\/p>\n<p> Funda\u00e7\u00e3o Get\u00falio Vargas lan\u00e7a, no Rio, pr\u00eamio FGV de Responsabilidade Social <\/p>\n<p> A <strong>Funda\u00e7\u00e3o Get\u00falio Vargas<\/strong> lan\u00e7ou nesta segunda-feira (25) o pr\u00eamio &quot;<a class href=\"https:\/\/g1.globo.com\/tudo-sobre\/fgv\/\">FGV<\/a> de Responsabilidade Social&quot;, que visa premiar iniciativas do terceiro setor (entenda abaixo) voltadas \u00e0 melhoria da qualidade de vida das popula\u00e7\u00f5es urbanas, principalmente as mais vulner\u00e1veis e que vivem na cidade. <\/p>\n<p> O terceiro setor \u00e9 composto de organiza\u00e7\u00f5es n\u00e3o governamentais, associa\u00e7\u00f5es, funda\u00e7\u00f5es, entidades filantr\u00f3picas, sem o objetivo do lucro, que fazem atividades em favor da sociedade. <\/p>\n<ul>\n<li><a class href=\"https:\/\/www.whatsapp.com\/channel\/0029Va2ll12AInPbyd8p933r\" target=\"_blank\" rel=\"noopener noreferrer\">\u2705Clique aqui para seguir o novo canal do g1 no WhatsApp.<\/a><\/li>\n<\/ul>\n<p> \u26a0\ufe0fO grupo antigo ser\u00e1 desativado. Mesmo que voc\u00ea j\u00e1 fa\u00e7a parte da nossa comunidade, \u00e9 preciso se inscrever novamente. <\/p>\n<p> A funda\u00e7\u00e3o tamb\u00e9m pretende premiar pesquisas acad\u00eamicas aplicadas nas seguintes categorias: <\/p>\n<ul>\n<li>educa\u00e7\u00e3o e cultura; <\/li>\n<li>sa\u00fade e saneamento; <\/li>\n<li>sustentabilidade; <\/li>\n<li>E seguran\u00e7a p\u00fablica. <\/li>\n<\/ul>\n<p> <strong>As inscri\u00e7\u00f5es ser\u00e3o abertas em outubro, pela internet. <\/strong> <\/p>\n<p> O an\u00fancio do pr\u00eamio aconteceu em um semin\u00e1rio realizado no <a class href=\"https:\/\/g1.globo.com\/rj\/rio-de-janeiro\/cidade\/rio-de-janeiro\/\">Rio de Janeiro<\/a>. O evento foi coordenado pelo ministro do <a class href=\"https:\/\/g1.globo.com\/tudo-sobre\/supremo-tribunal-federal\/\">STF &#8211; Supremo Tribunal Federal<\/a> <a class href=\"https:\/\/g1.globo.com\/tudo-sobre\/andre-luiz-de-almeida-mendonca\/\">Andr\u00e9 Mendon\u00e7a<\/a>. <\/p>\n<p>\u201cN\u00f3s esperamos que n\u00f3s todos sejamos essa boa semente de bons projetos, de boas pr\u00e1ticas na \u00e1rea social. E que, dessas boas sementes, vidas sejam resgatadas da viol\u00eancia, do abuso, do desamparo, da falta de esperan\u00e7a, da falta de oportunidade\u201d, declarou o ministro.<\/p>\n<p> O Pr\u00eamio FGV \u00e9 uma iniciativa do F\u00f3rum Permanente de Responsabilidade Social e Saneamento da Funda\u00e7\u00e3o Getulio Vargas, com apoio da Globo. <\/p>\n<p> Em nota, a Funda\u00e7\u00e3o Get\u00falio Vargas informou que o pr\u00eamio busca identificar e jogar luz sobre experi\u00eancias em diversos setores que obtiveram resultados positivos no desenvolvimento sustent\u00e1vel e social. <\/p>\n<ul>\n<li> <a href=\"https:\/\/g1.globo.com\/tudo-sobre\/andre-luiz-de-almeida-mendonca\/\" class=\"entities__list-itemLink\" data-track-click=\"Andr\u00e9 Mendon\u00e7a\"> Andr\u00e9 Mendon\u00e7a <\/a> <\/li>\n<li> <a href=\"https:\/\/g1.globo.com\/tudo-sobre\/fgv\/\" class=\"entities__list-itemLink\" data-track-click=\"FGV\"> FGV <\/a> <\/li>\n<li> <a href=\"https:\/\/g1.globo.com\/rj\/rio-de-janeiro\/cidade\/rio-de-janeiro\/\" class=\"entities__list-itemLink\" data-track-click=\"Rio de Janeiro\"> Rio de Janeiro <\/a> <\/li>\n<li> <a href=\"https:\/\/g1.globo.com\/tudo-sobre\/supremo-tribunal-federal\/\" class=\"entities__list-itemLink\" data-track-click=\"STF - Supremo Tribunal Federal\"> STF &#8211; Supremo Tribunal Federal <\/a> <\/li>\n<\/ul>\n","protected":false},"excerpt":{"rendered":"<p>Funda\u00e7\u00e3o Get\u00falio Vargas lan\u00e7a, no Rio, pr\u00eamio FGV de Responsabilidade Social A Funda\u00e7\u00e3o Get\u00falio Vargas lan\u00e7ou nesta segunda-feira (25) o pr\u00eamio &quot;FGV de Responsabilidade Social&quot;, que visa premiar iniciativas do terceiro setor (entenda abaixo) voltadas \u00e0 melhoria da qualidade de vida das popula\u00e7\u00f5es urbanas, principalmente as mais vulner\u00e1veis e que vivem na cidade. O terceiro [&hellip;]<\/p>\n","protected":false},"author":1,"featured_media":0,"comment_status":"closed","ping_status":"closed","sticky":false,"template":"","format":"standard","meta":{"footnotes":""},"categories":[],"tags":[],"class_list":["post-53358","post","type-post","status-publish","format-standard","hentry"],"_links":{"self":[{"href":"https:\/\/blog.corretoraideal.com.br\/index.php\/wp-json\/wp\/v2\/posts\/53358","targetHints":{"allow":["GET"]}}],"collection":[{"href":"https:\/\/blog.corretoraideal.com.br\/index.php\/wp-json\/wp\/v2\/posts"}],"about":[{"href":"https:\/\/blog.corretoraideal.com.br\/index.php\/wp-json\/wp\/v2\/types\/post"}],"author":[{"embeddable":true,"href":"https:\/\/blog.corretoraideal.com.br\/index.php\/wp-json\/wp\/v2\/users\/1"}],"replies":[{"embeddable":true,"href":"https:\/\/blog.corretoraideal.com.br\/index.php\/wp-json\/wp\/v2\/comments?post=53358"}],"version-history":[{"count":1,"href":"https:\/\/blog.corretoraideal.com.br\/index.php\/wp-json\/wp\/v2\/posts\/53358\/revisions"}],"predecessor-version":[{"id":53361,"href":"https:\/\/blog.corretoraideal.com.br\/index.php\/wp-json\/wp\/v2\/posts\/53358\/revisions\/53361"}],"wp:attachment":[{"href":"https:\/\/blog.corretoraideal.com.br\/index.php\/wp-json\/wp\/v2\/media?parent=53358"}],"wp:term":[{"taxonomy":"category","embeddable":true,"href":"https:\/\/blog.corretoraideal.com.br\/index.php\/wp-json\/wp\/v2\/categories?post=53358"},{"taxonomy":"post_tag","embeddable":true,"href":"https:\/\/blog.corretoraideal.com.br\/index.php\/wp-json\/wp\/v2\/tags?post=53358"}],"curies":[{"name":"wp","href":"https:\/\/api.w.org\/{rel}","templated":true}]}}