{"id":53367,"date":"2023-09-26T08:14:19","date_gmt":"2023-09-26T08:14:19","guid":{"rendered":"https:\/\/blog.corretoraideal.com.br\/?p=53367"},"modified":"2023-09-26T08:14:19","modified_gmt":"2023-09-26T08:14:19","slug":"estiagem-baixa-nivel-do-rio-macae-e-ameaca-abastecimento-de-agua-na-cidade-alerta-cedae-norte-fluminense-g1","status":"publish","type":"post","link":"https:\/\/blog.corretoraideal.com.br\/index.php\/2023\/09\/26\/estiagem-baixa-nivel-do-rio-macae-e-ameaca-abastecimento-de-agua-na-cidade-alerta-cedae-norte-fluminense-g1\/","title":{"rendered":"Estiagem baixa n\u00edvel do Rio Maca\u00e9 e amea\u00e7a abastecimento de \u00e1gua na cidade, alerta Cedae | Norte Fluminense | G1"},"content":{"rendered":"<p>      1 de 1&#013;Rio Maca\u00e9 \u2014 Foto: Reprodu\u00e7\u00e3o\/RJ2    <\/p>\n<p> Rio Maca\u00e9 \u2014 Foto: Reprodu\u00e7\u00e3o\/RJ2 <\/p>\n<p> A Companhia Estadual de \u00c1guas e Esgotos no Estado do Rio de Janeiro (Cedae), respons\u00e1vel pelo abastecimento, faz um apelo aos consumidores do munic\u00edpio de <a class href=\"https:\/\/g1.globo.com\/rj\/regiao-dos-lagos\/cidade\/macae\/\">Maca\u00e9<\/a>, na Regi\u00e3o dos Lagos, para que utilizem \u00e1gua de forma equilibrada devido ao per\u00edodo de estiagem. <\/p>\n<p> Segundo a empresa, o n\u00edvel do Rio Maca\u00e9, de onde a companhia capta \u00e1gua para tratamento, encontra-se com o sistema de produ\u00e7\u00e3o de \u00e1gua operando apenas com 85% de sua capacidade total, o que est\u00e1 bem abaixo do padr\u00e3o normal. <\/p>\n<p> Diante desse cen\u00e1rio, existe a possibilidade de redu\u00e7\u00e3o no fornecimento de \u00e1gua, especialmente em \u00e1reas de elevada altitude e nas extremidades das redes de distribui\u00e7\u00e3o na cidade. <\/p>\n<p> Equipes de t\u00e9cnicos da Companhia foram mobilizadas para enfrentar os efeitos da falta de chuvas, realizando manobras na rede de distribui\u00e7\u00e3o com o objetivo de minimizar o impacto dessa redu\u00e7\u00e3o no fornecimento de \u00e1gua \u00e0 popula\u00e7\u00e3o. <\/p>\n<p> A Companhia explica que os moradores t\u00eam a op\u00e7\u00e3o de solicitar caminh\u00f5es-pipa para auxiliar no abastecimento, o que pode ser feito pelo telefone. O n\u00famero \u00e9 o <strong>0800-282-1195.<\/strong> <\/p>\n<ul>\n<li> <a href=\"https:\/\/g1.globo.com\/rj\/regiao-dos-lagos\/cidade\/macae\/\" class=\"entities__list-itemLink\" data-track-click=\"Maca\u00e9\"> Maca\u00e9 <\/a> <\/li>\n<\/ul>\n","protected":false},"excerpt":{"rendered":"<p>1 de 1&#013;Rio Maca\u00e9 \u2014 Foto: Reprodu\u00e7\u00e3o\/RJ2 Rio Maca\u00e9 \u2014 Foto: Reprodu\u00e7\u00e3o\/RJ2 A Companhia Estadual de \u00c1guas e Esgotos no Estado do Rio de Janeiro (Cedae), respons\u00e1vel pelo abastecimento, faz um apelo aos consumidores do munic\u00edpio de Maca\u00e9, na Regi\u00e3o dos Lagos, para que utilizem \u00e1gua de forma equilibrada devido ao per\u00edodo de estiagem. Segundo [&hellip;]<\/p>\n","protected":false},"author":1,"featured_media":0,"comment_status":"closed","ping_status":"closed","sticky":false,"template":"","format":"standard","meta":{"footnotes":""},"categories":[],"tags":[],"class_list":["post-53367","post","type-post","status-publish","format-standard","hentry"],"_links":{"self":[{"href":"https:\/\/blog.corretoraideal.com.br\/index.php\/wp-json\/wp\/v2\/posts\/53367","targetHints":{"allow":["GET"]}}],"collection":[{"href":"https:\/\/blog.corretoraideal.com.br\/index.php\/wp-json\/wp\/v2\/posts"}],"about":[{"href":"https:\/\/blog.corretoraideal.com.br\/index.php\/wp-json\/wp\/v2\/types\/post"}],"author":[{"embeddable":true,"href":"https:\/\/blog.corretoraideal.com.br\/index.php\/wp-json\/wp\/v2\/users\/1"}],"replies":[{"embeddable":true,"href":"https:\/\/blog.corretoraideal.com.br\/index.php\/wp-json\/wp\/v2\/comments?post=53367"}],"version-history":[{"count":1,"href":"https:\/\/blog.corretoraideal.com.br\/index.php\/wp-json\/wp\/v2\/posts\/53367\/revisions"}],"predecessor-version":[{"id":53369,"href":"https:\/\/blog.corretoraideal.com.br\/index.php\/wp-json\/wp\/v2\/posts\/53367\/revisions\/53369"}],"wp:attachment":[{"href":"https:\/\/blog.corretoraideal.com.br\/index.php\/wp-json\/wp\/v2\/media?parent=53367"}],"wp:term":[{"taxonomy":"category","embeddable":true,"href":"https:\/\/blog.corretoraideal.com.br\/index.php\/wp-json\/wp\/v2\/categories?post=53367"},{"taxonomy":"post_tag","embeddable":true,"href":"https:\/\/blog.corretoraideal.com.br\/index.php\/wp-json\/wp\/v2\/tags?post=53367"}],"curies":[{"name":"wp","href":"https:\/\/api.w.org\/{rel}","templated":true}]}}