{"id":53385,"date":"2023-09-26T15:35:30","date_gmt":"2023-09-26T15:35:30","guid":{"rendered":"https:\/\/blog.corretoraideal.com.br\/?p=53385"},"modified":"2023-09-26T15:35:30","modified_gmt":"2023-09-26T15:35:30","slug":"governo-lanca-programa-para-organizar-emaranhado-de-fios-nos-postes-das-cidades-brasileiras-politica-g1","status":"publish","type":"post","link":"https:\/\/blog.corretoraideal.com.br\/index.php\/2023\/09\/26\/governo-lanca-programa-para-organizar-emaranhado-de-fios-nos-postes-das-cidades-brasileiras-politica-g1\/","title":{"rendered":"Governo lan\u00e7a programa para organizar emaranhado de fios nos postes das cidades brasileiras | Pol\u00edtica | G1"},"content":{"rendered":"\n<p> Os ministros Juscelino Filho (Comunica\u00e7\u00f5es) e Alexandre Silveira (Minas e Energia) assinaram nesta ter\u00e7a-feira (26) portaria com regras para tentar organizar os fios nos postes das cidades brasileiras. <\/p>\n<p> A medida cria o Programa Nacional de Compartilhamento de Postes, ou &quot;programa Poste Legal&quot;, para que os cabos e equipamentos sejam instalados de forma a reduzir o risco para a popula\u00e7\u00e3o e minimizar o &quot;impacto visual&quot; dos emaranhados de cabos. <\/p>\n<p> &quot;\u00c9 um primeiro passo para resolver o problema&quot;, afirmou o ministro Alexandre Silveira. <\/p>\n<p> Depois da portaria, <a class href=\"https:\/\/g1.globo.com\/economia\/noticia\/2022\/05\/02\/aneel-e-anatel-discutem-proposta-para-diminuir-emaranhados-de-fios-em-postes-de-energia.ghtml\">uma regulamenta\u00e7\u00e3o conjunta feita pela ag\u00eancias reguladoras de energia (Aneel) e telecomunica\u00e7\u00f5es (Anatel)<\/a> ser\u00e1 publicada com todas as regras para as empresas seguirem. <\/p>\n<p>                   <img loading=\"lazy\" decoding=\"async\" class=\"aligncenter size-full wp-image-53387\" src=\"https:\/\/blog.corretoraideal.com.br\/wp-content\/uploads\/2023\/09\/um-emaranhado-de-fios-nos-postes-de-varias-cidades-do-df.jpeg\" alt=\"Um emaranhado de fios nos postes de v\u00e1rias cidades do DF\" width=\"800\" height=\"400\" \/>      <\/p>\n<p> Um emaranhado de fios nos postes de v\u00e1rias cidades do DF <\/p>\n<p><h2>Problema de infraestrutura<\/h2>\n<\/p>\n<p> Atualmente, os postes de energia el\u00e9trica s\u00e3o compartilhados entre empresas de energia e de telecomunica\u00e7\u00f5es. <\/p>\n<p> Por\u00e9m, com a maior procura por servi\u00e7os como internet banda larga e telefonia m\u00f3vel, a grande ocupa\u00e7\u00e3o dessas estruturas se tornou um problema. Fios soltos, enrolados e mal instalados se tornaram paisagem comum nos munic\u00edpios do pa\u00eds. <\/p>\n<p> O ministro Juscelino Filho informou que esse documento assinado hoje vai ser importante, j\u00e1 que s\u00e3o estruturas que fazem parte do dia a dia. &quot;Hoje, 65 milh\u00f5es de resid\u00eancia possuem internet gra\u00e7as aos postes&quot;, disse. <\/p>\n<p> Segundo os minist\u00e9rios, a maior organiza\u00e7\u00e3o do uso dessas estruturas deve proporcionar uma redu\u00e7\u00e3o de custos operacionais \u00e0s empresas que utilizam os postes e com isso refletir em uma redu\u00e7\u00e3o nos custos para o consumidor. <\/p>\n<p> O conselheiro da Anatel Arthur Coimbra, durante o evento se felicitou com a assinatura do documento. &quot;Vai orientar o trabalho das ag\u00eancias&quot;, afirmou se referindo \u00e0 regula\u00e7\u00e3o que ser\u00e1 feita em conjunto pela Anatel e Aneel. <\/p>\n<p> O problema nas cidades n\u00e3o \u00e9 novo. <strong>Relembre na reportagem abaixo, de 2014:<\/strong> <\/p>\n<p>                   <img loading=\"lazy\" decoding=\"async\" class=\"aligncenter size-full wp-image-53388\" src=\"https:\/\/blog.corretoraideal.com.br\/wp-content\/uploads\/2023\/09\/emaranhados-de-fios-se-multiplicam-nos-postes-de-todo-o-pais.jpeg\" alt=\"Emaranhados de fios se multiplicam nos postes de todo o pa\u00eds\" width=\"800\" height=\"400\" \/>      <\/p>\n<p> Emaranhados de fios se multiplicam nos postes de todo o pa\u00eds <\/p>\n<p><h2>Entenda como funciona<\/h2>\n<\/p>\n<p> Em linhas gerais, as empresas de internet, telefone e TV por assinatura solicitam o uso compartilhado dos postes \u00e0s distribuidoras de energia el\u00e9trica. <\/p>\n<p> Caso o pedido seja aceito, as empresas de telecomunica\u00e7\u00f5es devem realizar a instala\u00e7\u00e3o, seguindo as diretrizes estipuladas pela Anatel e Aneel em regulamenta\u00e7\u00e3o que ainda vai ser publicada. <\/p>\n<p> Ap\u00f3s essa etapa, as empresas de servi\u00e7os de telecomunica\u00e7\u00f5es far\u00e3o o pagamento \u00e0 distribuidora de energia pelo uso da estrutura. Esse valor ainda n\u00e3o foi determinado. <\/p>\n<ul> <\/ul>\n","protected":false},"excerpt":{"rendered":"<p>Os ministros Juscelino Filho (Comunica\u00e7\u00f5es) e Alexandre Silveira (Minas e Energia) assinaram nesta ter\u00e7a-feira (26) portaria com regras para tentar organizar os fios nos postes das cidades brasileiras. A medida cria o Programa Nacional de Compartilhamento de Postes, ou &quot;programa Poste Legal&quot;, para que os cabos e equipamentos sejam instalados de forma a reduzir o [&hellip;]<\/p>\n","protected":false},"author":1,"featured_media":0,"comment_status":"closed","ping_status":"closed","sticky":false,"template":"","format":"standard","meta":{"footnotes":""},"categories":[],"tags":[],"class_list":["post-53385","post","type-post","status-publish","format-standard","hentry"],"_links":{"self":[{"href":"https:\/\/blog.corretoraideal.com.br\/index.php\/wp-json\/wp\/v2\/posts\/53385","targetHints":{"allow":["GET"]}}],"collection":[{"href":"https:\/\/blog.corretoraideal.com.br\/index.php\/wp-json\/wp\/v2\/posts"}],"about":[{"href":"https:\/\/blog.corretoraideal.com.br\/index.php\/wp-json\/wp\/v2\/types\/post"}],"author":[{"embeddable":true,"href":"https:\/\/blog.corretoraideal.com.br\/index.php\/wp-json\/wp\/v2\/users\/1"}],"replies":[{"embeddable":true,"href":"https:\/\/blog.corretoraideal.com.br\/index.php\/wp-json\/wp\/v2\/comments?post=53385"}],"version-history":[{"count":1,"href":"https:\/\/blog.corretoraideal.com.br\/index.php\/wp-json\/wp\/v2\/posts\/53385\/revisions"}],"predecessor-version":[{"id":53389,"href":"https:\/\/blog.corretoraideal.com.br\/index.php\/wp-json\/wp\/v2\/posts\/53385\/revisions\/53389"}],"wp:attachment":[{"href":"https:\/\/blog.corretoraideal.com.br\/index.php\/wp-json\/wp\/v2\/media?parent=53385"}],"wp:term":[{"taxonomy":"category","embeddable":true,"href":"https:\/\/blog.corretoraideal.com.br\/index.php\/wp-json\/wp\/v2\/categories?post=53385"},{"taxonomy":"post_tag","embeddable":true,"href":"https:\/\/blog.corretoraideal.com.br\/index.php\/wp-json\/wp\/v2\/tags?post=53385"}],"curies":[{"name":"wp","href":"https:\/\/api.w.org\/{rel}","templated":true}]}}