{"id":53390,"date":"2023-09-26T17:30:36","date_gmt":"2023-09-26T17:30:36","guid":{"rendered":"https:\/\/blog.corretoraideal.com.br\/?p=53390"},"modified":"2023-09-26T17:30:36","modified_gmt":"2023-09-26T17:30:36","slug":"governo-da-franca-recebe-atualizacao-do-software-da-apple-apos-suspensao-da-venda-do-iphone-12-tecnologia-g1","status":"publish","type":"post","link":"https:\/\/blog.corretoraideal.com.br\/index.php\/2023\/09\/26\/governo-da-franca-recebe-atualizacao-do-software-da-apple-apos-suspensao-da-venda-do-iphone-12-tecnologia-g1\/","title":{"rendered":"Governo da Fran\u00e7a recebe atualiza\u00e7\u00e3o do software da Apple ap\u00f3s suspens\u00e3o da venda do iphone 12 | Tecnologia | G1"},"content":{"rendered":"<p>      1 de 1&#013;Pe\u00e7as para iPhones 12 e 13 ser\u00e3o vendidas pela Apple \u2014 Foto: Getty Images via BBC    <\/p>\n<p> Pe\u00e7as para iPhones 12 e 13 ser\u00e3o vendidas pela Apple \u2014 Foto: Getty Images via BBC <\/p>\n<p> Autoridades francesas receberam nesta ter\u00e7a-feira (26) uma atualiza\u00e7\u00e3o de software da <a class href=\"https:\/\/g1.globo.com\/tudo-sobre\/apple\/\">Apple<\/a> para seu iPhone 12, lan\u00e7ado em 2020. O novo sistema <strong>ainda ser\u00e1 avaliado em rela\u00e7\u00e3o ao problema de radia\u00e7\u00e3o<\/strong>, segundo a ag\u00eancia de not\u00edcias Reuters. <\/p>\n<p> Segundo o governo da Fran\u00e7a, o produto excede os limites de valores de ondas eletromagn\u00e9ticas emitidas e que depois ser\u00e3o absorvidas pelo corpo humano, de acordo com a Ag\u00eancia Nacional de Frequ\u00eancias (ANFR). <\/p>\n<p> A Apple disse \u00e0 Reuters que iria atualizar o software <a class href=\"https:\/\/g1.globo.com\/tecnologia\/noticia\/2023\/09\/15\/por-que-o-iphone-12-foi-barrado-na-franca-e-passara-por-avaliacao-da-anatel-no-brasil.ghtml\">depois que o governo franc\u00eas suspendeu as vendas dos telefones no in\u00edcio de setembro ap\u00f3s testes mostrarem viola\u00e7\u00f5es dos limites de exposi\u00e7\u00e3o \u00e0 radia\u00e7\u00e3o<\/a>. <\/p>\n<p> O governo pediu que a Apple &quot;<strong>utilize todos os meios dispon\u00edveis para remediar rapidamente essa falha&quot; nos exemplares que j\u00e1 foram vendidos<\/strong>. <\/p>\n<p> O ministro franc\u00eas respons\u00e1vel pelo setor digital, Jean-No\u00ebl Barrot, disse que, para cumprir as regulamenta\u00e7\u00f5es, uma simples atualiza\u00e7\u00e3o de software do iPhone 12 seria suficiente. <\/p>\n<p>Especificamente, o iPhone 12 excede em 1,74 W por quilograma (W\/kg) o valor limite regulamentar correspondente \u00e0 energia que o corpo humano pode absorver quando o telefone \u00e9 segurado na m\u00e3o.<\/p>\n<p> &quot;Confio no senso de responsabilidade da empresa para cumprir nossas regras. Minha miss\u00e3o \u00e9 fazer com que sejam respeitadas. Se n\u00e3o o fizerem, estou pronto para ordenar a retirada do iPhone 12 de circula\u00e7\u00e3o&quot;, disse Jean-No\u00ebl Barrot. <\/p>\n<p><h2>Leia tamb\u00e9m<\/h2>\n<\/p>\n<ul>\n<li><a class href=\"https:\/\/g1.globo.com\/tecnologia\/noticia\/2023\/09\/22\/pre-venda-do-iphone-15-no-brasil-comeca-na-proxima-quarta-confira-os-precos.ghtml\">Pr\u00e9-venda do iPhone 15 no Brasil come\u00e7a na pr\u00f3xima quarta; confira os pre\u00e7os<\/a><\/li>\n<li><a class href=\"https:\/\/g1.globo.com\/tecnologia\/noticia\/2023\/09\/20\/como-transformar-uma-foto-em-arquivo-de-texto-no-android-e-no-iphone.ghtml\">Como transformar uma foto em arquivo de texto no Android e no iPhone<\/a><\/li>\n<li><a class href=\"https:\/\/g1.globo.com\/tecnologia\/noticia\/2023\/09\/12\/o-que-e-usb-c-padrao-de-conexao-que-o-iphone-passa-a-adotar-depois-de-pressao-sobre-a-apple.ghtml\">O que \u00e9 USB-C, padr\u00e3o de conex\u00e3o que o iPhone passa a adotar<\/a><\/li>\n<\/ul>\n<p><h2>Veja detalhes do novo iPhone 15<\/h2>\n<\/p>\n<p>                   <img loading=\"lazy\" decoding=\"async\" class=\"aligncenter size-full wp-image-53392\" src=\"https:\/\/blog.corretoraideal.com.br\/wp-content\/uploads\/2023\/09\/apple-anuncia-o-lancamento-do-iphone-15-e-outras-novidades-11.jpeg\" alt=\"Apple anuncia o lan\u00e7amento do iPhone 15 e outras novidades\" width=\"800\" height=\"400\" \/>      <\/p>\n<p> Apple anuncia o lan\u00e7amento do iPhone 15 e outras novidades <\/p>\n<p><h2>Transformar foto em arquivo de texto; saiba como<\/h2>\n<\/p>\n<p>                   <img loading=\"lazy\" decoding=\"async\" class=\"aligncenter size-full wp-image-53393\" src=\"https:\/\/blog.corretoraideal.com.br\/wp-content\/uploads\/2023\/09\/como-transformar-uma-foto-em-arquivo-de-texto-no-android-e-no-iphone-5.jpeg\" alt=\"Como transformar uma foto em arquivo de texto no Android e no iPhone\" width=\"800\" height=\"400\" \/>      <\/p>\n<p> Como transformar uma foto em arquivo de texto no Android e no iPhone <\/p>\n<ul>\n<li> <a href=\"https:\/\/g1.globo.com\/tudo-sobre\/apple\/\" class=\"entities__list-itemLink\" data-track-click=\"Apple\"> Apple <\/a> <\/li>\n<\/ul>\n","protected":false},"excerpt":{"rendered":"<p>1 de 1&#013;Pe\u00e7as para iPhones 12 e 13 ser\u00e3o vendidas pela Apple \u2014 Foto: Getty Images via BBC Pe\u00e7as para iPhones 12 e 13 ser\u00e3o vendidas pela Apple \u2014 Foto: Getty Images via BBC Autoridades francesas receberam nesta ter\u00e7a-feira (26) uma atualiza\u00e7\u00e3o de software da Apple para seu iPhone 12, lan\u00e7ado em 2020. O novo [&hellip;]<\/p>\n","protected":false},"author":1,"featured_media":0,"comment_status":"closed","ping_status":"closed","sticky":false,"template":"","format":"standard","meta":{"footnotes":""},"categories":[],"tags":[],"class_list":["post-53390","post","type-post","status-publish","format-standard","hentry"],"_links":{"self":[{"href":"https:\/\/blog.corretoraideal.com.br\/index.php\/wp-json\/wp\/v2\/posts\/53390","targetHints":{"allow":["GET"]}}],"collection":[{"href":"https:\/\/blog.corretoraideal.com.br\/index.php\/wp-json\/wp\/v2\/posts"}],"about":[{"href":"https:\/\/blog.corretoraideal.com.br\/index.php\/wp-json\/wp\/v2\/types\/post"}],"author":[{"embeddable":true,"href":"https:\/\/blog.corretoraideal.com.br\/index.php\/wp-json\/wp\/v2\/users\/1"}],"replies":[{"embeddable":true,"href":"https:\/\/blog.corretoraideal.com.br\/index.php\/wp-json\/wp\/v2\/comments?post=53390"}],"version-history":[{"count":1,"href":"https:\/\/blog.corretoraideal.com.br\/index.php\/wp-json\/wp\/v2\/posts\/53390\/revisions"}],"predecessor-version":[{"id":53394,"href":"https:\/\/blog.corretoraideal.com.br\/index.php\/wp-json\/wp\/v2\/posts\/53390\/revisions\/53394"}],"wp:attachment":[{"href":"https:\/\/blog.corretoraideal.com.br\/index.php\/wp-json\/wp\/v2\/media?parent=53390"}],"wp:term":[{"taxonomy":"category","embeddable":true,"href":"https:\/\/blog.corretoraideal.com.br\/index.php\/wp-json\/wp\/v2\/categories?post=53390"},{"taxonomy":"post_tag","embeddable":true,"href":"https:\/\/blog.corretoraideal.com.br\/index.php\/wp-json\/wp\/v2\/tags?post=53390"}],"curies":[{"name":"wp","href":"https:\/\/api.w.org\/{rel}","templated":true}]}}