{"id":53395,"date":"2023-09-26T20:53:17","date_gmt":"2023-09-26T20:53:17","guid":{"rendered":"https:\/\/blog.corretoraideal.com.br\/?p=53395"},"modified":"2023-09-26T20:53:17","modified_gmt":"2023-09-26T20:53:17","slug":"obras-na-estrada-do-sana-em-macae-devem-comecar-em-outubro-projeto-sera-presentado-a-populacao-nesta-quarta-norte-fluminense-g1","status":"publish","type":"post","link":"https:\/\/blog.corretoraideal.com.br\/index.php\/2023\/09\/26\/obras-na-estrada-do-sana-em-macae-devem-comecar-em-outubro-projeto-sera-presentado-a-populacao-nesta-quarta-norte-fluminense-g1\/","title":{"rendered":"Obras na Estrada do Sana, em Maca\u00e9, devem come\u00e7ar em outubro; projeto ser\u00e1 presentado \u00e0 popula\u00e7\u00e3o nesta quarta | Norte Fluminense | G1"},"content":{"rendered":"<p>      1 de 1&#013;Obras na Estrada do Sana devem come\u00e7ar na primeira quinzena de outubro \u2014 Foto: Prefeitura de Maca\u00e9\/Divulga\u00e7\u00e3o    <\/p>\n<p> Obras na Estrada do Sana devem come\u00e7ar na primeira quinzena de outubro \u2014 Foto: Prefeitura de Maca\u00e9\/Divulga\u00e7\u00e3o <\/p>\n<p> As obras na Estrada do Sana, em <a class href=\"https:\/\/g1.globo.com\/rj\/regiao-dos-lagos\/cidade\/macae\/\">Maca\u00e9<\/a>, no Norte Fluminense, devem come\u00e7ar na primeira quinzena de outubro, conforme divulgado pela Secretaria de Obras do munic\u00edpio. O projeto de pavimenta\u00e7\u00e3o e drenagem, considerado complexo, ser\u00e1 apresentado \u00e0 popula\u00e7\u00e3o nesta quarta-feira (27), \u00e0s 19h, no espa\u00e7o Toca do Lobo, na Rua da Gl\u00f3ria. <\/p>\n<p> O trabalho compreende o trecho que vai do portal do Sana at\u00e9 a Cabeceira, com recupera\u00e7\u00e3o da pavimenta\u00e7\u00e3o interna do arraial. <\/p>\n<p> &quot;Os trabalhos iniciam em aproximadamente 15 dias. \u00c9 um servi\u00e7o com alto grau de complexidade. A popula\u00e7\u00e3o local estava desacreditada de que esta obra seria feita, mas estaremos come\u00e7ando na primeira quinzena de outubro&quot;, informou Felipe Bastos, secret\u00e1rio adjunto de Obras. <\/p>\n<p><h2>Trechos em obras:<\/h2>\n<\/p>\n<ul>\n<li>Do Portal do Sana ao Arraial do Sana a extens\u00e3o \u00e9 de 6,59 quil\u00f4metros<\/li>\n<li>Do Arraial do Sana \u00e0 Cabeceira do Sana a extens\u00e3o \u00e9 de 6,36 quil\u00f4metros<\/li>\n<li>Do trecho do Arraial, em um quil\u00f4metro e 390 metros, ser\u00e1 feita a recupera\u00e7\u00e3o da pavimenta\u00e7\u00e3o existente em paralelep\u00edpedo<\/li>\n<\/ul>\n<p> A Secretaria de Obras explica que o objetivo da drenagem na Estrada do Sana \u00e9 canalizar o fluxo da \u00e1gua pluvial ao longo da pista e nas travessias, evitando danos \u00e0 obra e acidentes. <\/p>\n<p> &quot;A drenagem ocorrer\u00e1 a partir da escava\u00e7\u00e3o mec\u00e2nica para coloca\u00e7\u00e3o de tubula\u00e7\u00f5es de concreto armado de 400 at\u00e9 1.750 mil\u00edmetros de di\u00e2metro e canal pr\u00e9-fabricado em U com tampa em concreto protendido&quot;, divulgou o munic\u00edpio. <\/p>\n<p> O projeto de implanta\u00e7\u00e3o prev\u00ea, conforme explica Felipe Bastos, a conforma\u00e7\u00e3o da estrada com aterro e cortes. <\/p>\n<p> O prefeito de Maca\u00e9, Welberth Rezende, estar\u00e1 presente na apresenta\u00e7\u00e3o do projeto aos moradores nesta quarta. Ele lembra da import\u00e2ncia da obra para a comunidade e turismo local. <\/p>\n<p> &quot;\u00c9 uma obra que vai impactar na sa\u00fade, na educa\u00e7\u00e3o e na melhoria na qualidade de vida dos moradores da Serra. Al\u00e9m, \u00e9 claro, de incrementar o turismo na regi\u00e3o. Essa talvez seja uma das obras mais emblem\u00e1ticas que estaremos entregando&quot;, afirmou Welberth. <\/p>\n<ul>\n<li> <a href=\"https:\/\/g1.globo.com\/rj\/regiao-dos-lagos\/cidade\/macae\/\" class=\"entities__list-itemLink\" data-track-click=\"Maca\u00e9\"> Maca\u00e9 <\/a> <\/li>\n<\/ul>\n","protected":false},"excerpt":{"rendered":"<p>1 de 1&#013;Obras na Estrada do Sana devem come\u00e7ar na primeira quinzena de outubro \u2014 Foto: Prefeitura de Maca\u00e9\/Divulga\u00e7\u00e3o Obras na Estrada do Sana devem come\u00e7ar na primeira quinzena de outubro \u2014 Foto: Prefeitura de Maca\u00e9\/Divulga\u00e7\u00e3o As obras na Estrada do Sana, em Maca\u00e9, no Norte Fluminense, devem come\u00e7ar na primeira quinzena de outubro, conforme [&hellip;]<\/p>\n","protected":false},"author":1,"featured_media":0,"comment_status":"closed","ping_status":"closed","sticky":false,"template":"","format":"standard","meta":{"footnotes":""},"categories":[],"tags":[],"class_list":["post-53395","post","type-post","status-publish","format-standard","hentry"],"_links":{"self":[{"href":"https:\/\/blog.corretoraideal.com.br\/index.php\/wp-json\/wp\/v2\/posts\/53395","targetHints":{"allow":["GET"]}}],"collection":[{"href":"https:\/\/blog.corretoraideal.com.br\/index.php\/wp-json\/wp\/v2\/posts"}],"about":[{"href":"https:\/\/blog.corretoraideal.com.br\/index.php\/wp-json\/wp\/v2\/types\/post"}],"author":[{"embeddable":true,"href":"https:\/\/blog.corretoraideal.com.br\/index.php\/wp-json\/wp\/v2\/users\/1"}],"replies":[{"embeddable":true,"href":"https:\/\/blog.corretoraideal.com.br\/index.php\/wp-json\/wp\/v2\/comments?post=53395"}],"version-history":[{"count":1,"href":"https:\/\/blog.corretoraideal.com.br\/index.php\/wp-json\/wp\/v2\/posts\/53395\/revisions"}],"predecessor-version":[{"id":53397,"href":"https:\/\/blog.corretoraideal.com.br\/index.php\/wp-json\/wp\/v2\/posts\/53395\/revisions\/53397"}],"wp:attachment":[{"href":"https:\/\/blog.corretoraideal.com.br\/index.php\/wp-json\/wp\/v2\/media?parent=53395"}],"wp:term":[{"taxonomy":"category","embeddable":true,"href":"https:\/\/blog.corretoraideal.com.br\/index.php\/wp-json\/wp\/v2\/categories?post=53395"},{"taxonomy":"post_tag","embeddable":true,"href":"https:\/\/blog.corretoraideal.com.br\/index.php\/wp-json\/wp\/v2\/tags?post=53395"}],"curies":[{"name":"wp","href":"https:\/\/api.w.org\/{rel}","templated":true}]}}