{"id":53406,"date":"2023-09-27T01:02:08","date_gmt":"2023-09-27T01:02:08","guid":{"rendered":"https:\/\/blog.corretoraideal.com.br\/?p=53406"},"modified":"2023-09-27T01:02:08","modified_gmt":"2023-09-27T01:02:08","slug":"regulador-dos-estados-unidos-processa-amazon-por-quebrar-lei-antitruste-e-prejudicar-consumidores-economia-g1","status":"publish","type":"post","link":"https:\/\/blog.corretoraideal.com.br\/index.php\/2023\/09\/27\/regulador-dos-estados-unidos-processa-amazon-por-quebrar-lei-antitruste-e-prejudicar-consumidores-economia-g1\/","title":{"rendered":"Regulador dos Estados Unidos processa Amazon por quebrar lei antitruste e prejudicar consumidores | Economia | G1"},"content":{"rendered":"<p>      1 de 1&#013;Amazon anuncia nova rodada de demiss\u00f5es e corta 9 mil funcion\u00e1rios \u2014 Foto: REUTERS\/Pascal Rossignol\/Foto de arquivo    <\/p>\n<p> Amazon anuncia nova rodada de demiss\u00f5es e corta 9 mil funcion\u00e1rios \u2014 Foto: REUTERS\/Pascal Rossignol\/Foto de arquivo <\/p>\n<p> A Comiss\u00e3o Federal de Com\u00e9rcio (FTC, na sigla em ingl\u00eas) dos Estados Unidos entrou com uma a\u00e7\u00e3o antitruste contra a <a class href=\"https:\/\/g1.globo.com\/tudo-sobre\/amazon\/\">Amazon<\/a>.com nesta ter\u00e7a-feira (26). <\/p>\n<p> O processo \u2014 feito como parte da \u00faltima a\u00e7\u00e3o legal do governo norte-americano, que visa quebrar o dom\u00ednio das gigantes de tecnologia, tamb\u00e9m chamadas de &quot;Big Techs&quot;, na internet \u2014 acusa a varejista de prejudicar consumidores por meio de pre\u00e7os mais altos. <\/p>\n<p> O processo j\u00e1 era esperado, uma vez que h\u00e1 anos a companhia, junto a outras grandes empresas do setor, recebem reclama\u00e7\u00f5es sobre terem abusado de seus dom\u00ednios de busca, m\u00eddias sociais e varejo digital, tornando-se os guardi\u00f5es dos aspectos mais lucrativos da internet. <\/p>\n<p> O processo ainda teve a participa\u00e7\u00e3o de 17 procuradores-gerais estaduais e segue n\u00e3o apenas uma investiga\u00e7\u00e3o de quatro anos, como uma s\u00e9rie de a\u00e7\u00f5es federais movidas contra a <a class href=\"https:\/\/g1.globo.com\/tudo-sobre\/alphabet\/\">Alphabet<\/a>, do <a class href=\"https:\/\/g1.globo.com\/tudo-sobre\/google\/\">Google<\/a>, e o <a class href=\"https:\/\/g1.globo.com\/tudo-sobre\/facebook\/\">Facebook<\/a>, da Meta Platforms. <\/p>\n<p> &quot;O FTC e seus parceiros estaduais afirmam que as a\u00e7\u00f5es da Amazon impedem que rivais vendedores baixem os pre\u00e7os, degradam a qualidade [dos produtos] para os consumidores, sobrecarregam vendedores, sufocam a inova\u00e7\u00e3o e evitam que rivais concorram de forma justa com a Amazon&quot;, disse a ag\u00eancia reguladora em comunicado. <\/p>\n<p> O FTC afirmou, ainda, que pediu que o tribunal emitisse uma liminar permanente, ordenando que a Amazon.com interrompesse sua conduta ilegal. O processo foi movido no tribunal federal de Seattle, onde a Amazon est\u00e1 sediada. <\/p>\n<p><h2>A\u00e7\u00f5es da Amazon caem 3%<\/h2>\n<\/p>\n<p> A Amazon disse que o processo movido pela FTC foi equivocado e afirmou que prejudicaria os consumidores ao levar a pre\u00e7os mais altos e entregas mais lentas. <\/p>\n<p> \u201cAs pr\u00e1ticas que a FTC est\u00e1 desafiando ajudaram a estimular a concorr\u00eancia e a inova\u00e7\u00e3o em todo o setor de varejo e produziram maior sele\u00e7\u00e3o, pre\u00e7os mais baixos e entregas mais r\u00e1pidas para os clientes da Amazon&quot; afirmou o conselheiro geral da Amazon David Zapolsky, acrescentando que essas pr\u00e1ticas tamb\u00e9m geraram maiores oportunidades para empresas que vendem no marketplace da companhia. <\/p>\n<p>                   <img loading=\"lazy\" decoding=\"async\" class=\"aligncenter size-full wp-image-53408\" src=\"https:\/\/blog.corretoraideal.com.br\/wp-content\/uploads\/2023\/09\/reuters-se-torna-parceira-da-amazon-agency.jpeg\" alt=\"Reuters se torna parceira da Amazon Agency\" width=\"800\" height=\"400\" \/>      <\/p>\n<p> Reuters se torna parceira da Amazon Agency <\/p>\n<p> A FTC disse que a Amazon, fundada em 1994 e que vale mais de US$ 1 bilh\u00e3o, puniu os vendedores que procuravam oferecer pre\u00e7os inferiores, tornando dif\u00edcil aos consumidores encontrar o vendedor na plataforma da companhia. <\/p>\n<p> Outras alega\u00e7\u00f5es incluem que a Amazon deu prefer\u00eancia aos seus pr\u00f3prios produtos em detrimento aos de seus concorrentes em sua plataforma. <\/p>\n<p><h2>&#x27;Poder de Monop\u00f3lio&#x27;<\/h2>\n<\/p>\n<p> A presidente da FTC, Lina Khan, disse que a Amazon usou t\u00e1ticas ilegais para afastar empresas que teriam se levantado para desafiar seu monop\u00f3lio. <\/p>\n<p> \u201cA Amazon agora explora esse poder de monop\u00f3lio para prejudicar os seus clientes, tanto as dezenas de milh\u00f5es de fam\u00edlias que compram na plataforma da Amazon como as centenas de milhares de vendedores que usam a Amazon para os alcan\u00e7ar\u201d, afirmou. <\/p>\n<p> Khan, quando era estudante de direito, escreveu sobre o dom\u00ednio da Amazon.com no varejo online para o &quot;The Yale Law Journal&quot;. Ela tamb\u00e9m fez parte da equipe do comit\u00ea da C\u00e2mara que escreveu um relat\u00f3rio publicado em 2020, que defendia o controle de quatro gigantes da tecnologia: Amazon.com , <a class href=\"https:\/\/g1.globo.com\/tudo-sobre\/apple\/\">Apple<\/a>, Google e Facebook. <\/p>\n<p><h2>Cr\u00edticos da Amazon veem processo com bons olhos<\/h2>\n<\/p>\n<p> &quot;Nenhuma empresa centralizou tanto poder em tantos setores cruciais. Se n\u00e3o for controlado, o poder de ditar e controlar da Amazon amea\u00e7a o estado de direito e a nossa capacidade de manter mercados abertos e governados democraticamente&quot;, disse Stacy Mitchell, do Institute for Local Self-Reliance que pressionou o governo a agir contra a gigante do varejo online. <\/p>\n<p> A necessidade de tomar medidas contra as Big Techs tem sido uma das poucas ideias com as quais Democratas e Republicanos concordam. Durante a administra\u00e7\u00e3o Trump, que terminou em 2021, o Departamento de Justi\u00e7a norte-americano e a FTC abriram investiga\u00e7\u00f5es sobre Google, Facebook, Apple e Amazon. <\/p>\n<p> O Departamento de Justi\u00e7a processou o Google duas vezes \u2013 uma vez sob o governo do republicano <a class href=\"https:\/\/g1.globo.com\/tudo-sobre\/donald-trump\/\">Donald Trump<\/a> por causa de seu neg\u00f3cio de buscas e uma segunda vez por tecnologia de publicidade, desde que o presidente democrata <a class href=\"https:\/\/g1.globo.com\/tudo-sobre\/joe-biden\/\">Joe Biden<\/a> assumiu o cargo. <\/p>\n<ul>\n<li> <a href=\"https:\/\/g1.globo.com\/tudo-sobre\/alphabet\/\" class=\"entities__list-itemLink\" data-track-click=\"Alphabet\"> Alphabet <\/a> <\/li>\n<li> <a href=\"https:\/\/g1.globo.com\/tudo-sobre\/amazon\/\" class=\"entities__list-itemLink\" data-track-click=\"Amazon\"> Amazon <\/a> <\/li>\n<li> <a href=\"https:\/\/g1.globo.com\/tudo-sobre\/apple\/\" class=\"entities__list-itemLink\" data-track-click=\"Apple\"> Apple <\/a> <\/li>\n<li> <a href=\"https:\/\/g1.globo.com\/tudo-sobre\/donald-trump\/\" class=\"entities__list-itemLink\" data-track-click=\"Donald Trump\"> Donald Trump <\/a> <\/li>\n<li> <a href=\"https:\/\/g1.globo.com\/tudo-sobre\/facebook\/\" class=\"entities__list-itemLink\" data-track-click=\"Facebook\"> Facebook <\/a> <\/li>\n<li> <a href=\"https:\/\/g1.globo.com\/tudo-sobre\/google\/\" class=\"entities__list-itemLink\" data-track-click=\"Google\"> Google <\/a> <\/li>\n<li> <a href=\"https:\/\/g1.globo.com\/tudo-sobre\/joe-biden\/\" class=\"entities__list-itemLink\" data-track-click=\"Joe Biden\"> Joe Biden <\/a> <\/li>\n<\/ul>\n","protected":false},"excerpt":{"rendered":"<p>1 de 1&#013;Amazon anuncia nova rodada de demiss\u00f5es e corta 9 mil funcion\u00e1rios \u2014 Foto: REUTERS\/Pascal Rossignol\/Foto de arquivo Amazon anuncia nova rodada de demiss\u00f5es e corta 9 mil funcion\u00e1rios \u2014 Foto: REUTERS\/Pascal Rossignol\/Foto de arquivo A Comiss\u00e3o Federal de Com\u00e9rcio (FTC, na sigla em ingl\u00eas) dos Estados Unidos entrou com uma a\u00e7\u00e3o antitruste contra [&hellip;]<\/p>\n","protected":false},"author":1,"featured_media":0,"comment_status":"closed","ping_status":"closed","sticky":false,"template":"","format":"standard","meta":{"footnotes":""},"categories":[],"tags":[],"class_list":["post-53406","post","type-post","status-publish","format-standard","hentry"],"_links":{"self":[{"href":"https:\/\/blog.corretoraideal.com.br\/index.php\/wp-json\/wp\/v2\/posts\/53406","targetHints":{"allow":["GET"]}}],"collection":[{"href":"https:\/\/blog.corretoraideal.com.br\/index.php\/wp-json\/wp\/v2\/posts"}],"about":[{"href":"https:\/\/blog.corretoraideal.com.br\/index.php\/wp-json\/wp\/v2\/types\/post"}],"author":[{"embeddable":true,"href":"https:\/\/blog.corretoraideal.com.br\/index.php\/wp-json\/wp\/v2\/users\/1"}],"replies":[{"embeddable":true,"href":"https:\/\/blog.corretoraideal.com.br\/index.php\/wp-json\/wp\/v2\/comments?post=53406"}],"version-history":[{"count":1,"href":"https:\/\/blog.corretoraideal.com.br\/index.php\/wp-json\/wp\/v2\/posts\/53406\/revisions"}],"predecessor-version":[{"id":53409,"href":"https:\/\/blog.corretoraideal.com.br\/index.php\/wp-json\/wp\/v2\/posts\/53406\/revisions\/53409"}],"wp:attachment":[{"href":"https:\/\/blog.corretoraideal.com.br\/index.php\/wp-json\/wp\/v2\/media?parent=53406"}],"wp:term":[{"taxonomy":"category","embeddable":true,"href":"https:\/\/blog.corretoraideal.com.br\/index.php\/wp-json\/wp\/v2\/categories?post=53406"},{"taxonomy":"post_tag","embeddable":true,"href":"https:\/\/blog.corretoraideal.com.br\/index.php\/wp-json\/wp\/v2\/tags?post=53406"}],"curies":[{"name":"wp","href":"https:\/\/api.w.org\/{rel}","templated":true}]}}