{"id":53410,"date":"2023-09-27T02:46:51","date_gmt":"2023-09-27T02:46:51","guid":{"rendered":"https:\/\/blog.corretoraideal.com.br\/?p=53410"},"modified":"2023-09-27T02:46:51","modified_gmt":"2023-09-27T02:46:51","slug":"conferencia-de-cultura-em-quissama-discute-democracia-e-direito-a-cultura-norte-fluminense-g1","status":"publish","type":"post","link":"https:\/\/blog.corretoraideal.com.br\/index.php\/2023\/09\/27\/conferencia-de-cultura-em-quissama-discute-democracia-e-direito-a-cultura-norte-fluminense-g1\/","title":{"rendered":"Confer\u00eancia de Cultura em Quissam\u00e3 discute &#039;Democracia e Direito \u00e0 Cultura&#039; | Norte Fluminense | G1"},"content":{"rendered":"\n<p> A 4\u00aa Confer\u00eancia de Cultura em <a class href=\"https:\/\/g1.globo.com\/rj\/norte-fluminense\/cidade\/quissama\/\">Quissam\u00e3<\/a>, no Norte Fluminense, ser\u00e1 realizada no dia 4 de outubro e vai discutir o tema &quot;Democracia e Direito \u00e0 Cultura&quot;. O evento abre oportunidade para agentes de cultura do munic\u00edpio debaterem, juntos, pol\u00edticas p\u00fablicas para o setor. <\/p>\n<p> A Confer\u00eancia ser\u00e1 realizada no audit\u00f3rio da Prefeitura. Ser\u00e3o trabalhados dois eixos tem\u00e1ticos. Veja abaixo: <\/p>\n<ul>\n<li><strong>Eixo 1: <\/strong>Democratiza\u00e7\u00e3o do Acesso \u00e0 Cultura e Participa\u00e7\u00e3o Social &amp; Identidade; e Patrim\u00f4nio e Mem\u00f3ria<\/li>\n<li><strong>Eixo 2: <\/strong>Diversidade Cultural e Transversalidades de G\u00eanero, Ra\u00e7a e Acessibilidade na Pol\u00edtica Cultural &amp; Economia Criativa, Trabalho, Renda e Sustentabilidade.<\/li>\n<\/ul>\n<p> O evento \u00e9 realizado pela Prefeitura de Quissam\u00e3, por meio da Secretaria Municipal de Cultura, Patrim\u00f4nio Hist\u00f3rico e Lazer e do Conselho Municipal de Cultura. Entre os objetivos do evento, est\u00e3o: <\/p>\n<ul>\n<li>Discutir a cultura com \u00eanfase na constru\u00e7\u00e3o de pol\u00edticas transversais em n\u00edvel local, regional e nacional, nos seus aspectos da mem\u00f3ria, de produ\u00e7\u00e3o simb\u00f3lica, da gest\u00e3o, da participa\u00e7\u00e3o social e da plena cidadania; <\/li>\n<li>Promover o debate entre artistas, produtores, conselheiros, gestores, investidores e demais agentes da cultura, valorizando a diversidade das express\u00f5es e o pluralismo das opini\u00f5es<\/li>\n<li>Debater a tem\u00e1tica e constituir etapa preparat\u00f3ria da 5\u00aa Confer\u00eancia Estadual de Cultura, e da 4\u00aa Confer\u00eancia Nacional de Cultura.<\/li>\n<\/ul>\n<p> \u201cA Confer\u00eancia vai oportunizar discuss\u00f5es de temas de interesse local e interesse nacional, uma vez que culminar\u00e1 na formula\u00e7\u00e3o de propostas que ser\u00e3o levadas para a etapa estadual e, posteriormente para a etapa nacional, por meio dos delegados que ser\u00e3o eleitos durante a mesma\u201d, explica Renata Queiros, presidente da Comiss\u00e3o da 4\u00aa Confer\u00eancia Municipal de Cultura. <\/p>\n<ul>\n<li> <a href=\"https:\/\/g1.globo.com\/rj\/norte-fluminense\/cidade\/quissama\/\" class=\"entities__list-itemLink\" data-track-click=\"Quissam\u00e3\"> Quissam\u00e3 <\/a> <\/li>\n<\/ul>\n","protected":false},"excerpt":{"rendered":"<p>A 4\u00aa Confer\u00eancia de Cultura em Quissam\u00e3, no Norte Fluminense, ser\u00e1 realizada no dia 4 de outubro e vai discutir o tema &quot;Democracia e Direito \u00e0 Cultura&quot;. O evento abre oportunidade para agentes de cultura do munic\u00edpio debaterem, juntos, pol\u00edticas p\u00fablicas para o setor. A Confer\u00eancia ser\u00e1 realizada no audit\u00f3rio da Prefeitura. Ser\u00e3o trabalhados dois [&hellip;]<\/p>\n","protected":false},"author":1,"featured_media":0,"comment_status":"closed","ping_status":"closed","sticky":false,"template":"","format":"standard","meta":{"footnotes":""},"categories":[],"tags":[],"class_list":["post-53410","post","type-post","status-publish","format-standard","hentry"],"_links":{"self":[{"href":"https:\/\/blog.corretoraideal.com.br\/index.php\/wp-json\/wp\/v2\/posts\/53410","targetHints":{"allow":["GET"]}}],"collection":[{"href":"https:\/\/blog.corretoraideal.com.br\/index.php\/wp-json\/wp\/v2\/posts"}],"about":[{"href":"https:\/\/blog.corretoraideal.com.br\/index.php\/wp-json\/wp\/v2\/types\/post"}],"author":[{"embeddable":true,"href":"https:\/\/blog.corretoraideal.com.br\/index.php\/wp-json\/wp\/v2\/users\/1"}],"replies":[{"embeddable":true,"href":"https:\/\/blog.corretoraideal.com.br\/index.php\/wp-json\/wp\/v2\/comments?post=53410"}],"version-history":[{"count":1,"href":"https:\/\/blog.corretoraideal.com.br\/index.php\/wp-json\/wp\/v2\/posts\/53410\/revisions"}],"predecessor-version":[{"id":53412,"href":"https:\/\/blog.corretoraideal.com.br\/index.php\/wp-json\/wp\/v2\/posts\/53410\/revisions\/53412"}],"wp:attachment":[{"href":"https:\/\/blog.corretoraideal.com.br\/index.php\/wp-json\/wp\/v2\/media?parent=53410"}],"wp:term":[{"taxonomy":"category","embeddable":true,"href":"https:\/\/blog.corretoraideal.com.br\/index.php\/wp-json\/wp\/v2\/categories?post=53410"},{"taxonomy":"post_tag","embeddable":true,"href":"https:\/\/blog.corretoraideal.com.br\/index.php\/wp-json\/wp\/v2\/tags?post=53410"}],"curies":[{"name":"wp","href":"https:\/\/api.w.org\/{rel}","templated":true}]}}