{"id":53419,"date":"2023-09-27T04:41:48","date_gmt":"2023-09-27T04:41:48","guid":{"rendered":"https:\/\/blog.corretoraideal.com.br\/?p=53419"},"modified":"2023-09-27T04:41:48","modified_gmt":"2023-09-27T04:41:48","slug":"lula-encontra-roberto-campos-neto-em-sinal-de-maturidade-institucional-blog-ana-flor-g1","status":"publish","type":"post","link":"https:\/\/blog.corretoraideal.com.br\/index.php\/2023\/09\/27\/lula-encontra-roberto-campos-neto-em-sinal-de-maturidade-institucional-blog-ana-flor-g1\/","title":{"rendered":"Lula encontra Roberto Campos Neto em sinal de maturidade institucional | Blog Ana Flor | G1"},"content":{"rendered":"\n<p> Depois de meses de \u00e1rduo trabalho de mediadores e um ponto percentual de juros a menos, o presidente Lula aceitou receber Roberto Campos Neto, que preside o Banco Central desde 2018 e tem mandato at\u00e9 o fim do pr\u00f3ximo ano. <\/p>\n<p> O encontro ocorre nesta quarta-feira (27) e ser\u00e1 o primeiro entre os dois no Pal\u00e1cio do Planalto e desde que Lula assumiu a Presid\u00eancia da Rep\u00fablica. <\/p>\n<p> Dois dias antes de tomar posse, em dezembro do ano passado, Lula se reuniu com Campos Neto. Segundo assessores, n\u00e3o foi um bom encontro. Sob a desconfian\u00e7a de um nome indicado por seu antecessor, Jair Bolsonaro, uma taxa de juros alta, mas, em especial, pela perda de autonomia sobre quem comandaria o Banco Central durante seu mandato, a conversa foi seca. <\/p>\n<p> Nos meses seguintes, Lula atacou Campos Neto, chegou a cham\u00e1-lo de \u201ceste cidad\u00e3o\u201d, de \u201ctinhoso\u201d e de \u201cteimoso\u201d, cr\u00edticas que se espalharam por apoiadores e ministros do presidente. <\/p>\n<p> A situa\u00e7\u00e3o amainou com o in\u00edcio da queda de juros, em agosto, e pela perspectiva de uma sequ\u00eancia de quedas nas pr\u00f3ximas reuni\u00f5es do Copom, hoje com dois diretores indicados de Lula. At\u00e9 o fim do ano, mais dois diretores terminam seu mandato e ser\u00e3o substitu\u00eddos por nomes indicados por Lula. <\/p>\n<p> Campos Neto, que chegou a mandar sinais para ser recebido por Lula, reclamou a pessoas pr\u00f3ximas por saber dos nomes cotados para a diretoria do BC pela imprensa. O principal intermedi\u00e1rio do encontro desta quarta foi o ministro da Fazenda, Fernando Haddad, que em muitos momentos atuou como bombeiro. <\/p>\n<p> O principal sinal que se pode tirar da reuni\u00e3o desta quarta, mesmo antes de ela acontecer, \u00e9 o de maturidade institucional. <\/p>\n<ul>\n<li> <a href=\"https:\/\/g1.globo.com\/tudo-sobre\/luiz-inacio-lula-da-silva\/\" class=\"entities__list-itemLink\" data-track-click=\"Luiz In\u00e1cio Lula da Silva\"> Luiz In\u00e1cio Lula da Silva <\/a> <\/li>\n<\/ul>\n","protected":false},"excerpt":{"rendered":"<p>Depois de meses de \u00e1rduo trabalho de mediadores e um ponto percentual de juros a menos, o presidente Lula aceitou receber Roberto Campos Neto, que preside o Banco Central desde 2018 e tem mandato at\u00e9 o fim do pr\u00f3ximo ano. O encontro ocorre nesta quarta-feira (27) e ser\u00e1 o primeiro entre os dois no Pal\u00e1cio [&hellip;]<\/p>\n","protected":false},"author":1,"featured_media":0,"comment_status":"closed","ping_status":"closed","sticky":false,"template":"","format":"standard","meta":{"footnotes":""},"categories":[],"tags":[],"class_list":["post-53419","post","type-post","status-publish","format-standard","hentry"],"_links":{"self":[{"href":"https:\/\/blog.corretoraideal.com.br\/index.php\/wp-json\/wp\/v2\/posts\/53419","targetHints":{"allow":["GET"]}}],"collection":[{"href":"https:\/\/blog.corretoraideal.com.br\/index.php\/wp-json\/wp\/v2\/posts"}],"about":[{"href":"https:\/\/blog.corretoraideal.com.br\/index.php\/wp-json\/wp\/v2\/types\/post"}],"author":[{"embeddable":true,"href":"https:\/\/blog.corretoraideal.com.br\/index.php\/wp-json\/wp\/v2\/users\/1"}],"replies":[{"embeddable":true,"href":"https:\/\/blog.corretoraideal.com.br\/index.php\/wp-json\/wp\/v2\/comments?post=53419"}],"version-history":[{"count":1,"href":"https:\/\/blog.corretoraideal.com.br\/index.php\/wp-json\/wp\/v2\/posts\/53419\/revisions"}],"predecessor-version":[{"id":53421,"href":"https:\/\/blog.corretoraideal.com.br\/index.php\/wp-json\/wp\/v2\/posts\/53419\/revisions\/53421"}],"wp:attachment":[{"href":"https:\/\/blog.corretoraideal.com.br\/index.php\/wp-json\/wp\/v2\/media?parent=53419"}],"wp:term":[{"taxonomy":"category","embeddable":true,"href":"https:\/\/blog.corretoraideal.com.br\/index.php\/wp-json\/wp\/v2\/categories?post=53419"},{"taxonomy":"post_tag","embeddable":true,"href":"https:\/\/blog.corretoraideal.com.br\/index.php\/wp-json\/wp\/v2\/tags?post=53419"}],"curies":[{"name":"wp","href":"https:\/\/api.w.org\/{rel}","templated":true}]}}