{"id":53429,"date":"2023-09-27T07:36:08","date_gmt":"2023-09-27T07:36:08","guid":{"rendered":"https:\/\/blog.corretoraideal.com.br\/?p=53429"},"modified":"2023-09-27T07:36:08","modified_gmt":"2023-09-27T07:36:08","slug":"confira-as-vagas-de-emprego-disponiveis-esta-semana-em-campos-macae-e-itaperuna-norte-fluminense-g1-7","status":"publish","type":"post","link":"https:\/\/blog.corretoraideal.com.br\/index.php\/2023\/09\/27\/confira-as-vagas-de-emprego-disponiveis-esta-semana-em-campos-macae-e-itaperuna-norte-fluminense-g1-7\/","title":{"rendered":"Confira as vagas de emprego dispon\u00edveis esta semana em Campos, Maca\u00e9 e Itaperuna | Norte Fluminense | G1"},"content":{"rendered":"\n<p> As prefeituras de <a class href=\"https:\/\/g1.globo.com\/rj\/norte-fluminense\/cidade\/campos-dos-goytacazes\/\">Campos dos Goytacazes<\/a>, <a class href=\"https:\/\/g1.globo.com\/rj\/regiao-dos-lagos\/cidade\/macae\/\">Maca\u00e9<\/a> e <a class href=\"https:\/\/g1.globo.com\/rj\/norte-fluminense\/cidade\/itaperuna\/\">Itaperuna<\/a> divulgaram as vagas de emprego disponibilizadas para as regi\u00f5es Norte e Noroeste do Estado do Rio. <\/p>\n<p> As oportunidades s\u00e3o atualizadas diariamente e h\u00e1 vagas para todos os n\u00edveis de escolaridade. <\/p>\n<p> Em Campos, s\u00e3o 168 vagas em diferentes \u00e1reas, entre elas: <\/p>\n<ul>\n<li>Vendedor<\/li>\n<li>Constru\u00e7\u00e3o civil<\/li>\n<li>Servente<\/li>\n<li>Usina solar<\/li>\n<li>Consultor de im\u00f3veis<\/li>\n<li>A\u00e7ougueiro<\/li>\n<li>Gar\u00e7om<\/li>\n<li>Farmac\u00eautico<\/li>\n<li>Motorista de caminh\u00e3o<\/li>\n<li>H\u00e1 tamb\u00e9m duas oportunidades para pessoas com defici\u00eancia, sendo uma com ensino m\u00e9dio para atuar como auxiliar administrativo e outra com ensino fundamental para servi\u00e7os gerais.<\/li>\n<\/ul>\n<p> Em Maca\u00e9 tamb\u00e9m s\u00e3o muitas oportunidades, como por exemplo: <\/p>\n<ul>\n<li>Motorista de caminh\u00e3o carreta<\/li>\n<li>Auxiliar de cozinha<\/li>\n<li>Vendedor<\/li>\n<li>Atendente de oficina mec\u00e2nica<\/li>\n<li>M\u00e9dico do trabalho<\/li>\n<li>Auxiliar de refrigera\u00e7\u00e3o<\/li>\n<li>Supervisor comercial<\/li>\n<li>Soldador<\/li>\n<li>Supervisor comercial<\/li>\n<li>Soldador<\/li>\n<\/ul>\n<p> J\u00e1 em Itaperuna, no Noroeste, as vagas s\u00e3o para: <\/p>\n<ul>\n<li> Pedreiro com experi\u00eancia<\/li>\n<li>Vendedor externo<\/li>\n<li>Servi\u00e7os gerais com habilita\u00e7\u00e3o <\/li>\n<\/ul>\n<p> Os interessados nas oportunidades podem entrar em contato com os \u00f3rg\u00e3os atrav\u00e9s dos sites: <\/p>\n<p> <strong>Em Maca\u00e9<\/strong> &#8211; <a class href=\"https:\/\/sistemas.macae.rj.gov.br:84\/trabalhoerenda\/index\/mural\" target=\"_blank\" rel=\"noopener noreferrer\">https:\/\/sistemas.macae.rj.gov.br:84\/trabalhoerenda\/index\/mural<\/a> <\/p>\n<p> <strong>Em Campos dos Goytacazes<\/strong> &#8211; <a class href=\"https:\/\/sistemas.campos.rj.gov.br\/sgbemp\/vagas\" target=\"_blank\" rel=\"noopener noreferrer\">https:\/\/sistemas.campos.rj.gov.br\/sgbemp\/vagas<\/a> <\/p>\n<p> <strong>Em Itaperuna<\/strong> &#8211; Pelo e-mail acessuastrabalhoitaperuna@gmail.com <\/p>\n<p> Lembrando que, em Itaperuna, quem n\u00e3o tem curr\u00edculo pode comparecer pessoalmente ao Acessuas &#8211; Acesso ao Mundo do Trabalho, na Rua S\u00e3o Jos\u00e9, 104, no Centro de Itaperuna, munido com a identidade, CPF, comprovante de resid\u00eancia e carteira de trabalho (caso tenha), das 9h \u00e0s 16h, de segunda a sexta-feira. O local n\u00e3o fecha para almo\u00e7o. <\/p>\n<ul>\n<li> <a href=\"https:\/\/g1.globo.com\/rj\/norte-fluminense\/cidade\/campos-dos-goytacazes\/\" class=\"entities__list-itemLink\" data-track-click=\"Campos dos Goytacazes\"> Campos dos Goytacazes <\/a> <\/li>\n<li> <a href=\"https:\/\/g1.globo.com\/rj\/norte-fluminense\/cidade\/itaperuna\/\" class=\"entities__list-itemLink\" data-track-click=\"Itaperuna\"> Itaperuna <\/a> <\/li>\n<li> <a href=\"https:\/\/g1.globo.com\/rj\/regiao-dos-lagos\/cidade\/macae\/\" class=\"entities__list-itemLink\" data-track-click=\"Maca\u00e9\"> Maca\u00e9 <\/a> <\/li>\n<\/ul>\n","protected":false},"excerpt":{"rendered":"<p>As prefeituras de Campos dos Goytacazes, Maca\u00e9 e Itaperuna divulgaram as vagas de emprego disponibilizadas para as regi\u00f5es Norte e Noroeste do Estado do Rio. As oportunidades s\u00e3o atualizadas diariamente e h\u00e1 vagas para todos os n\u00edveis de escolaridade. Em Campos, s\u00e3o 168 vagas em diferentes \u00e1reas, entre elas: Vendedor Constru\u00e7\u00e3o civil Servente Usina solar [&hellip;]<\/p>\n","protected":false},"author":1,"featured_media":0,"comment_status":"closed","ping_status":"closed","sticky":false,"template":"","format":"standard","meta":{"footnotes":""},"categories":[],"tags":[],"class_list":["post-53429","post","type-post","status-publish","format-standard","hentry"],"_links":{"self":[{"href":"https:\/\/blog.corretoraideal.com.br\/index.php\/wp-json\/wp\/v2\/posts\/53429","targetHints":{"allow":["GET"]}}],"collection":[{"href":"https:\/\/blog.corretoraideal.com.br\/index.php\/wp-json\/wp\/v2\/posts"}],"about":[{"href":"https:\/\/blog.corretoraideal.com.br\/index.php\/wp-json\/wp\/v2\/types\/post"}],"author":[{"embeddable":true,"href":"https:\/\/blog.corretoraideal.com.br\/index.php\/wp-json\/wp\/v2\/users\/1"}],"replies":[{"embeddable":true,"href":"https:\/\/blog.corretoraideal.com.br\/index.php\/wp-json\/wp\/v2\/comments?post=53429"}],"version-history":[{"count":1,"href":"https:\/\/blog.corretoraideal.com.br\/index.php\/wp-json\/wp\/v2\/posts\/53429\/revisions"}],"predecessor-version":[{"id":53431,"href":"https:\/\/blog.corretoraideal.com.br\/index.php\/wp-json\/wp\/v2\/posts\/53429\/revisions\/53431"}],"wp:attachment":[{"href":"https:\/\/blog.corretoraideal.com.br\/index.php\/wp-json\/wp\/v2\/media?parent=53429"}],"wp:term":[{"taxonomy":"category","embeddable":true,"href":"https:\/\/blog.corretoraideal.com.br\/index.php\/wp-json\/wp\/v2\/categories?post=53429"},{"taxonomy":"post_tag","embeddable":true,"href":"https:\/\/blog.corretoraideal.com.br\/index.php\/wp-json\/wp\/v2\/tags?post=53429"}],"curies":[{"name":"wp","href":"https:\/\/api.w.org\/{rel}","templated":true}]}}